{"id":6525,"date":"2025-04-21T19:47:58","date_gmt":"2025-04-22T00:47:58","guid":{"rendered":"https:\/\/pornuestrolaredo.com\/?p=6525"},"modified":"2025-04-21T19:47:58","modified_gmt":"2025-04-22T00:47:58","slug":"francisco-el-papa-que-fue-fiel-hasta-el-ultimo-minuto","status":"publish","type":"post","link":"https:\/\/pornuestrolaredo.com\/?p=6525","title":{"rendered":"Francisco, el Papa que fue fiel hasta el \u00faltimo minuto"},"content":{"rendered":"<p><strong>CIUDAD DEL VATICANO<\/strong>.- Francisco, el primer pont\u00edfice latinoamericano de la historia, que cautiv\u00f3 al mundo con su estilo humilde y su preocupaci\u00f3n por los pobres mientras incomod\u00f3 al sector conservador con sus cr\u00edticas al capitalismo y al cambio clim\u00e1tico, pareci\u00f3 desde despedirse de los fieles cat\u00f3licos desde la  plaza de San Pedro.<\/p>\n<p>Hizo su \u00faltima aparici\u00f3n p\u00fablica el Domingo de Resurrecci\u00f3n \u2014un d\u00eda antes de su muerte\u2014 para bendecir a miles de personas en la plaza de San Pedro, lo que provoc\u00f3 v\u00edtores y aplausos entusiastas. Antes se reuni\u00f3 brevemente con el vicepresidente estadounidense JD Vance.<\/p>\n<p>Francisco ofreci\u00f3 la bendici\u00f3n desde la misma logia donde fue presentado al mundo el 13 de marzo de 2013 como el 266to papa.<\/p>\n<p>Desde su primer saludo como papa \u2014un casual \u201cBuonasera\u201d (\u201cBuenas noches\u201d)\u2014 hasta su acogida a los refugiados y los oprimidos, Francisco marc\u00f3 un tono diferente en su papado, enfatizando la humildad sobre la soberbia en una Iglesia cat\u00f3lica asolada por el esc\u00e1ndalo y la indiferencia.<\/p>\n<p>El argentino Jorge Mario Bergoglio trajo una bocanada de aire fresco a una instituci\u00f3n de 2.000 a\u00f1os de antig\u00fcedad que hab\u00eda visto decaer su influencia durante el problem\u00e1tico pontificado de Benedicto XVI, cuya sorpresiva renuncia llev\u00f3 a la elecci\u00f3n de Francisco.<\/p>\n<p>Sin embargo, el nuevo papa no tard\u00f3 en hacerse de problemas propios, y los conservadores se molestaron cada vez m\u00e1s con su tendencia progresista, su acercamiento a los cat\u00f3licos de la comunidad LGBTQ+ y su postura contra los tradicionalistas. Su mayor reto se present\u00f3 en 2018, tras el mal manejo de un pol\u00e9mico caso de abuso sexual clerical en Chile, y el esc\u00e1ndalo que se hab\u00eda gestado con sus predecesores estall\u00f3 nuevamente.<\/p>\n<p>Luego, el papa trotamundos, a quien las multitudes amaban, tuvo que lidiar con una realidad sin precedentes al liderar una religi\u00f3n universal durante la pandemia de coronavirus desde una Ciudad del Vaticano confinada.<\/p>\n<blockquote><p>Nos dimos cuenta de que est\u00e1bamos en la misma barca, todos fr\u00e1giles y desorientados\u201d, dijo Francisco en una Plaza de San Pedro vac\u00eda durante una oraci\u00f3n solitaria en marzo de 2020. En paralelo, subray\u00f3 que la pandemia tambi\u00e9n pon\u00eda a \u201ctodos llamados a remar juntos, todos necesitados de confortarnos mutuamente\u201d.<\/p><\/blockquote>\n<p>El lunes, mandatarios de todo el mundo elogiaron el compromiso de Francisco con los marginados. El presidente franc\u00e9s Emmanuel Macron, cuyo pa\u00eds es mayoritariamente cat\u00f3lico, escribi\u00f3 en X: \u201cDesde Buenos Aires hasta Roma, el papa Francisco quiso que la Iglesia llevara alegr\u00eda y esperanza a los m\u00e1s pobres&#8230; Que esta esperanza lo sobreviva para siempre\u201d.<\/p>\n<p>Las banderas ondearon a media asta en Italia, y las multitudes se reunieron en la plaza de San Pedro. Cuando las enormes campanas de la Bas\u00edlica de San Pedro comenzaron a sonar, los turistas se detuvieron en seco para grabar el momento en sus tel\u00e9fonos.<\/p>\n<p>Johann Xavier, quien viaj\u00f3 desde Australia, esperaba ver al papa durante su visita. \u201cPero luego nos enteramos cuando llegamos aqu\u00ed. Nos devast\u00f3 a todos\u201d, dijo.<\/p>\n<p>La muerte da inicio a un proceso de varias semanas para permitir que los fieles presenten sus \u00faltimos respetos, primero para los funcionarios del Vaticano en la capilla de Santa Marta y luego en San Pedro para el p\u00fablico en general, seguido de un funeral y un c\u00f3nclave para elegir un nuevo papa.<\/p>\n<p>Al caer la tarde del lunes, el Vaticano celebr\u00f3 un rezo del Rosario en la plaza de San Pedro en su primera conmemoraci\u00f3n p\u00fablica.<\/p>\n<p>En su testamento final, Francisco confirm\u00f3 que ser\u00e1 enterrado en la Bas\u00edlica de Santa Mar\u00eda la Mayor en una sencilla tumba subterr\u00e1nea con s\u00f3lo \u201cFranciscus\u201d escrito en ella. La bas\u00edlica, que se encuentra fuera del Vaticano, alberga el icono favorito de Francisco de la Virgen Mar\u00eda, a quien Francisco era particularmente devoto.<\/p>\n","protected":false},"excerpt":{"rendered":"<p>El domingo, un d\u00eda antes de su fallecimiento, hizo su \u00faltima aparici\u00f3n p\u00fablica para bendecir a miles de personas en la plaza de San Pedro<\/p>\n","protected":false},"author":1,"featured_media":6526,"comment_status":"closed","ping_status":"closed","sticky":false,"template":"","format":"standard","meta":{"_crdt_document":"","_jetpack_memberships_contains_paid_content":false,"footnotes":"","jetpack_publicize_message":"","jetpack_publicize_feature_enabled":true,"jetpack_social_post_already_shared":true,"jetpack_social_options":{"image_generator_settings":{"template":"highway","default_image_id":0,"font":"","enabled":false},"version":2},"_wpas_customize_per_network":false},"categories":[9],"tags":[],"class_list":["post-6525","post","type-post","status-publish","format-standard","has-post-thumbnail","hentry","category-el-mundo"],"magazineBlocksPostFeaturedMedia":{"thumbnail":"https:\/\/pornuestrolaredo.com\/wp-content\/uploads\/2025\/04\/PNL-20250421-1-150x150.jpg","medium":"https:\/\/pornuestrolaredo.com\/wp-content\/uploads\/2025\/04\/PNL-20250421-1-300x200.jpg","medium_large":"https:\/\/pornuestrolaredo.com\/wp-content\/uploads\/2025\/04\/PNL-20250421-1-768x512.jpg","large":"https:\/\/pornuestrolaredo.com\/wp-content\/uploads\/2025\/04\/PNL-20250421-1.jpg","1536x1536":"https:\/\/pornuestrolaredo.com\/wp-content\/uploads\/2025\/04\/PNL-20250421-1.jpg","2048x2048":"https:\/\/pornuestrolaredo.com\/wp-content\/uploads\/2025\/04\/PNL-20250421-1.jpg","morenews-large":"https:\/\/pornuestrolaredo.com\/wp-content\/uploads\/2025\/04\/PNL-20250421-1.jpg","morenews-medium":"https:\/\/pornuestrolaredo.com\/wp-content\/uploads\/2025\/04\/PNL-20250421-1.jpg"},"magazineBlocksPostAuthor":{"name":"Redactor","avatar":"https:\/\/pornuestrolaredo.com\/wp-content\/litespeed\/avatar\/dca1d7ec750c399f025f23b0b314f4cf.jpg?ver=1777612120"},"magazineBlocksPostCommentsNumber":false,"magazineBlocksPostExcerpt":"El domingo, un d\u00eda antes de su fallecimiento, hizo su \u00faltima aparici\u00f3n p\u00fablica para bendecir a miles de personas en la plaza de San Pedro","magazineBlocksPostCategories":["El Mundo"],"magazineBlocksPostViewCount":95,"magazineBlocksPostReadTime":4,"magazine_blocks_featured_image_url":{"full":["https:\/\/pornuestrolaredo.com\/wp-content\/uploads\/2025\/04\/PNL-20250421-1.jpg",850,567,false],"medium":["https:\/\/pornuestrolaredo.com\/wp-content\/uploads\/2025\/04\/PNL-20250421-1-300x200.jpg",300,200,true],"thumbnail":["https:\/\/pornuestrolaredo.com\/wp-content\/uploads\/2025\/04\/PNL-20250421-1-150x150.jpg",150,150,true]},"magazine_blocks_author":{"display_name":"Redactor","author_link":"https:\/\/pornuestrolaredo.com\/?author=1"},"magazine_blocks_comment":0,"magazine_blocks_author_image":"https:\/\/pornuestrolaredo.com\/wp-content\/litespeed\/avatar\/dca1d7ec750c399f025f23b0b314f4cf.jpg?ver=1777612120","magazine_blocks_category":"<a href=\"#\" class=\"category-link category-link-9\">El Mundo<\/a>","jetpack_publicize_connections":[],"featured_image_urls":{"full":["https:\/\/pornuestrolaredo.com\/wp-content\/uploads\/2025\/04\/PNL-20250421-1.jpg",850,567,false],"thumbnail":["https:\/\/pornuestrolaredo.com\/wp-content\/uploads\/2025\/04\/PNL-20250421-1-150x150.jpg",150,150,true],"medium":["https:\/\/pornuestrolaredo.com\/wp-content\/uploads\/2025\/04\/PNL-20250421-1-300x200.jpg",300,200,true],"medium_large":["https:\/\/pornuestrolaredo.com\/wp-content\/uploads\/2025\/04\/PNL-20250421-1-768x512.jpg",640,427,true],"large":["https:\/\/pornuestrolaredo.com\/wp-content\/uploads\/2025\/04\/PNL-20250421-1.jpg",640,427,false],"1536x1536":["https:\/\/pornuestrolaredo.com\/wp-content\/uploads\/2025\/04\/PNL-20250421-1.jpg",850,567,false],"2048x2048":["https:\/\/pornuestrolaredo.com\/wp-content\/uploads\/2025\/04\/PNL-20250421-1.jpg",850,567,false],"morenews-large":["https:\/\/pornuestrolaredo.com\/wp-content\/uploads\/2025\/04\/PNL-20250421-1.jpg",825,550,false],"morenews-medium":["https:\/\/pornuestrolaredo.com\/wp-content\/uploads\/2025\/04\/PNL-20250421-1.jpg",590,394,false]},"author_info":{"info":["Redactor"]},"category_info":"<a href=\"https:\/\/pornuestrolaredo.com\/?cat=9\" rel=\"category\">El Mundo<\/a>","tag_info":"El Mundo","comment_count":"0","jetpack_featured_media_url":"https:\/\/pornuestrolaredo.com\/wp-content\/uploads\/2025\/04\/PNL-20250421-1.jpg","jetpack_sharing_enabled":true,"_links":{"self":[{"href":"https:\/\/pornuestrolaredo.com\/index.php?rest_route=\/wp\/v2\/posts\/6525","targetHints":{"allow":["GET"]}}],"collection":[{"href":"https:\/\/pornuestrolaredo.com\/index.php?rest_route=\/wp\/v2\/posts"}],"about":[{"href":"https:\/\/pornuestrolaredo.com\/index.php?rest_route=\/wp\/v2\/types\/post"}],"author":[{"embeddable":true,"href":"https:\/\/pornuestrolaredo.com\/index.php?rest_route=\/wp\/v2\/users\/1"}],"replies":[{"embeddable":true,"href":"https:\/\/pornuestrolaredo.com\/index.php?rest_route=%2Fwp%2Fv2%2Fcomments&post=6525"}],"version-history":[{"count":1,"href":"https:\/\/pornuestrolaredo.com\/index.php?rest_route=\/wp\/v2\/posts\/6525\/revisions"}],"predecessor-version":[{"id":6527,"href":"https:\/\/pornuestrolaredo.com\/index.php?rest_route=\/wp\/v2\/posts\/6525\/revisions\/6527"}],"wp:featuredmedia":[{"embeddable":true,"href":"https:\/\/pornuestrolaredo.com\/index.php?rest_route=\/wp\/v2\/media\/6526"}],"wp:attachment":[{"href":"https:\/\/pornuestrolaredo.com\/index.php?rest_route=%2Fwp%2Fv2%2Fmedia&parent=6525"}],"wp:term":[{"taxonomy":"category","embeddable":true,"href":"https:\/\/pornuestrolaredo.com\/index.php?rest_route=%2Fwp%2Fv2%2Fcategories&post=6525"},{"taxonomy":"post_tag","embeddable":true,"href":"https:\/\/pornuestrolaredo.com\/index.php?rest_route=%2Fwp%2Fv2%2Ftags&post=6525"}],"curies":[{"name":"wp","href":"https:\/\/api.w.org\/{rel}","templated":true}]}}