{"id":6531,"date":"2025-04-22T14:42:36","date_gmt":"2025-04-22T19:42:36","guid":{"rendered":"https:\/\/pornuestrolaredo.com\/?p=6531"},"modified":"2025-04-22T14:42:36","modified_gmt":"2025-04-22T19:42:36","slug":"sera-el-sabado-funeral-del-papa-francisco","status":"publish","type":"post","link":"https:\/\/pornuestrolaredo.com\/?p=6531","title":{"rendered":"Ser\u00e1 el s\u00e1bado, funeral del Papa Francisco"},"content":{"rendered":"<p><strong>CIUDAD DEL VATICANO.- <\/strong>El papa Francisco ser\u00e1 sepultado el s\u00e1bado despu\u00e9s de estar en capilla ardiente durante tres d\u00edas en la bas\u00edlica de San Pedro, donde se espera que los fieles acudan en masa para rendir homenaje al primer pont\u00edfice latinoamericano de la historia.<\/p>\n<p>Los cardenales se reunieron el martes en la sala del s\u00ednodo del Vaticano para trazar los pr\u00f3ximos pasos antes de que comience un c\u00f3nclave para elegir al sucesor de Francisco, mientras llegaban condolencias de todo el mundo. Seg\u00fan las normas actuales, el c\u00f3nclave debe comenzar entre el 5 y el 10 de mayo.<\/p>\n<p>El funeral se program\u00f3 para el s\u00e1bado a las 10 de la ma\u00f1ana en la Plaza de San Pedro, oficiado por el decano del Colegio de Cardenales, el cardenal Giovanni Battista Re. El presidente estadounidense Donald Trump ha anunciado que \u00e9l y la primera dama Melania Trump planean asistir al funeral del s\u00e1bado. Tambi\u00e9n se espera al presidente argentino, Javier Milei.<\/p>\n<p>El papa argentino falleci\u00f3 el lunes a los 88 a\u00f1os tras sufrir un derrame cerebral que lo dej\u00f3 en coma y provoc\u00f3 un paro card\u00edaco. Se estaba recuperando en su apartamento despu\u00e9s de haber sido hospitalizado durante cinco semanas por una neumon\u00eda. Hizo su \u00faltima aparici\u00f3n p\u00fablica el domingo, cuando ofreci\u00f3 una bendici\u00f3n de Pascua y dio el que ser\u00eda su \u00faltimo saludo a los feligreses desde su papam\u00f3vil, dando vueltas por la Plaza de San Pedro.<\/p>\n<p>En retrospectiva, su aparici\u00f3n de Pascua desde la misma logia donde fue presentado al mundo como el primer papa de Am\u00e9rica el 13 de marzo de 2013 fue un cierre perfecto para un papado de 12 a\u00f1os que busc\u00f3 revolucionar a la Iglesia y devolverla a su misi\u00f3n evang\u00e9lica de cuidar a los m\u00e1s pobres.<\/p>\n<blockquote><p>Se entreg\u00f3 hasta el final\u201d, dijo la hermana Nathalie Becquart, una de las mujeres de m\u00e1s alto rango en el Vaticano.<\/p><\/blockquote>\n<p>Mientras que los fieles corrientes tendr\u00e1n la oportunidad de presentar sus respetos a partir del mi\u00e9rcoles, los funcionarios del Vaticano pudieron despedirse desde el lunes por la noche. Hablando con periodistas despu\u00e9s de presentar sus respetos, Becquart se maravill\u00f3 del \u00faltimo saludo de Pascua de Francisco a su reba\u00f1o. \u201cRealmente camin\u00f3 con su gente\u201d, indic\u00f3.<\/p>\n<p>El cardenal italiano Gianfranco Ravasi declar\u00f3 que precisamente el esfuerzo de Francisco por promover el papel de las mujeres en la Iglesia ser\u00e1 uno de sus mayores legados. A\u00f1adi\u00f3 que Francisco eligi\u00f3 ser enterrado cerca de su icono favorito de la Virgen, en una bas\u00edlica al otro lado de la ciudad, y no en las grutas debajo de la Plaza de San Pedro, como es habitual para los papas.<\/p>\n<blockquote><p>Quiso ser enterrado bajo la sombra de una mujer, en este caso Mar\u00eda\u201d, sostuvo Ravasi, exministro de cultura del Vaticano, al llegar a la primera reuni\u00f3n de cardenales del martes. \u201cEso es significativo, su deseo de que la Iglesia haga m\u00e1s por las mujeres\u201d.<\/p><\/blockquote>\n<p>El martes se publicaron las primeras im\u00e1genes de Francisco, que lo mostraban en un ata\u00fad de madera, con vestimentas rojas y su mitra de obispo, mientras el secretario de Estado del Vaticano rezaba sobre \u00e9l en la capilla del hotel Domus Santa Marta, donde viv\u00eda y muri\u00f3.<\/p>\n<p>En su testamento final, Francisco confirm\u00f3 que ser\u00eda enterrado en la bas\u00edlica de Santa Mar\u00eda la Mayor, que alberga el icono Salus Populi Romani de Mar\u00eda. Antes y despu\u00e9s de cada viaje al extranjero, Francisco iba a la bas\u00edlica para rezar ante la pintura de estilo bizantino que presenta una imagen de Mar\u00eda, vestida con un manto azul y con el ni\u00f1o Jes\u00fas en brazos, quien a su vez sostiene un libro dorado con joyas.<\/p>\n<p>Francisco se detuvo en la bas\u00edlica de camino a casa desde el hospital Gemelli el 23 de marzo, despu\u00e9s de su estancia hospitalaria de 38 d\u00edas, para entregar flores que se colocaron ante el icono. Regres\u00f3 el 12 de abril para rezar ante la Madonna por \u00faltima vez.<\/p>\n","protected":false},"excerpt":{"rendered":"<p>Estar\u00e1 en capilla ardiente durante tres d\u00edas en la bas\u00edlica de San Pedro, donde se espera que los fieles acudan en masa<\/p>\n","protected":false},"author":1,"featured_media":6532,"comment_status":"closed","ping_status":"closed","sticky":false,"template":"","format":"standard","meta":{"_crdt_document":"","_jetpack_memberships_contains_paid_content":false,"footnotes":"","jetpack_publicize_message":"","jetpack_publicize_feature_enabled":true,"jetpack_social_post_already_shared":true,"jetpack_social_options":{"image_generator_settings":{"template":"highway","default_image_id":0,"font":"","enabled":false},"version":2},"_wpas_customize_per_network":false},"categories":[9],"tags":[],"class_list":["post-6531","post","type-post","status-publish","format-standard","has-post-thumbnail","hentry","category-el-mundo"],"magazineBlocksPostFeaturedMedia":{"thumbnail":"https:\/\/pornuestrolaredo.com\/wp-content\/uploads\/2025\/04\/Stereo91-20250422-1-150x150.jpg","medium":"https:\/\/pornuestrolaredo.com\/wp-content\/uploads\/2025\/04\/Stereo91-20250422-1-300x200.jpg","medium_large":"https:\/\/pornuestrolaredo.com\/wp-content\/uploads\/2025\/04\/Stereo91-20250422-1-768x512.jpg","large":"https:\/\/pornuestrolaredo.com\/wp-content\/uploads\/2025\/04\/Stereo91-20250422-1.jpg","1536x1536":"https:\/\/pornuestrolaredo.com\/wp-content\/uploads\/2025\/04\/Stereo91-20250422-1.jpg","2048x2048":"https:\/\/pornuestrolaredo.com\/wp-content\/uploads\/2025\/04\/Stereo91-20250422-1.jpg","morenews-large":"https:\/\/pornuestrolaredo.com\/wp-content\/uploads\/2025\/04\/Stereo91-20250422-1.jpg","morenews-medium":"https:\/\/pornuestrolaredo.com\/wp-content\/uploads\/2025\/04\/Stereo91-20250422-1.jpg"},"magazineBlocksPostAuthor":{"name":"Redactor","avatar":"https:\/\/pornuestrolaredo.com\/wp-content\/litespeed\/avatar\/dca1d7ec750c399f025f23b0b314f4cf.jpg?ver=1777612120"},"magazineBlocksPostCommentsNumber":false,"magazineBlocksPostExcerpt":"Estar\u00e1 en capilla ardiente durante tres d\u00edas en la bas\u00edlica de San Pedro, donde se espera que los fieles acudan en masa","magazineBlocksPostCategories":["El Mundo"],"magazineBlocksPostViewCount":101,"magazineBlocksPostReadTime":4,"magazine_blocks_featured_image_url":{"full":["https:\/\/pornuestrolaredo.com\/wp-content\/uploads\/2025\/04\/Stereo91-20250422-1.jpg",850,567,false],"medium":["https:\/\/pornuestrolaredo.com\/wp-content\/uploads\/2025\/04\/Stereo91-20250422-1-300x200.jpg",300,200,true],"thumbnail":["https:\/\/pornuestrolaredo.com\/wp-content\/uploads\/2025\/04\/Stereo91-20250422-1-150x150.jpg",150,150,true]},"magazine_blocks_author":{"display_name":"Redactor","author_link":"https:\/\/pornuestrolaredo.com\/?author=1"},"magazine_blocks_comment":0,"magazine_blocks_author_image":"https:\/\/pornuestrolaredo.com\/wp-content\/litespeed\/avatar\/dca1d7ec750c399f025f23b0b314f4cf.jpg?ver=1777612120","magazine_blocks_category":"<a href=\"#\" class=\"category-link category-link-9\">El Mundo<\/a>","jetpack_publicize_connections":[],"featured_image_urls":{"full":["https:\/\/pornuestrolaredo.com\/wp-content\/uploads\/2025\/04\/Stereo91-20250422-1.jpg",850,567,false],"thumbnail":["https:\/\/pornuestrolaredo.com\/wp-content\/uploads\/2025\/04\/Stereo91-20250422-1-150x150.jpg",150,150,true],"medium":["https:\/\/pornuestrolaredo.com\/wp-content\/uploads\/2025\/04\/Stereo91-20250422-1-300x200.jpg",300,200,true],"medium_large":["https:\/\/pornuestrolaredo.com\/wp-content\/uploads\/2025\/04\/Stereo91-20250422-1-768x512.jpg",640,427,true],"large":["https:\/\/pornuestrolaredo.com\/wp-content\/uploads\/2025\/04\/Stereo91-20250422-1.jpg",640,427,false],"1536x1536":["https:\/\/pornuestrolaredo.com\/wp-content\/uploads\/2025\/04\/Stereo91-20250422-1.jpg",850,567,false],"2048x2048":["https:\/\/pornuestrolaredo.com\/wp-content\/uploads\/2025\/04\/Stereo91-20250422-1.jpg",850,567,false],"morenews-large":["https:\/\/pornuestrolaredo.com\/wp-content\/uploads\/2025\/04\/Stereo91-20250422-1.jpg",825,550,false],"morenews-medium":["https:\/\/pornuestrolaredo.com\/wp-content\/uploads\/2025\/04\/Stereo91-20250422-1.jpg",590,394,false]},"author_info":{"info":["Redactor"]},"category_info":"<a href=\"https:\/\/pornuestrolaredo.com\/?cat=9\" rel=\"category\">El Mundo<\/a>","tag_info":"El Mundo","comment_count":"0","jetpack_featured_media_url":"https:\/\/pornuestrolaredo.com\/wp-content\/uploads\/2025\/04\/Stereo91-20250422-1.jpg","jetpack_sharing_enabled":true,"_links":{"self":[{"href":"https:\/\/pornuestrolaredo.com\/index.php?rest_route=\/wp\/v2\/posts\/6531","targetHints":{"allow":["GET"]}}],"collection":[{"href":"https:\/\/pornuestrolaredo.com\/index.php?rest_route=\/wp\/v2\/posts"}],"about":[{"href":"https:\/\/pornuestrolaredo.com\/index.php?rest_route=\/wp\/v2\/types\/post"}],"author":[{"embeddable":true,"href":"https:\/\/pornuestrolaredo.com\/index.php?rest_route=\/wp\/v2\/users\/1"}],"replies":[{"embeddable":true,"href":"https:\/\/pornuestrolaredo.com\/index.php?rest_route=%2Fwp%2Fv2%2Fcomments&post=6531"}],"version-history":[{"count":1,"href":"https:\/\/pornuestrolaredo.com\/index.php?rest_route=\/wp\/v2\/posts\/6531\/revisions"}],"predecessor-version":[{"id":6533,"href":"https:\/\/pornuestrolaredo.com\/index.php?rest_route=\/wp\/v2\/posts\/6531\/revisions\/6533"}],"wp:featuredmedia":[{"embeddable":true,"href":"https:\/\/pornuestrolaredo.com\/index.php?rest_route=\/wp\/v2\/media\/6532"}],"wp:attachment":[{"href":"https:\/\/pornuestrolaredo.com\/index.php?rest_route=%2Fwp%2Fv2%2Fmedia&parent=6531"}],"wp:term":[{"taxonomy":"category","embeddable":true,"href":"https:\/\/pornuestrolaredo.com\/index.php?rest_route=%2Fwp%2Fv2%2Fcategories&post=6531"},{"taxonomy":"post_tag","embeddable":true,"href":"https:\/\/pornuestrolaredo.com\/index.php?rest_route=%2Fwp%2Fv2%2Ftags&post=6531"}],"curies":[{"name":"wp","href":"https:\/\/api.w.org\/{rel}","templated":true}]}}