{"id":6534,"date":"2025-04-22T15:03:25","date_gmt":"2025-04-22T20:03:25","guid":{"rendered":"https:\/\/pornuestrolaredo.com\/?p=6534"},"modified":"2025-04-22T15:03:25","modified_gmt":"2025-04-22T20:03:25","slug":"pide-sheinbaum-bajar-spot-de-eu","status":"publish","type":"post","link":"https:\/\/pornuestrolaredo.com\/?p=6534","title":{"rendered":"Pide Sheinbaum bajar spot de EU"},"content":{"rendered":"<p><strong>CIUDAD DE M\u00c9XICO.-<\/strong> Luego que el gobierno de Estados Unidos contrat\u00f3 la difusi\u00f3n de spots antiinmigrantes en la televisi\u00f3n abierta mexicana, la presidenta Claudia Sheinbaum anunci\u00f3 ayer una reforma a la Ley Federal de Radio y Televisi\u00f3n para prohibir la transmisi\u00f3n de propaganda de gobiernos extranjeros en el pa\u00eds.<\/p>\n<p>Sheinbaum pedir\u00e1 al Congreso reincorporar una disposici\u00f3n abrogada en 2014, en la que se establec\u00eda que los concesionarios y permisionarios de radiodifusi\u00f3n y televisi\u00f3n &#8220;no podr\u00e1n transmitir propaganda pol\u00edtica, ideol\u00f3gica o comercial de gobiernos o entidades extranjeras&#8221;.<\/p>\n<p>La limitante tambi\u00e9n imped\u00eda que medios de comunicaci\u00f3n, que operan con una concesi\u00f3n del Estado mexicano, &#8220;sean utilizados para fines que puedan influir en los asuntos internos del Pa\u00eds&#8221;.<\/p>\n<blockquote><p>Es parte de las reformas que vamos a enviar al Congreso, para que ning\u00fan gobierno extranjero pueda pagar, porque el tema es que est\u00e1n pagando para poder difundir estos anuncios, esta propaganda que tiene un mensaje discriminatorio&#8221;, dijo.<\/p><\/blockquote>\n<p>Ayer, en su ma\u00f1anera, Sheinbaum fue cuestionada sobre la campa\u00f1a de Estados Unidos y que el contenido de los promocionales es discriminatorio.<\/p>\n<p>La campa\u00f1a estadounidense se lanz\u00f3 desde finales de marzo, pero el fin de semana tom\u00f3 relevancia porque se transmiti\u00f3 durante el partido Am\u00e9rica-Mazatl\u00e1n, por el canal 5 de Televisa.<\/p>\n","protected":false},"excerpt":{"rendered":"<p>La presidenta tratar\u00e1 de reformar la Ley Federal de Radio y Televisi\u00f3n para prohibir la transmisi\u00f3n de propaganda de gobiernos extranjeros en el pa\u00eds<\/p>\n","protected":false},"author":1,"featured_media":6535,"comment_status":"closed","ping_status":"closed","sticky":false,"template":"","format":"standard","meta":{"_crdt_document":"","_jetpack_memberships_contains_paid_content":false,"footnotes":"","jetpack_publicize_message":"","jetpack_publicize_feature_enabled":true,"jetpack_social_post_already_shared":true,"jetpack_social_options":{"image_generator_settings":{"template":"highway","default_image_id":0,"font":"","enabled":false},"version":2},"_wpas_customize_per_network":false},"categories":[33],"tags":[],"class_list":["post-6534","post","type-post","status-publish","format-standard","has-post-thumbnail","hentry","category-mexico"],"magazineBlocksPostFeaturedMedia":{"thumbnail":"https:\/\/pornuestrolaredo.com\/wp-content\/uploads\/2025\/04\/Stereo91-20250422-2-150x150.jpg","medium":"https:\/\/pornuestrolaredo.com\/wp-content\/uploads\/2025\/04\/Stereo91-20250422-2-300x169.jpg","medium_large":"https:\/\/pornuestrolaredo.com\/wp-content\/uploads\/2025\/04\/Stereo91-20250422-2-768x433.jpg","large":"https:\/\/pornuestrolaredo.com\/wp-content\/uploads\/2025\/04\/Stereo91-20250422-2.jpg","1536x1536":"https:\/\/pornuestrolaredo.com\/wp-content\/uploads\/2025\/04\/Stereo91-20250422-2.jpg","2048x2048":"https:\/\/pornuestrolaredo.com\/wp-content\/uploads\/2025\/04\/Stereo91-20250422-2.jpg","morenews-large":"https:\/\/pornuestrolaredo.com\/wp-content\/uploads\/2025\/04\/Stereo91-20250422-2.jpg","morenews-medium":"https:\/\/pornuestrolaredo.com\/wp-content\/uploads\/2025\/04\/Stereo91-20250422-2.jpg"},"magazineBlocksPostAuthor":{"name":"Redactor","avatar":"https:\/\/pornuestrolaredo.com\/wp-content\/litespeed\/avatar\/dca1d7ec750c399f025f23b0b314f4cf.jpg?ver=1777612120"},"magazineBlocksPostCommentsNumber":false,"magazineBlocksPostExcerpt":"La presidenta tratar\u00e1 de reformar la Ley Federal de Radio y Televisi\u00f3n para prohibir la transmisi\u00f3n de propaganda de gobiernos extranjeros en el pa\u00eds","magazineBlocksPostCategories":["Mexico"],"magazineBlocksPostViewCount":127,"magazineBlocksPostReadTime":2,"magazine_blocks_featured_image_url":{"full":["https:\/\/pornuestrolaredo.com\/wp-content\/uploads\/2025\/04\/Stereo91-20250422-2.jpg",850,479,false],"medium":["https:\/\/pornuestrolaredo.com\/wp-content\/uploads\/2025\/04\/Stereo91-20250422-2-300x169.jpg",300,169,true],"thumbnail":["https:\/\/pornuestrolaredo.com\/wp-content\/uploads\/2025\/04\/Stereo91-20250422-2-150x150.jpg",150,150,true]},"magazine_blocks_author":{"display_name":"Redactor","author_link":"https:\/\/pornuestrolaredo.com\/?author=1"},"magazine_blocks_comment":0,"magazine_blocks_author_image":"https:\/\/pornuestrolaredo.com\/wp-content\/litespeed\/avatar\/dca1d7ec750c399f025f23b0b314f4cf.jpg?ver=1777612120","magazine_blocks_category":"<a href=\"#\" class=\"category-link category-link-33\">Mexico<\/a>","jetpack_publicize_connections":[],"featured_image_urls":{"full":["https:\/\/pornuestrolaredo.com\/wp-content\/uploads\/2025\/04\/Stereo91-20250422-2.jpg",850,479,false],"thumbnail":["https:\/\/pornuestrolaredo.com\/wp-content\/uploads\/2025\/04\/Stereo91-20250422-2-150x150.jpg",150,150,true],"medium":["https:\/\/pornuestrolaredo.com\/wp-content\/uploads\/2025\/04\/Stereo91-20250422-2-300x169.jpg",300,169,true],"medium_large":["https:\/\/pornuestrolaredo.com\/wp-content\/uploads\/2025\/04\/Stereo91-20250422-2-768x433.jpg",640,361,true],"large":["https:\/\/pornuestrolaredo.com\/wp-content\/uploads\/2025\/04\/Stereo91-20250422-2.jpg",640,361,false],"1536x1536":["https:\/\/pornuestrolaredo.com\/wp-content\/uploads\/2025\/04\/Stereo91-20250422-2.jpg",850,479,false],"2048x2048":["https:\/\/pornuestrolaredo.com\/wp-content\/uploads\/2025\/04\/Stereo91-20250422-2.jpg",850,479,false],"morenews-large":["https:\/\/pornuestrolaredo.com\/wp-content\/uploads\/2025\/04\/Stereo91-20250422-2.jpg",825,465,false],"morenews-medium":["https:\/\/pornuestrolaredo.com\/wp-content\/uploads\/2025\/04\/Stereo91-20250422-2.jpg",590,332,false]},"author_info":{"info":["Redactor"]},"category_info":"<a href=\"https:\/\/pornuestrolaredo.com\/?cat=33\" rel=\"category\">Mexico<\/a>","tag_info":"Mexico","comment_count":"0","jetpack_featured_media_url":"https:\/\/pornuestrolaredo.com\/wp-content\/uploads\/2025\/04\/Stereo91-20250422-2.jpg","jetpack_sharing_enabled":true,"_links":{"self":[{"href":"https:\/\/pornuestrolaredo.com\/index.php?rest_route=\/wp\/v2\/posts\/6534","targetHints":{"allow":["GET"]}}],"collection":[{"href":"https:\/\/pornuestrolaredo.com\/index.php?rest_route=\/wp\/v2\/posts"}],"about":[{"href":"https:\/\/pornuestrolaredo.com\/index.php?rest_route=\/wp\/v2\/types\/post"}],"author":[{"embeddable":true,"href":"https:\/\/pornuestrolaredo.com\/index.php?rest_route=\/wp\/v2\/users\/1"}],"replies":[{"embeddable":true,"href":"https:\/\/pornuestrolaredo.com\/index.php?rest_route=%2Fwp%2Fv2%2Fcomments&post=6534"}],"version-history":[{"count":1,"href":"https:\/\/pornuestrolaredo.com\/index.php?rest_route=\/wp\/v2\/posts\/6534\/revisions"}],"predecessor-version":[{"id":6536,"href":"https:\/\/pornuestrolaredo.com\/index.php?rest_route=\/wp\/v2\/posts\/6534\/revisions\/6536"}],"wp:featuredmedia":[{"embeddable":true,"href":"https:\/\/pornuestrolaredo.com\/index.php?rest_route=\/wp\/v2\/media\/6535"}],"wp:attachment":[{"href":"https:\/\/pornuestrolaredo.com\/index.php?rest_route=%2Fwp%2Fv2%2Fmedia&parent=6534"}],"wp:term":[{"taxonomy":"category","embeddable":true,"href":"https:\/\/pornuestrolaredo.com\/index.php?rest_route=%2Fwp%2Fv2%2Fcategories&post=6534"},{"taxonomy":"post_tag","embeddable":true,"href":"https:\/\/pornuestrolaredo.com\/index.php?rest_route=%2Fwp%2Fv2%2Ftags&post=6534"}],"curies":[{"name":"wp","href":"https:\/\/api.w.org\/{rel}","templated":true}]}}