{"id":6537,"date":"2025-04-23T13:35:06","date_gmt":"2025-04-23T18:35:06","guid":{"rendered":"https:\/\/pornuestrolaredo.com\/?p=6537"},"modified":"2025-04-23T13:35:06","modified_gmt":"2025-04-23T18:35:06","slug":"despiden-al-papa-francisco-miles-de-fieles","status":"publish","type":"post","link":"https:\/\/pornuestrolaredo.com\/?p=6537","title":{"rendered":"Despiden al Papa Francisco miles de fieles"},"content":{"rendered":"<p><strong><em>CIUDAD DEL VATICANO.-<\/em> <\/strong>Miles de personas llenaron el mi\u00e9rcoles el pasillo central de la bas\u00edlica de San Pedro para presentar sus \u00faltimos respetos al papa Francisco, al inicio de tres d\u00edas de velatorio p\u00fablico antes del funeral del pont\u00edfice.<\/p>\n<p>Multitudes de fieles avanzaron lentamente hacia el altar principal de la bas\u00edlica del siglo XVI, donde el sencillo ata\u00fad de madera de Francisco estaba colocado en una rampa inclinada, mientras cuatro guardias suizos permanec\u00edan firmes. En los pr\u00f3ximos d\u00edas se espera que decenas de miles de personas pasen por la bas\u00edlica, y el Vaticano anunci\u00f3 que podr\u00eda dejarla abierta despu\u00e9s de la medianoche debido a la gran cantidad de fieles.<\/p>\n<p>Mientras tanto, los cardenales se reunieron en privado para finalizar los preparativos para el funeral del s\u00e1bado y planificar el c\u00f3nclave para elegir al sucesor de Francisco.<\/p>\n<p>Francisco muri\u00f3 el lunes a los 88 a\u00f1os, culminando un pontificado de 12 a\u00f1os caracterizado por su preocupaci\u00f3n por los pobres y su mensaje de inclusi\u00f3n, aunque tambi\u00e9n recibi\u00f3 algunas cr\u00edticas de los conservadores que a veces se sintieron alienados por su tendencia progresista.<\/p>\n<p>La jornada del mi\u00e9rcoles comenz\u00f3 con el sonido de las campanas de San Pedro mientras los portadores llevaban el cuerpo de Francisco desde el hotel del Vaticano donde viv\u00eda hasta la bas\u00edlica, en una procesi\u00f3n a trav\u00e9s de la misma plaza donde hab\u00eda dado lo que se convirti\u00f3 en su despedida final. Francisco realiz\u00f3 un recorrido sorpresa en papam\u00f3vil entre los fieles el Domingo de Pascua, despu\u00e9s de que su enfermera le asegurara que pod\u00eda hacerlo a pesar de su fr\u00e1gil salud tras una fuerte neumon\u00eda.<\/p>\n<p>El cardenal Kevin Farrell, que administra el Vaticano temporalmente hasta que se elija un nuevo papa, encabez\u00f3 la procesi\u00f3n por el pasillo central hacia el altar, con nubes de incienso precedi\u00e9ndolo mientras el coro de la iglesia comenzaba a cantar el himno de la Letan\u00eda de los Santos. Los cardenales se acercaron por parejas al ata\u00fad, se inclinaron e hicieron la se\u00f1al de la cruz, seguidos por peque\u00f1os grupos de obispos con t\u00fanicas p\u00farpuras, ujieres vestidos de negro, sacerdotes y monjas, y luego las puertas se abrieron al p\u00fablico.<\/p>\n<p>Se espera que varios jefes de Estado acudan al funeral de Francisco, pero los tres d\u00edas de velatorio p\u00fablico en la bas\u00edlica permiten que los cat\u00f3licos de a pie lloren al papa argentino. El velatorio termina el viernes a las 7 de la tarde, despu\u00e9s de lo cual el ata\u00fad de Francisco ser\u00e1 cerrado y sellado.<\/p>\n<p>La muerte y el funeral de Francisco dan inicio a un per\u00edodo de transici\u00f3n cuidadosamente orquestado en la Iglesia cat\u00f3lica, en el que los cardenales se reunir\u00e1n durante la pr\u00f3xima semana antes de entrar en un c\u00f3nclave, el ritual secreto de votaci\u00f3n en la capilla Sixtina para elegir un nuevo papa. Hay 133 cardenales menores de 80 a\u00f1os elegibles para votar en el c\u00f3nclave, luego que dos desistieron por razones de salud, y es probable que el nuevo pont\u00edfice provenga de sus filas. No se espera que el c\u00f3nclave comience antes del 5 de mayo.<\/p>\n","protected":false},"excerpt":{"rendered":"<p>Avanzan lentamente hacia el altar principal de la bas\u00edlica del siglo XVI, donde el sencillo ata\u00fad de madera de Francisco estaba colocado en una rampa inclinada<\/p>\n","protected":false},"author":1,"featured_media":6538,"comment_status":"closed","ping_status":"closed","sticky":false,"template":"","format":"standard","meta":{"_crdt_document":"","_jetpack_memberships_contains_paid_content":false,"footnotes":"","jetpack_publicize_message":"","jetpack_publicize_feature_enabled":true,"jetpack_social_post_already_shared":true,"jetpack_social_options":{"image_generator_settings":{"template":"highway","default_image_id":0,"font":"","enabled":false},"version":2},"_wpas_customize_per_network":false},"categories":[9],"tags":[],"class_list":["post-6537","post","type-post","status-publish","format-standard","has-post-thumbnail","hentry","category-el-mundo"],"magazineBlocksPostFeaturedMedia":{"thumbnail":"https:\/\/pornuestrolaredo.com\/wp-content\/uploads\/2025\/04\/PNL-20250423-1-150x150.jpg","medium":"https:\/\/pornuestrolaredo.com\/wp-content\/uploads\/2025\/04\/PNL-20250423-1-300x200.jpg","medium_large":"https:\/\/pornuestrolaredo.com\/wp-content\/uploads\/2025\/04\/PNL-20250423-1-768x512.jpg","large":"https:\/\/pornuestrolaredo.com\/wp-content\/uploads\/2025\/04\/PNL-20250423-1.jpg","1536x1536":"https:\/\/pornuestrolaredo.com\/wp-content\/uploads\/2025\/04\/PNL-20250423-1.jpg","2048x2048":"https:\/\/pornuestrolaredo.com\/wp-content\/uploads\/2025\/04\/PNL-20250423-1.jpg","morenews-large":"https:\/\/pornuestrolaredo.com\/wp-content\/uploads\/2025\/04\/PNL-20250423-1.jpg","morenews-medium":"https:\/\/pornuestrolaredo.com\/wp-content\/uploads\/2025\/04\/PNL-20250423-1.jpg"},"magazineBlocksPostAuthor":{"name":"Redactor","avatar":"https:\/\/pornuestrolaredo.com\/wp-content\/litespeed\/avatar\/dca1d7ec750c399f025f23b0b314f4cf.jpg?ver=1777612120"},"magazineBlocksPostCommentsNumber":false,"magazineBlocksPostExcerpt":"Avanzan lentamente hacia el altar principal de la bas\u00edlica del siglo XVI, donde el sencillo ata\u00fad de madera de Francisco estaba colocado en una rampa inclinada","magazineBlocksPostCategories":["El Mundo"],"magazineBlocksPostViewCount":109,"magazineBlocksPostReadTime":3,"magazine_blocks_featured_image_url":{"full":["https:\/\/pornuestrolaredo.com\/wp-content\/uploads\/2025\/04\/PNL-20250423-1.jpg",850,567,false],"medium":["https:\/\/pornuestrolaredo.com\/wp-content\/uploads\/2025\/04\/PNL-20250423-1-300x200.jpg",300,200,true],"thumbnail":["https:\/\/pornuestrolaredo.com\/wp-content\/uploads\/2025\/04\/PNL-20250423-1-150x150.jpg",150,150,true]},"magazine_blocks_author":{"display_name":"Redactor","author_link":"https:\/\/pornuestrolaredo.com\/?author=1"},"magazine_blocks_comment":0,"magazine_blocks_author_image":"https:\/\/pornuestrolaredo.com\/wp-content\/litespeed\/avatar\/dca1d7ec750c399f025f23b0b314f4cf.jpg?ver=1777612120","magazine_blocks_category":"<a href=\"#\" class=\"category-link category-link-9\">El Mundo<\/a>","jetpack_publicize_connections":[],"featured_image_urls":{"full":["https:\/\/pornuestrolaredo.com\/wp-content\/uploads\/2025\/04\/PNL-20250423-1.jpg",850,567,false],"thumbnail":["https:\/\/pornuestrolaredo.com\/wp-content\/uploads\/2025\/04\/PNL-20250423-1-150x150.jpg",150,150,true],"medium":["https:\/\/pornuestrolaredo.com\/wp-content\/uploads\/2025\/04\/PNL-20250423-1-300x200.jpg",300,200,true],"medium_large":["https:\/\/pornuestrolaredo.com\/wp-content\/uploads\/2025\/04\/PNL-20250423-1-768x512.jpg",640,427,true],"large":["https:\/\/pornuestrolaredo.com\/wp-content\/uploads\/2025\/04\/PNL-20250423-1.jpg",640,427,false],"1536x1536":["https:\/\/pornuestrolaredo.com\/wp-content\/uploads\/2025\/04\/PNL-20250423-1.jpg",850,567,false],"2048x2048":["https:\/\/pornuestrolaredo.com\/wp-content\/uploads\/2025\/04\/PNL-20250423-1.jpg",850,567,false],"morenews-large":["https:\/\/pornuestrolaredo.com\/wp-content\/uploads\/2025\/04\/PNL-20250423-1.jpg",825,550,false],"morenews-medium":["https:\/\/pornuestrolaredo.com\/wp-content\/uploads\/2025\/04\/PNL-20250423-1.jpg",590,394,false]},"author_info":{"info":["Redactor"]},"category_info":"<a href=\"https:\/\/pornuestrolaredo.com\/?cat=9\" rel=\"category\">El Mundo<\/a>","tag_info":"El Mundo","comment_count":"0","jetpack_featured_media_url":"https:\/\/pornuestrolaredo.com\/wp-content\/uploads\/2025\/04\/PNL-20250423-1.jpg","jetpack_sharing_enabled":true,"_links":{"self":[{"href":"https:\/\/pornuestrolaredo.com\/index.php?rest_route=\/wp\/v2\/posts\/6537","targetHints":{"allow":["GET"]}}],"collection":[{"href":"https:\/\/pornuestrolaredo.com\/index.php?rest_route=\/wp\/v2\/posts"}],"about":[{"href":"https:\/\/pornuestrolaredo.com\/index.php?rest_route=\/wp\/v2\/types\/post"}],"author":[{"embeddable":true,"href":"https:\/\/pornuestrolaredo.com\/index.php?rest_route=\/wp\/v2\/users\/1"}],"replies":[{"embeddable":true,"href":"https:\/\/pornuestrolaredo.com\/index.php?rest_route=%2Fwp%2Fv2%2Fcomments&post=6537"}],"version-history":[{"count":1,"href":"https:\/\/pornuestrolaredo.com\/index.php?rest_route=\/wp\/v2\/posts\/6537\/revisions"}],"predecessor-version":[{"id":6539,"href":"https:\/\/pornuestrolaredo.com\/index.php?rest_route=\/wp\/v2\/posts\/6537\/revisions\/6539"}],"wp:featuredmedia":[{"embeddable":true,"href":"https:\/\/pornuestrolaredo.com\/index.php?rest_route=\/wp\/v2\/media\/6538"}],"wp:attachment":[{"href":"https:\/\/pornuestrolaredo.com\/index.php?rest_route=%2Fwp%2Fv2%2Fmedia&parent=6537"}],"wp:term":[{"taxonomy":"category","embeddable":true,"href":"https:\/\/pornuestrolaredo.com\/index.php?rest_route=%2Fwp%2Fv2%2Fcategories&post=6537"},{"taxonomy":"post_tag","embeddable":true,"href":"https:\/\/pornuestrolaredo.com\/index.php?rest_route=%2Fwp%2Fv2%2Ftags&post=6537"}],"curies":[{"name":"wp","href":"https:\/\/api.w.org\/{rel}","templated":true}]}}