{"id":6540,"date":"2025-04-23T13:46:40","date_gmt":"2025-04-23T18:46:40","guid":{"rendered":"https:\/\/pornuestrolaredo.com\/?p=6540"},"modified":"2025-04-23T13:46:40","modified_gmt":"2025-04-23T18:46:40","slug":"trump-acusa-a-zelenskyy-de-prolongar-la-guerra","status":"publish","type":"post","link":"https:\/\/pornuestrolaredo.com\/?p=6540","title":{"rendered":"Trump acusa a Zelenskyy de prolongar la guerra"},"content":{"rendered":"<p><strong>KIEV, Ucrania.-<\/strong> El presidente Donald Trump arremeti\u00f3 el mi\u00e9rcoles contra el presidente ucraniano Volodymyr Zelenskyy, diciendo que el l\u00edder ucraniano est\u00e1 prolongando \u201clos campos de la muerte\u201d despu\u00e9s de que rechazara ceder Crimea a Rusia como parte de un posible plan de paz.<\/p>\n<p>Zelenskyy descart\u00f3 el martes la idea de que Ucrania ceda territorio a Rusia como parte de cualquier acuerdo antes de las conversaciones de alto nivel programadas para el mi\u00e9rcoles en Londres entre funcionarios de Estados Unidos, Europa y Ucrania.<\/p>\n<blockquote><p>No hay nada de qu\u00e9 hablar: es nuestra tierra, la tierra del pueblo ucraniano\u201d, enfatiz\u00f3 Zelenskyy.<\/p><\/blockquote>\n<p>Durante conversaciones similares la semana pasada en Par\u00eds, funcionarios estadounidenses presentaron una propuesta que inclu\u00eda permitir que Rusia mantuviera el control del territorio ucraniano ocupado como parte de un acuerdo, seg\u00fan un funcionario europeo familiarizado con el asunto que no estaba autorizado a comentar p\u00fablicamente y habl\u00f3 bajo condici\u00f3n de anonimato.<\/p>\n<p>Esta declaraci\u00f3n es muy perjudicial para las negociaciones de paz con Rusia, ya que Crimea se perdi\u00f3 hace a\u00f1os bajo los auspicios del presidente Barack Hussein Obama, y ni siquiera es un punto de discusi\u00f3n\u201d, escribi\u00f3 Trump en Truth Social el mi\u00e9rcoles. \u201cNadie est\u00e1 pidiendo a Zelenskyy que reconozca Crimea como territorio ruso, pero, si quiere Crimea, \u00bfpor qu\u00e9 no lucharon por ella hace once a\u00f1os cuando fue entregada a Rusia sin disparar un solo tiro?\u201d<\/p>\n<blockquote>\n<p>Trump a\u00f1adi\u00f3 que \u201cdeclaraciones inflamatorias como las de Zelenskyy\u201d est\u00e1n haciendo \u201ctan dif\u00edcil poner fin a esta Guerra\u201d.<\/p>\n<\/blockquote>\n<p>\u00a1\u00c9l no tiene nada que mostrar!\u201d, escribi\u00f3 Trump. \u201cLa situaci\u00f3n de Ucrania es desesperada. \u00c9l puede lograr la paz o puede luchar por otros tres a\u00f1os antes de perder el pa\u00eds entero\u201d. La declaraci\u00f3n de Zelenskyy \u201cno har\u00e1 nada m\u00e1s que prolongar los \u2018campos de la muerte\u2019 \u00a1Nadie quiere eso! Estamos muy cerca a llegar a un acuerdo, pero el hombre que \u2018no tiene cartas en la mano\u2019 debe ahora y finalmente HACERLO\u201d.<\/p>\n<blockquote>\n<p>Horas antes, se inform\u00f3 que la reuni\u00f3n prevista para el mi\u00e9rcoles entre altos diplom\u00e1ticos de Estados Unidos, Reino Unido, Francia y Ucrania para impulsar un acuerdo de paz entre Rusia y Ucrania fue cancelada en el \u00faltimo momento, y el vicepresidente estadounidense JD Vance dijo que las negociaciones est\u00e1n llegando a un momento decisivo.<\/p>\n<\/blockquote>\n<p>Hemos emitido una propuesta muy expl\u00edcita a los rusos y a los ucranianos, y es hora de que digan que s\u00ed o de que Estados Unidos se retire de este proceso\u201d, declar\u00f3 Vance a reporteros durante una visita a Agra, India.<\/p>\n<blockquote>\n<p>Seg\u00fan Vance, se trata de \u201cuna propuesta muy justa\u201d que \u201ccongelar\u00eda las l\u00edneas territoriales a un nivel cercano a donde est\u00e1n hoy\u201d, y en la que ambas partes ceder\u00edan parte del territorio que controlan actualmente, pero no ofreci\u00f3 m\u00e1s detalles.<\/p>\n<p>Los comentarios de Vance se produjeron un d\u00eda despu\u00e9s de que Zelenskyy descartara ceder territorio a Rusia como parte de cualquier posible acuerdo de paz, algo que calific\u00f3 de inaceptable. El l\u00edder ucraniano respondi\u00f3 el martes a los informes de que el gobierno de Trump propondr\u00eda un acuerdo que le permitir\u00eda a Mosc\u00fa mantener el territorio ucraniano ocupado como parte de un pacto.<\/p>\n","protected":false},"excerpt":{"rendered":"<p>El l\u00edder ucraniano se niega a aceptar ceder Crimea a cambio de un acuerdo de paz con Rusia<\/p>\n","protected":false},"author":1,"featured_media":6541,"comment_status":"closed","ping_status":"closed","sticky":false,"template":"","format":"standard","meta":{"_crdt_document":"","_jetpack_memberships_contains_paid_content":false,"footnotes":"","jetpack_publicize_message":"","jetpack_publicize_feature_enabled":true,"jetpack_social_post_already_shared":true,"jetpack_social_options":{"image_generator_settings":{"template":"highway","default_image_id":0,"font":"","enabled":false},"version":2},"_wpas_customize_per_network":false},"categories":[9],"tags":[],"class_list":["post-6540","post","type-post","status-publish","format-standard","has-post-thumbnail","hentry","category-el-mundo"],"magazineBlocksPostFeaturedMedia":{"thumbnail":"https:\/\/pornuestrolaredo.com\/wp-content\/uploads\/2025\/04\/Stereo91-20250423-2-150x150.jpg","medium":"https:\/\/pornuestrolaredo.com\/wp-content\/uploads\/2025\/04\/Stereo91-20250423-2-300x157.jpg","medium_large":"https:\/\/pornuestrolaredo.com\/wp-content\/uploads\/2025\/04\/Stereo91-20250423-2-768x402.jpg","large":"https:\/\/pornuestrolaredo.com\/wp-content\/uploads\/2025\/04\/Stereo91-20250423-2-1000x523.jpg","1536x1536":"https:\/\/pornuestrolaredo.com\/wp-content\/uploads\/2025\/04\/Stereo91-20250423-2.jpg","2048x2048":"https:\/\/pornuestrolaredo.com\/wp-content\/uploads\/2025\/04\/Stereo91-20250423-2.jpg","morenews-large":"https:\/\/pornuestrolaredo.com\/wp-content\/uploads\/2025\/04\/Stereo91-20250423-2.jpg","morenews-medium":"https:\/\/pornuestrolaredo.com\/wp-content\/uploads\/2025\/04\/Stereo91-20250423-2.jpg"},"magazineBlocksPostAuthor":{"name":"Redactor","avatar":"https:\/\/pornuestrolaredo.com\/wp-content\/litespeed\/avatar\/dca1d7ec750c399f025f23b0b314f4cf.jpg?ver=1777612120"},"magazineBlocksPostCommentsNumber":false,"magazineBlocksPostExcerpt":"El l\u00edder ucraniano se niega a aceptar ceder Crimea a cambio de un acuerdo de paz con Rusia","magazineBlocksPostCategories":["El Mundo"],"magazineBlocksPostViewCount":96,"magazineBlocksPostReadTime":3,"magazine_blocks_featured_image_url":{"full":["https:\/\/pornuestrolaredo.com\/wp-content\/uploads\/2025\/04\/Stereo91-20250423-2.jpg",1440,753,false],"medium":["https:\/\/pornuestrolaredo.com\/wp-content\/uploads\/2025\/04\/Stereo91-20250423-2-300x157.jpg",300,157,true],"thumbnail":["https:\/\/pornuestrolaredo.com\/wp-content\/uploads\/2025\/04\/Stereo91-20250423-2-150x150.jpg",150,150,true]},"magazine_blocks_author":{"display_name":"Redactor","author_link":"https:\/\/pornuestrolaredo.com\/?author=1"},"magazine_blocks_comment":0,"magazine_blocks_author_image":"https:\/\/pornuestrolaredo.com\/wp-content\/litespeed\/avatar\/dca1d7ec750c399f025f23b0b314f4cf.jpg?ver=1777612120","magazine_blocks_category":"<a href=\"#\" class=\"category-link category-link-9\">El Mundo<\/a>","jetpack_publicize_connections":[],"featured_image_urls":{"full":["https:\/\/pornuestrolaredo.com\/wp-content\/uploads\/2025\/04\/Stereo91-20250423-2.jpg",1440,753,false],"thumbnail":["https:\/\/pornuestrolaredo.com\/wp-content\/uploads\/2025\/04\/Stereo91-20250423-2-150x150.jpg",150,150,true],"medium":["https:\/\/pornuestrolaredo.com\/wp-content\/uploads\/2025\/04\/Stereo91-20250423-2-300x157.jpg",300,157,true],"medium_large":["https:\/\/pornuestrolaredo.com\/wp-content\/uploads\/2025\/04\/Stereo91-20250423-2-768x402.jpg",640,335,true],"large":["https:\/\/pornuestrolaredo.com\/wp-content\/uploads\/2025\/04\/Stereo91-20250423-2-1000x523.jpg",640,335,true],"1536x1536":["https:\/\/pornuestrolaredo.com\/wp-content\/uploads\/2025\/04\/Stereo91-20250423-2.jpg",1440,753,false],"2048x2048":["https:\/\/pornuestrolaredo.com\/wp-content\/uploads\/2025\/04\/Stereo91-20250423-2.jpg",1440,753,false],"morenews-large":["https:\/\/pornuestrolaredo.com\/wp-content\/uploads\/2025\/04\/Stereo91-20250423-2.jpg",825,431,false],"morenews-medium":["https:\/\/pornuestrolaredo.com\/wp-content\/uploads\/2025\/04\/Stereo91-20250423-2.jpg",590,309,false]},"author_info":{"info":["Redactor"]},"category_info":"<a href=\"https:\/\/pornuestrolaredo.com\/?cat=9\" rel=\"category\">El Mundo<\/a>","tag_info":"El Mundo","comment_count":"0","jetpack_featured_media_url":"https:\/\/pornuestrolaredo.com\/wp-content\/uploads\/2025\/04\/Stereo91-20250423-2.jpg","jetpack_sharing_enabled":true,"_links":{"self":[{"href":"https:\/\/pornuestrolaredo.com\/index.php?rest_route=\/wp\/v2\/posts\/6540","targetHints":{"allow":["GET"]}}],"collection":[{"href":"https:\/\/pornuestrolaredo.com\/index.php?rest_route=\/wp\/v2\/posts"}],"about":[{"href":"https:\/\/pornuestrolaredo.com\/index.php?rest_route=\/wp\/v2\/types\/post"}],"author":[{"embeddable":true,"href":"https:\/\/pornuestrolaredo.com\/index.php?rest_route=\/wp\/v2\/users\/1"}],"replies":[{"embeddable":true,"href":"https:\/\/pornuestrolaredo.com\/index.php?rest_route=%2Fwp%2Fv2%2Fcomments&post=6540"}],"version-history":[{"count":1,"href":"https:\/\/pornuestrolaredo.com\/index.php?rest_route=\/wp\/v2\/posts\/6540\/revisions"}],"predecessor-version":[{"id":6542,"href":"https:\/\/pornuestrolaredo.com\/index.php?rest_route=\/wp\/v2\/posts\/6540\/revisions\/6542"}],"wp:featuredmedia":[{"embeddable":true,"href":"https:\/\/pornuestrolaredo.com\/index.php?rest_route=\/wp\/v2\/media\/6541"}],"wp:attachment":[{"href":"https:\/\/pornuestrolaredo.com\/index.php?rest_route=%2Fwp%2Fv2%2Fmedia&parent=6540"}],"wp:term":[{"taxonomy":"category","embeddable":true,"href":"https:\/\/pornuestrolaredo.com\/index.php?rest_route=%2Fwp%2Fv2%2Fcategories&post=6540"},{"taxonomy":"post_tag","embeddable":true,"href":"https:\/\/pornuestrolaredo.com\/index.php?rest_route=%2Fwp%2Fv2%2Ftags&post=6540"}],"curies":[{"name":"wp","href":"https:\/\/api.w.org\/{rel}","templated":true}]}}