{"id":6543,"date":"2025-04-23T14:12:12","date_gmt":"2025-04-23T19:12:12","guid":{"rendered":"https:\/\/pornuestrolaredo.com\/?p=6543"},"modified":"2025-04-23T14:12:12","modified_gmt":"2025-04-23T19:12:12","slug":"sismo-remece-estambul-hay-236-lesionados","status":"publish","type":"post","link":"https:\/\/pornuestrolaredo.com\/?p=6543","title":{"rendered":"Sismo remece Estambul; hay 236 lesionados"},"content":{"rendered":"<p><strong>ESTAMBUL.- <\/strong>Un sismo de magnitud preliminar 6.2 remeci\u00f3 Estambul y otras \u00e1reas el mi\u00e9rcoles, provocando p\u00e1nico generalizado y decenas de heridos en la ciudad turca de 16 millones de habitantes, aunque no se reportaron da\u00f1os graves de inmediato.<\/p>\n<p>Al menos 236 personas fueron atendidas por heridas sufridas al intentar saltar de los edificios o por ataques de p\u00e1nico, la mayor\u00eda de ellas en Estambul, donde los residentes est\u00e1n en vilo debido a que la ciudad se considera de alto riesgo para un gran terremoto.<\/p>\n<p>El terremoto se registr\u00f3 a una profundidad de 10 kil\u00f3metros (unas 6 millas), seg\u00fan el Servicio Geol\u00f3gico de Estados Unidos. Su epicentro se localiz\u00f3 a unos 40 kil\u00f3metros (25 millas) al suroeste de Estambul en el mar de M\u00e1rmara.<\/p>\n<p>Se sinti\u00f3 en las provincias vecinas de Tekirdag, Yalova, Bursa y Balikesir y en la ciudad de Izmir, a unos 550 kil\u00f3metros al sur de Estambul. El ministro del Interior, Ali Yerlikaya, apunt\u00f3 que el terremoto dur\u00f3 13 segundos y fue seguido por m\u00e1s de 100 r\u00e9plicas, la m\u00e1s fuerte de magnitud 5,9.<\/p>\n<p>El incidente, que comenz\u00f3 a las 12:49 de la tarde durante un d\u00eda feriado, cuando muchos ni\u00f1os estaban fuera de la escuela y celebrando en las calles, caus\u00f3 p\u00e1nico generalizado en Estambul. Los residentes salieron apresuradamente de sus casas y edificios hacia las calles. Las autoridades instaron a los residentes a evitar entrar en edificios que pudieran haber sido da\u00f1ados y dijeron que los polideportivos y las mezquitas estar\u00edan abiertos para albergar a los residentes que no quisieran pasar la noche en sus hogares.<\/p>\n<blockquote><p>Un total de 236 ciudadanos fueron afectados por ataques de p\u00e1nico y por ca\u00eddas o saltos\u201d, indic\u00f3 el ministro de Salud, Kemal Memisoglu. Sostuvo que 173 de las lesiones ocurrieron en Estambul, mientras que el resto se registr\u00f3 en las provincias circundantes.<\/p><\/blockquote>\n<p>Las autoridades recibieron 378 reportes de \u201cda\u00f1os estructurales\u201d en varios edificios, indic\u00f3 el ministro de Medio Ambiente, Urbanizaci\u00f3n y Cambio Clim\u00e1tico, Murat Kurum, agregando que 12 edificios fueron evacuados como precauci\u00f3n.<\/p>\n<p>Solo un edificio, una estructura abandonada y en ruinas en el hist\u00f3rico distrito de Fatih, se hab\u00eda derrumbado, seg\u00fan los funcionarios.<\/p>\n","protected":false},"excerpt":{"rendered":"<p>Los residentes est\u00e1n en vilo debido a que la ciudad se considera de alto riesgo para un gran terremoto<\/p>\n","protected":false},"author":1,"featured_media":6544,"comment_status":"closed","ping_status":"closed","sticky":false,"template":"","format":"standard","meta":{"_crdt_document":"","_jetpack_memberships_contains_paid_content":false,"footnotes":"","jetpack_publicize_message":"","jetpack_publicize_feature_enabled":true,"jetpack_social_post_already_shared":true,"jetpack_social_options":{"image_generator_settings":{"template":"highway","default_image_id":0,"font":"","enabled":false},"version":2},"_wpas_customize_per_network":false},"categories":[9],"tags":[],"class_list":["post-6543","post","type-post","status-publish","format-standard","has-post-thumbnail","hentry","category-el-mundo"],"magazineBlocksPostFeaturedMedia":{"thumbnail":"https:\/\/pornuestrolaredo.com\/wp-content\/uploads\/2025\/04\/Stereo91-20250423-3-150x150.jpg","medium":"https:\/\/pornuestrolaredo.com\/wp-content\/uploads\/2025\/04\/Stereo91-20250423-3-300x189.jpg","medium_large":"https:\/\/pornuestrolaredo.com\/wp-content\/uploads\/2025\/04\/Stereo91-20250423-3-768x484.jpg","large":"https:\/\/pornuestrolaredo.com\/wp-content\/uploads\/2025\/04\/Stereo91-20250423-3.jpg","1536x1536":"https:\/\/pornuestrolaredo.com\/wp-content\/uploads\/2025\/04\/Stereo91-20250423-3.jpg","2048x2048":"https:\/\/pornuestrolaredo.com\/wp-content\/uploads\/2025\/04\/Stereo91-20250423-3.jpg","morenews-large":"https:\/\/pornuestrolaredo.com\/wp-content\/uploads\/2025\/04\/Stereo91-20250423-3.jpg","morenews-medium":"https:\/\/pornuestrolaredo.com\/wp-content\/uploads\/2025\/04\/Stereo91-20250423-3.jpg"},"magazineBlocksPostAuthor":{"name":"Redactor","avatar":"https:\/\/pornuestrolaredo.com\/wp-content\/litespeed\/avatar\/dca1d7ec750c399f025f23b0b314f4cf.jpg?ver=1777612120"},"magazineBlocksPostCommentsNumber":false,"magazineBlocksPostExcerpt":"Los residentes est\u00e1n en vilo debido a que la ciudad se considera de alto riesgo para un gran terremoto","magazineBlocksPostCategories":["El Mundo"],"magazineBlocksPostViewCount":122,"magazineBlocksPostReadTime":2,"magazine_blocks_featured_image_url":{"full":["https:\/\/pornuestrolaredo.com\/wp-content\/uploads\/2025\/04\/Stereo91-20250423-3.jpg",980,617,false],"medium":["https:\/\/pornuestrolaredo.com\/wp-content\/uploads\/2025\/04\/Stereo91-20250423-3-300x189.jpg",300,189,true],"thumbnail":["https:\/\/pornuestrolaredo.com\/wp-content\/uploads\/2025\/04\/Stereo91-20250423-3-150x150.jpg",150,150,true]},"magazine_blocks_author":{"display_name":"Redactor","author_link":"https:\/\/pornuestrolaredo.com\/?author=1"},"magazine_blocks_comment":0,"magazine_blocks_author_image":"https:\/\/pornuestrolaredo.com\/wp-content\/litespeed\/avatar\/dca1d7ec750c399f025f23b0b314f4cf.jpg?ver=1777612120","magazine_blocks_category":"<a href=\"#\" class=\"category-link category-link-9\">El Mundo<\/a>","jetpack_publicize_connections":[],"featured_image_urls":{"full":["https:\/\/pornuestrolaredo.com\/wp-content\/uploads\/2025\/04\/Stereo91-20250423-3.jpg",980,617,false],"thumbnail":["https:\/\/pornuestrolaredo.com\/wp-content\/uploads\/2025\/04\/Stereo91-20250423-3-150x150.jpg",150,150,true],"medium":["https:\/\/pornuestrolaredo.com\/wp-content\/uploads\/2025\/04\/Stereo91-20250423-3-300x189.jpg",300,189,true],"medium_large":["https:\/\/pornuestrolaredo.com\/wp-content\/uploads\/2025\/04\/Stereo91-20250423-3-768x484.jpg",640,403,true],"large":["https:\/\/pornuestrolaredo.com\/wp-content\/uploads\/2025\/04\/Stereo91-20250423-3.jpg",640,403,false],"1536x1536":["https:\/\/pornuestrolaredo.com\/wp-content\/uploads\/2025\/04\/Stereo91-20250423-3.jpg",980,617,false],"2048x2048":["https:\/\/pornuestrolaredo.com\/wp-content\/uploads\/2025\/04\/Stereo91-20250423-3.jpg",980,617,false],"morenews-large":["https:\/\/pornuestrolaredo.com\/wp-content\/uploads\/2025\/04\/Stereo91-20250423-3.jpg",825,519,false],"morenews-medium":["https:\/\/pornuestrolaredo.com\/wp-content\/uploads\/2025\/04\/Stereo91-20250423-3.jpg",590,371,false]},"author_info":{"info":["Redactor"]},"category_info":"<a href=\"https:\/\/pornuestrolaredo.com\/?cat=9\" rel=\"category\">El Mundo<\/a>","tag_info":"El Mundo","comment_count":"0","jetpack_featured_media_url":"https:\/\/pornuestrolaredo.com\/wp-content\/uploads\/2025\/04\/Stereo91-20250423-3.jpg","jetpack_sharing_enabled":true,"_links":{"self":[{"href":"https:\/\/pornuestrolaredo.com\/index.php?rest_route=\/wp\/v2\/posts\/6543","targetHints":{"allow":["GET"]}}],"collection":[{"href":"https:\/\/pornuestrolaredo.com\/index.php?rest_route=\/wp\/v2\/posts"}],"about":[{"href":"https:\/\/pornuestrolaredo.com\/index.php?rest_route=\/wp\/v2\/types\/post"}],"author":[{"embeddable":true,"href":"https:\/\/pornuestrolaredo.com\/index.php?rest_route=\/wp\/v2\/users\/1"}],"replies":[{"embeddable":true,"href":"https:\/\/pornuestrolaredo.com\/index.php?rest_route=%2Fwp%2Fv2%2Fcomments&post=6543"}],"version-history":[{"count":1,"href":"https:\/\/pornuestrolaredo.com\/index.php?rest_route=\/wp\/v2\/posts\/6543\/revisions"}],"predecessor-version":[{"id":6545,"href":"https:\/\/pornuestrolaredo.com\/index.php?rest_route=\/wp\/v2\/posts\/6543\/revisions\/6545"}],"wp:featuredmedia":[{"embeddable":true,"href":"https:\/\/pornuestrolaredo.com\/index.php?rest_route=\/wp\/v2\/media\/6544"}],"wp:attachment":[{"href":"https:\/\/pornuestrolaredo.com\/index.php?rest_route=%2Fwp%2Fv2%2Fmedia&parent=6543"}],"wp:term":[{"taxonomy":"category","embeddable":true,"href":"https:\/\/pornuestrolaredo.com\/index.php?rest_route=%2Fwp%2Fv2%2Fcategories&post=6543"},{"taxonomy":"post_tag","embeddable":true,"href":"https:\/\/pornuestrolaredo.com\/index.php?rest_route=%2Fwp%2Fv2%2Ftags&post=6543"}],"curies":[{"name":"wp","href":"https:\/\/api.w.org\/{rel}","templated":true}]}}