{"id":6555,"date":"2025-04-24T14:36:03","date_gmt":"2025-04-24T19:36:03","guid":{"rendered":"https:\/\/pornuestrolaredo.com\/?p=6555"},"modified":"2025-04-24T14:36:03","modified_gmt":"2025-04-24T19:36:03","slug":"dan-a-conocer-la-tumba-del-papa","status":"publish","type":"post","link":"https:\/\/pornuestrolaredo.com\/?p=6555","title":{"rendered":"Dan a conocer la tumba del Papa"},"content":{"rendered":"<p><strong>CIUDAD DEL VATICANO.-<\/strong> La tumba del papa Francisco en la bas\u00edlica romana de Santa Mar\u00eda La Mayor ser\u00e1 sencilla, en el suelo, y contar\u00e1 con una reproducci\u00f3n de su crucifijo pectoral, revel\u00f3 este jueves 24 de abril de 2025 la Santa Sede al divulgar la primera foto del sepulcro.<\/p>\n<p>De acuerdo con informaci\u00f3n de prensa local, la tumba est\u00e1 hecha de m\u00e1rmol de Liguria, &#8220;que es la tierra de sus abuelos&#8221;.<\/p>\n<p>S\u00f3lo lleva la inscripci\u00f3n &#8220;Franciscus&#8221;, nombre en lat\u00edn del Papa, y la reproducci\u00f3n de su cruz pectoral que le acompa\u00f1\u00f3 durante su pontificado.<\/p>\n<p>El p\u00fablico podr\u00e1 visitar la tumba del papa Francisco a partir del domingo, un d\u00eda despu\u00e9s de su funeral, anunci\u00f3 este jueves el servicio de prensa del Vaticano.<br \/>\nEl entierro del jesuita argentino, fallecido el lunes a los 88 a\u00f1os tras 12 a\u00f1os de pontificado, ser\u00e1 el primero de un Pont\u00edfice fuera del Vaticano desde Le\u00f3n 13 en 1903.<\/p>\n","protected":false},"excerpt":{"rendered":"<p>Francisco descansar\u00e1 en la bas\u00edlica romana de Santa Mar\u00eda La Mayor y los fieles podr\u00e1n visitarlo desde el pr\u00f3ximo domingo<\/p>\n","protected":false},"author":1,"featured_media":6556,"comment_status":"closed","ping_status":"closed","sticky":false,"template":"","format":"standard","meta":{"_crdt_document":"","_jetpack_memberships_contains_paid_content":false,"footnotes":"","jetpack_publicize_message":"","jetpack_publicize_feature_enabled":true,"jetpack_social_post_already_shared":true,"jetpack_social_options":{"image_generator_settings":{"template":"highway","default_image_id":0,"font":"","enabled":false},"version":2},"_wpas_customize_per_network":false},"categories":[9],"tags":[],"class_list":["post-6555","post","type-post","status-publish","format-standard","has-post-thumbnail","hentry","category-el-mundo"],"magazineBlocksPostFeaturedMedia":{"thumbnail":"https:\/\/pornuestrolaredo.com\/wp-content\/uploads\/2025\/04\/Stereo91-202504224-1-150x150.jpg","medium":"https:\/\/pornuestrolaredo.com\/wp-content\/uploads\/2025\/04\/Stereo91-202504224-1-300x190.jpg","medium_large":"https:\/\/pornuestrolaredo.com\/wp-content\/uploads\/2025\/04\/Stereo91-202504224-1-768x486.jpg","large":"https:\/\/pornuestrolaredo.com\/wp-content\/uploads\/2025\/04\/Stereo91-202504224-1-1000x632.jpg","1536x1536":"https:\/\/pornuestrolaredo.com\/wp-content\/uploads\/2025\/04\/Stereo91-202504224-1.jpg","2048x2048":"https:\/\/pornuestrolaredo.com\/wp-content\/uploads\/2025\/04\/Stereo91-202504224-1.jpg","morenews-large":"https:\/\/pornuestrolaredo.com\/wp-content\/uploads\/2025\/04\/Stereo91-202504224-1.jpg","morenews-medium":"https:\/\/pornuestrolaredo.com\/wp-content\/uploads\/2025\/04\/Stereo91-202504224-1.jpg"},"magazineBlocksPostAuthor":{"name":"Redactor","avatar":"https:\/\/pornuestrolaredo.com\/wp-content\/litespeed\/avatar\/dca1d7ec750c399f025f23b0b314f4cf.jpg?ver=1777612120"},"magazineBlocksPostCommentsNumber":false,"magazineBlocksPostExcerpt":"Francisco descansar\u00e1 en la bas\u00edlica romana de Santa Mar\u00eda La Mayor y los fieles podr\u00e1n visitarlo desde el pr\u00f3ximo domingo","magazineBlocksPostCategories":["El Mundo"],"magazineBlocksPostViewCount":122,"magazineBlocksPostReadTime":1,"magazine_blocks_featured_image_url":{"full":["https:\/\/pornuestrolaredo.com\/wp-content\/uploads\/2025\/04\/Stereo91-202504224-1.jpg",1080,683,false],"medium":["https:\/\/pornuestrolaredo.com\/wp-content\/uploads\/2025\/04\/Stereo91-202504224-1-300x190.jpg",300,190,true],"thumbnail":["https:\/\/pornuestrolaredo.com\/wp-content\/uploads\/2025\/04\/Stereo91-202504224-1-150x150.jpg",150,150,true]},"magazine_blocks_author":{"display_name":"Redactor","author_link":"https:\/\/pornuestrolaredo.com\/?author=1"},"magazine_blocks_comment":0,"magazine_blocks_author_image":"https:\/\/pornuestrolaredo.com\/wp-content\/litespeed\/avatar\/dca1d7ec750c399f025f23b0b314f4cf.jpg?ver=1777612120","magazine_blocks_category":"<a href=\"#\" class=\"category-link category-link-9\">El Mundo<\/a>","jetpack_publicize_connections":[],"featured_image_urls":{"full":["https:\/\/pornuestrolaredo.com\/wp-content\/uploads\/2025\/04\/Stereo91-202504224-1.jpg",1080,683,false],"thumbnail":["https:\/\/pornuestrolaredo.com\/wp-content\/uploads\/2025\/04\/Stereo91-202504224-1-150x150.jpg",150,150,true],"medium":["https:\/\/pornuestrolaredo.com\/wp-content\/uploads\/2025\/04\/Stereo91-202504224-1-300x190.jpg",300,190,true],"medium_large":["https:\/\/pornuestrolaredo.com\/wp-content\/uploads\/2025\/04\/Stereo91-202504224-1-768x486.jpg",640,405,true],"large":["https:\/\/pornuestrolaredo.com\/wp-content\/uploads\/2025\/04\/Stereo91-202504224-1-1000x632.jpg",640,404,true],"1536x1536":["https:\/\/pornuestrolaredo.com\/wp-content\/uploads\/2025\/04\/Stereo91-202504224-1.jpg",1080,683,false],"2048x2048":["https:\/\/pornuestrolaredo.com\/wp-content\/uploads\/2025\/04\/Stereo91-202504224-1.jpg",1080,683,false],"morenews-large":["https:\/\/pornuestrolaredo.com\/wp-content\/uploads\/2025\/04\/Stereo91-202504224-1.jpg",825,522,false],"morenews-medium":["https:\/\/pornuestrolaredo.com\/wp-content\/uploads\/2025\/04\/Stereo91-202504224-1.jpg",590,373,false]},"author_info":{"info":["Redactor"]},"category_info":"<a href=\"https:\/\/pornuestrolaredo.com\/?cat=9\" rel=\"category\">El Mundo<\/a>","tag_info":"El Mundo","comment_count":"0","jetpack_featured_media_url":"https:\/\/pornuestrolaredo.com\/wp-content\/uploads\/2025\/04\/Stereo91-202504224-1.jpg","jetpack_sharing_enabled":true,"_links":{"self":[{"href":"https:\/\/pornuestrolaredo.com\/index.php?rest_route=\/wp\/v2\/posts\/6555","targetHints":{"allow":["GET"]}}],"collection":[{"href":"https:\/\/pornuestrolaredo.com\/index.php?rest_route=\/wp\/v2\/posts"}],"about":[{"href":"https:\/\/pornuestrolaredo.com\/index.php?rest_route=\/wp\/v2\/types\/post"}],"author":[{"embeddable":true,"href":"https:\/\/pornuestrolaredo.com\/index.php?rest_route=\/wp\/v2\/users\/1"}],"replies":[{"embeddable":true,"href":"https:\/\/pornuestrolaredo.com\/index.php?rest_route=%2Fwp%2Fv2%2Fcomments&post=6555"}],"version-history":[{"count":1,"href":"https:\/\/pornuestrolaredo.com\/index.php?rest_route=\/wp\/v2\/posts\/6555\/revisions"}],"predecessor-version":[{"id":6557,"href":"https:\/\/pornuestrolaredo.com\/index.php?rest_route=\/wp\/v2\/posts\/6555\/revisions\/6557"}],"wp:featuredmedia":[{"embeddable":true,"href":"https:\/\/pornuestrolaredo.com\/index.php?rest_route=\/wp\/v2\/media\/6556"}],"wp:attachment":[{"href":"https:\/\/pornuestrolaredo.com\/index.php?rest_route=%2Fwp%2Fv2%2Fmedia&parent=6555"}],"wp:term":[{"taxonomy":"category","embeddable":true,"href":"https:\/\/pornuestrolaredo.com\/index.php?rest_route=%2Fwp%2Fv2%2Fcategories&post=6555"},{"taxonomy":"post_tag","embeddable":true,"href":"https:\/\/pornuestrolaredo.com\/index.php?rest_route=%2Fwp%2Fv2%2Ftags&post=6555"}],"curies":[{"name":"wp","href":"https:\/\/api.w.org\/{rel}","templated":true}]}}