{"id":6562,"date":"2025-04-24T22:39:03","date_gmt":"2025-04-25T03:39:03","guid":{"rendered":"https:\/\/pornuestrolaredo.com\/?p=6562"},"modified":"2025-04-24T22:39:03","modified_gmt":"2025-04-25T03:39:03","slug":"usaran-en-texas-fondos-publicos-para-escuelas-particulares","status":"publish","type":"post","link":"https:\/\/pornuestrolaredo.com\/?p=6562","title":{"rendered":"Usar\u00e1n en Texas fondos p\u00fablicos para escuelas particulares"},"content":{"rendered":"<p><strong><em>AUSTIN, Texas.-<\/em> <\/strong>Los legisladores de Texas aprobaron el jueves un proyecto de ley de educaci\u00f3n de 1mil millones de d\u00f3lares que les permite a las familias usar fondos p\u00fablicos para pagar la matr\u00edcula de escuelas privadas, lo que significa una importante victoria para los defensores de los vales escolares a nivel nacional y que fue aplaudida por el presidente Donald Trump.<\/p>\n<p>La medida obtuvo la aprobaci\u00f3n final del Senado estatal y ahora pasar\u00e1 al escritorio del gobernador, el republicano Greg Abbott, quien hab\u00eda presionado a la mayor\u00eda republicana de la Legislatura a aprobar una iniciativa que prometi\u00f3 promulgar lo m\u00e1s pronto posible.<\/p>\n<p>M\u00e1s de 30 estados del pa\u00eds han implementado alg\u00fan tipo de programa de vales y, en los \u00faltimos a\u00f1os, cerca de una docena de entidades han lanzado o ampliado programas que vuelven elegibles a la mayor\u00eda de los estudiantes. La versi\u00f3n de Texas ser\u00e1 una de las m\u00e1s extensas del pa\u00eds y es considerada como una gran victoria para los grupos que esperan impulsar un esfuerzo similar a nivel federal.<\/p>\n<blockquote><p>La libre elecci\u00f3n de escuela ha llegado a Texas\u201d, afirm\u00f3 el vicegobernador Dan Patrick, un republicano que controla el Senado y que ha impulsado un programa de vales durante casi 20 a\u00f1os.<\/p><\/blockquote>\n<p>Durante d\u00e9cadas, los intentos en Texas hab\u00edan fracasado ante la fuerte oposici\u00f3n de los dem\u00f3cratas y los republicanos de zonas rurales que lo consideraban una amenaza para las escuelas p\u00fablicas en un estado que actualmente tiene m\u00e1s de 5 millones de estudiantes en aulas p\u00fablicas.<\/p>\n<p>Pero los partidarios ganaron terreno gradualmente y Abbott, un gobernador durante tres periodos, aplic\u00f3 su presi\u00f3n pol\u00edtica a la medida durante las elecciones de 2024, al brindar su respaldo a varios candidatos que se hab\u00edan expresado a favor. Estas labores fueron la base del apoyo mayoritario que necesitaba el tema despu\u00e9s de varias d\u00e9cadas de fracasos.<\/p>\n<p>Trump desempe\u00f1\u00f3 un papel clave para lograr la aprobaci\u00f3n de la medida en una votaci\u00f3n crucial en la c\u00e1mara baja del estado la semana pasada, cuando sostuvo una conversaci\u00f3n telef\u00f3nica con un grupo de legisladores republicanos a quienes inst\u00f3 a aprobar el proyecto de ley.<\/p>\n<p>En su primer a\u00f1o, el programa estar\u00eda limitado a 1.000 millones de d\u00f3lares y ser\u00eda utilizado por hasta 90.000 estudiantes, pero el monto podr\u00eda aumentar a casi 4.500 millones por a\u00f1o para 2030. El dinero puede usarse para la matr\u00edcula de escuelas privadas o costos de programas de educaci\u00f3n en el hogar y aprendizaje a distancia. Las familias podr\u00edan recibir hasta 10.000 d\u00f3lares anuales por estudiante, mientras que los alumnos con discapacidades ser\u00edan elegible a recibir hasta 30.000 d\u00f3lares al a\u00f1o.<\/p>\n<p>Los partidarios de la medida afirman que los vales pueden ayudar a los padres a sacar a sus hijos de escuelas p\u00fablicas de bajo rendimiento y crear una competencia que obligar\u00e1 a las escuelas p\u00fablicas a mejorar.<\/p>\n<blockquote><p>Lo \u00fanico que faltaba en nuestro proceso educativo que realmente ha hecho grande a Estados Unidos es la competencia\u201d, expres\u00f3 el senador estatal republicano Bob Hall.<\/p><\/blockquote>\n<p>Sin embargo, los cr\u00edticos argumentan que el plan perjudicar\u00e1 a las escuelas p\u00fablicas al retirarles dinero y recursos y d\u00e1rselos a las escuelas privadas, que pueden tener una matr\u00edcula selectiva y no operar bajo algunas de las mismas reglas.<\/p>\n<p>Adem\u00e1s, argumentan que pondr\u00e1 dinero en el bolsillo de las familias m\u00e1s ricas que ya env\u00edan a sus hijos a costosas escuelas privadas.<\/p>\n<p>El proyecto de ley \u201cno se trata de \u2018elecci\u00f3n de escuela\u2019\u201d, dijo la bancada dem\u00f3crata del Senado en un comunicado. \u201cSe trata de la subvenci\u00f3n p\u00fablica de la elecci\u00f3n de las escuelas privadas. Es un paso en la direcci\u00f3n contraria para Texas\u201d.<\/p>\n<p>No todos los republicanos a nivel nacional coinciden. El lunes, el gobernador de Dakota del Norte, Kelly Armstrong, vet\u00f3 un programa de vales para escuelas privadas, argumentando que la iniciativa se quedaba \u201cmuy corta de expandir realmente la elecci\u00f3n ya que s\u00f3lo impacta a un sector de nuestra poblaci\u00f3n estudiantil\u201d.<\/p>\n","protected":false},"excerpt":{"rendered":"<p>El Senado estatal aprueba que las familias usen dinero del erario para pagar las colegiaturas en instituciones privadas<\/p>\n","protected":false},"author":1,"featured_media":6563,"comment_status":"closed","ping_status":"closed","sticky":false,"template":"","format":"standard","meta":{"_crdt_document":"","_jetpack_memberships_contains_paid_content":false,"footnotes":"","jetpack_publicize_message":"","jetpack_publicize_feature_enabled":true,"jetpack_social_post_already_shared":true,"jetpack_social_options":{"image_generator_settings":{"template":"highway","default_image_id":0,"font":"","enabled":false},"version":2},"_wpas_customize_per_network":false},"categories":[9],"tags":[],"class_list":["post-6562","post","type-post","status-publish","format-standard","has-post-thumbnail","hentry","category-el-mundo"],"magazineBlocksPostFeaturedMedia":{"thumbnail":"https:\/\/pornuestrolaredo.com\/wp-content\/uploads\/2025\/04\/Stereo91-202504224-2-150x150.jpg","medium":"https:\/\/pornuestrolaredo.com\/wp-content\/uploads\/2025\/04\/Stereo91-202504224-2-300x176.jpg","medium_large":"https:\/\/pornuestrolaredo.com\/wp-content\/uploads\/2025\/04\/Stereo91-202504224-2-768x451.jpg","large":"https:\/\/pornuestrolaredo.com\/wp-content\/uploads\/2025\/04\/Stereo91-202504224-2.jpg","1536x1536":"https:\/\/pornuestrolaredo.com\/wp-content\/uploads\/2025\/04\/Stereo91-202504224-2.jpg","2048x2048":"https:\/\/pornuestrolaredo.com\/wp-content\/uploads\/2025\/04\/Stereo91-202504224-2.jpg","morenews-large":"https:\/\/pornuestrolaredo.com\/wp-content\/uploads\/2025\/04\/Stereo91-202504224-2.jpg","morenews-medium":"https:\/\/pornuestrolaredo.com\/wp-content\/uploads\/2025\/04\/Stereo91-202504224-2.jpg"},"magazineBlocksPostAuthor":{"name":"Redactor","avatar":"https:\/\/pornuestrolaredo.com\/wp-content\/litespeed\/avatar\/dca1d7ec750c399f025f23b0b314f4cf.jpg?ver=1777612120"},"magazineBlocksPostCommentsNumber":false,"magazineBlocksPostExcerpt":"El Senado estatal aprueba que las familias usen dinero del erario para pagar las colegiaturas en instituciones privadas","magazineBlocksPostCategories":["El Mundo"],"magazineBlocksPostViewCount":111,"magazineBlocksPostReadTime":4,"magazine_blocks_featured_image_url":{"full":["https:\/\/pornuestrolaredo.com\/wp-content\/uploads\/2025\/04\/Stereo91-202504224-2.jpg",980,576,false],"medium":["https:\/\/pornuestrolaredo.com\/wp-content\/uploads\/2025\/04\/Stereo91-202504224-2-300x176.jpg",300,176,true],"thumbnail":["https:\/\/pornuestrolaredo.com\/wp-content\/uploads\/2025\/04\/Stereo91-202504224-2-150x150.jpg",150,150,true]},"magazine_blocks_author":{"display_name":"Redactor","author_link":"https:\/\/pornuestrolaredo.com\/?author=1"},"magazine_blocks_comment":0,"magazine_blocks_author_image":"https:\/\/pornuestrolaredo.com\/wp-content\/litespeed\/avatar\/dca1d7ec750c399f025f23b0b314f4cf.jpg?ver=1777612120","magazine_blocks_category":"<a href=\"#\" class=\"category-link category-link-9\">El Mundo<\/a>","jetpack_publicize_connections":[],"featured_image_urls":{"full":["https:\/\/pornuestrolaredo.com\/wp-content\/uploads\/2025\/04\/Stereo91-202504224-2.jpg",980,576,false],"thumbnail":["https:\/\/pornuestrolaredo.com\/wp-content\/uploads\/2025\/04\/Stereo91-202504224-2-150x150.jpg",150,150,true],"medium":["https:\/\/pornuestrolaredo.com\/wp-content\/uploads\/2025\/04\/Stereo91-202504224-2-300x176.jpg",300,176,true],"medium_large":["https:\/\/pornuestrolaredo.com\/wp-content\/uploads\/2025\/04\/Stereo91-202504224-2-768x451.jpg",640,376,true],"large":["https:\/\/pornuestrolaredo.com\/wp-content\/uploads\/2025\/04\/Stereo91-202504224-2.jpg",640,376,false],"1536x1536":["https:\/\/pornuestrolaredo.com\/wp-content\/uploads\/2025\/04\/Stereo91-202504224-2.jpg",980,576,false],"2048x2048":["https:\/\/pornuestrolaredo.com\/wp-content\/uploads\/2025\/04\/Stereo91-202504224-2.jpg",980,576,false],"morenews-large":["https:\/\/pornuestrolaredo.com\/wp-content\/uploads\/2025\/04\/Stereo91-202504224-2.jpg",825,485,false],"morenews-medium":["https:\/\/pornuestrolaredo.com\/wp-content\/uploads\/2025\/04\/Stereo91-202504224-2.jpg",590,347,false]},"author_info":{"info":["Redactor"]},"category_info":"<a href=\"https:\/\/pornuestrolaredo.com\/?cat=9\" rel=\"category\">El Mundo<\/a>","tag_info":"El Mundo","comment_count":"0","jetpack_featured_media_url":"https:\/\/pornuestrolaredo.com\/wp-content\/uploads\/2025\/04\/Stereo91-202504224-2.jpg","jetpack_sharing_enabled":true,"_links":{"self":[{"href":"https:\/\/pornuestrolaredo.com\/index.php?rest_route=\/wp\/v2\/posts\/6562","targetHints":{"allow":["GET"]}}],"collection":[{"href":"https:\/\/pornuestrolaredo.com\/index.php?rest_route=\/wp\/v2\/posts"}],"about":[{"href":"https:\/\/pornuestrolaredo.com\/index.php?rest_route=\/wp\/v2\/types\/post"}],"author":[{"embeddable":true,"href":"https:\/\/pornuestrolaredo.com\/index.php?rest_route=\/wp\/v2\/users\/1"}],"replies":[{"embeddable":true,"href":"https:\/\/pornuestrolaredo.com\/index.php?rest_route=%2Fwp%2Fv2%2Fcomments&post=6562"}],"version-history":[{"count":1,"href":"https:\/\/pornuestrolaredo.com\/index.php?rest_route=\/wp\/v2\/posts\/6562\/revisions"}],"predecessor-version":[{"id":6564,"href":"https:\/\/pornuestrolaredo.com\/index.php?rest_route=\/wp\/v2\/posts\/6562\/revisions\/6564"}],"wp:featuredmedia":[{"embeddable":true,"href":"https:\/\/pornuestrolaredo.com\/index.php?rest_route=\/wp\/v2\/media\/6563"}],"wp:attachment":[{"href":"https:\/\/pornuestrolaredo.com\/index.php?rest_route=%2Fwp%2Fv2%2Fmedia&parent=6562"}],"wp:term":[{"taxonomy":"category","embeddable":true,"href":"https:\/\/pornuestrolaredo.com\/index.php?rest_route=%2Fwp%2Fv2%2Fcategories&post=6562"},{"taxonomy":"post_tag","embeddable":true,"href":"https:\/\/pornuestrolaredo.com\/index.php?rest_route=%2Fwp%2Fv2%2Ftags&post=6562"}],"curies":[{"name":"wp","href":"https:\/\/api.w.org\/{rel}","templated":true}]}}