{"id":6568,"date":"2025-04-28T23:34:47","date_gmt":"2025-04-29T04:34:47","guid":{"rendered":"https:\/\/pornuestrolaredo.com\/?p=6568"},"modified":"2025-04-28T23:34:47","modified_gmt":"2025-04-29T04:34:47","slug":"se-quedan-sin-luz-espana-y-portugal","status":"publish","type":"post","link":"https:\/\/pornuestrolaredo.com\/?p=6568","title":{"rendered":"Se quedan sin luz Espa\u00f1a y Portugal"},"content":{"rendered":"<p><strong><em>BARCELONA.-<\/em><\/strong>  Un apag\u00f3n sin precedentes paraliz\u00f3 el lunes a buena parte de Espa\u00f1a y Portugal, dejando a miles de pasajeros varados a bordo de trenes y a millones de personas sin cobertura telef\u00f3nica e internet ni acceso a efectivo en cajeros autom\u00e1ticos en toda la pen\u00ednsula ib\u00e9rica.<\/p>\n<p>Las autoridades trabajaban en la madrugada del martes para restablecer el servicio. A las 4:00 de la ma\u00f1ana, en Espa\u00f1a se hab\u00eda recuperado el 87,37% de la demanda nacional. El presidente del gobierno espa\u00f1ol, Pedro S\u00e1nchez hab\u00eda prometi\u00f3 que los 48 millones de habitantes del pa\u00eds volver\u00edan a tener luz para el final del martes.<\/p>\n<p>El colapso repentino de la red el\u00e9ctrica dej\u00f3 a las autoridades en busca de una causa, una inc\u00f3gnita que no se despej\u00f3 con el paso de las horas. S\u00e1nchez se dirigi\u00f3 a la naci\u00f3n y dijo que casi 11 horas despu\u00e9s de que el pa\u00eds se paraliz\u00f3, los expertos del gobierno a\u00fan trataban de determinar lo que hab\u00eda sucedido.<\/p>\n<blockquote><p>Nunca hab\u00eda ocurrido una ca\u00edda a cero del sistema\u201d, dijo S\u00e1nchez, antes de detallar que a las 12:33 p.m. del lunes, la red el\u00e9ctrica de Espa\u00f1a perdi\u00f3 15 gigavatios \u2014el equivalente al 60% de su demanda nacional\u2014 en cuesti\u00f3n de cinco segundos.<\/p><\/blockquote>\n<p>Eduardo Prieto, director de operaciones de Red El\u00e9ctrica, calific\u00f3 el evento como excepcional y extraordinario.<\/p>\n<p>Se trata del segundo apag\u00f3n generalizado en Europa en menos de seis semanas, despu\u00e9s de que un incendio oblig\u00f3 al cierre del aeropuerto de Heathrow en Reino Unido el pasado 20 de marzo. El corte energ\u00e9tico se produce mientras las autoridades de toda Europa se preparan contra un sabotaje respaldado por Rusia.<\/p>\n<p>El Centro Nacional de Ciberseguridad de Portugal emiti\u00f3 un comunicado en el que se\u00f1al\u00f3 que no hab\u00eda indicios de que el apag\u00f3n estuviera relacionado con alg\u00fan ciberataque. Teresa Ribera, vicepresidenta ejecutiva de la Comisi\u00f3n Europea encargada de promover la energ\u00eda limpia, declar\u00f3 lo mismo a periodistas en Bruselas y describi\u00f3 el corte del suministro como \u201cuno de los episodios m\u00e1s graves que se hayan registrado en Europa en los \u00faltimos tiempos\u201d.<\/p>\n<blockquote><p>Se est\u00e1n analizando todas las causas potenciales sin descartar ninguna hip\u00f3tesis\u201d, dijo S\u00e1nchez.<\/p><\/blockquote>\n<p>El apag\u00f3n comenz\u00f3 despu\u00e9s del mediod\u00eda. Las oficinas cerraron y el tr\u00e1fico se congestion\u00f3 en Madrid y Lisboa, mientras que en Barcelona algunos civiles se vieron obligados a dirigir el tr\u00e1fico. Los servicios de trenes en ambos pa\u00edses se detuvieron.<\/p>\n<p>Los servicios de emergencia y los trabajadores ferroviarios en Espa\u00f1a tuvieron que ayudar a evacuar a unos 35.000 pasajeros de m\u00e1s de 100 trenes que se detuvieron en las v\u00edas al momento del apag\u00f3n. Para las 11 de la noche, a\u00fan hab\u00eda 11 trenes que necesitaban ser evacuados.<\/p>\n<p>Los sistemas de metro dejaron de operar<\/p>\n<p>En Barcelona, las personas hac\u00edan largas filas para poder abordar los autobuses que circulaban completamente llenos de personas que no ten\u00edan otro medio para volver a casa.<\/p>\n<p>Hospitales y servicios de emergencia depend\u00edan de generadores. Las gasolineras tambi\u00e9n dejaron de funcionar. No era posible hacer llamadas en la mayor\u00eda de las redes de telefon\u00eda m\u00f3vil, aunque algunas aplicaciones funcionaban de manera intermitente. Personas salieron a las tiendas para comprar radios de bater\u00edas.<\/p>\n","protected":false},"excerpt":{"rendered":"<p>Miles de pasajeros quedan varados a bordo de trenes y a millones de personas sin cobertura telef\u00f3nica e internet por el mega-apag\u00f3n<\/p>\n","protected":false},"author":1,"featured_media":6569,"comment_status":"closed","ping_status":"closed","sticky":false,"template":"","format":"standard","meta":{"_crdt_document":"","_jetpack_memberships_contains_paid_content":false,"footnotes":"","jetpack_publicize_message":"","jetpack_publicize_feature_enabled":true,"jetpack_social_post_already_shared":true,"jetpack_social_options":{"image_generator_settings":{"template":"highway","default_image_id":0,"font":"","enabled":false},"version":2},"_wpas_customize_per_network":false},"categories":[9],"tags":[],"class_list":["post-6568","post","type-post","status-publish","format-standard","has-post-thumbnail","hentry","category-el-mundo"],"magazineBlocksPostFeaturedMedia":{"thumbnail":"https:\/\/pornuestrolaredo.com\/wp-content\/uploads\/2025\/04\/PNL-20250428-3-150x150.jpg","medium":"https:\/\/pornuestrolaredo.com\/wp-content\/uploads\/2025\/04\/PNL-20250428-3-300x200.jpg","medium_large":"https:\/\/pornuestrolaredo.com\/wp-content\/uploads\/2025\/04\/PNL-20250428-3-768x512.jpg","large":"https:\/\/pornuestrolaredo.com\/wp-content\/uploads\/2025\/04\/PNL-20250428-3-1000x667.jpg","1536x1536":"https:\/\/pornuestrolaredo.com\/wp-content\/uploads\/2025\/04\/PNL-20250428-3-1536x1024.jpg","2048x2048":"https:\/\/pornuestrolaredo.com\/wp-content\/uploads\/2025\/04\/PNL-20250428-3-2048x1366.jpg","morenews-large":"https:\/\/pornuestrolaredo.com\/wp-content\/uploads\/2025\/04\/PNL-20250428-3-scaled.jpg","morenews-medium":"https:\/\/pornuestrolaredo.com\/wp-content\/uploads\/2025\/04\/PNL-20250428-3-scaled.jpg"},"magazineBlocksPostAuthor":{"name":"Redactor","avatar":"https:\/\/pornuestrolaredo.com\/wp-content\/litespeed\/avatar\/dca1d7ec750c399f025f23b0b314f4cf.jpg?ver=1777612120"},"magazineBlocksPostCommentsNumber":false,"magazineBlocksPostExcerpt":"Miles de pasajeros quedan varados a bordo de trenes y a millones de personas sin cobertura telef\u00f3nica e internet por el mega-apag\u00f3n","magazineBlocksPostCategories":["El Mundo"],"magazineBlocksPostViewCount":109,"magazineBlocksPostReadTime":3,"magazine_blocks_featured_image_url":{"full":["https:\/\/pornuestrolaredo.com\/wp-content\/uploads\/2025\/04\/PNL-20250428-3-scaled.jpg",2560,1707,false],"medium":["https:\/\/pornuestrolaredo.com\/wp-content\/uploads\/2025\/04\/PNL-20250428-3-300x200.jpg",300,200,true],"thumbnail":["https:\/\/pornuestrolaredo.com\/wp-content\/uploads\/2025\/04\/PNL-20250428-3-150x150.jpg",150,150,true]},"magazine_blocks_author":{"display_name":"Redactor","author_link":"https:\/\/pornuestrolaredo.com\/?author=1"},"magazine_blocks_comment":0,"magazine_blocks_author_image":"https:\/\/pornuestrolaredo.com\/wp-content\/litespeed\/avatar\/dca1d7ec750c399f025f23b0b314f4cf.jpg?ver=1777612120","magazine_blocks_category":"<a href=\"#\" class=\"category-link category-link-9\">El Mundo<\/a>","jetpack_publicize_connections":[],"featured_image_urls":{"full":["https:\/\/pornuestrolaredo.com\/wp-content\/uploads\/2025\/04\/PNL-20250428-3-scaled.jpg",2560,1707,false],"thumbnail":["https:\/\/pornuestrolaredo.com\/wp-content\/uploads\/2025\/04\/PNL-20250428-3-150x150.jpg",150,150,true],"medium":["https:\/\/pornuestrolaredo.com\/wp-content\/uploads\/2025\/04\/PNL-20250428-3-300x200.jpg",300,200,true],"medium_large":["https:\/\/pornuestrolaredo.com\/wp-content\/uploads\/2025\/04\/PNL-20250428-3-768x512.jpg",640,427,true],"large":["https:\/\/pornuestrolaredo.com\/wp-content\/uploads\/2025\/04\/PNL-20250428-3-1000x667.jpg",640,427,true],"1536x1536":["https:\/\/pornuestrolaredo.com\/wp-content\/uploads\/2025\/04\/PNL-20250428-3-1536x1024.jpg",1536,1024,true],"2048x2048":["https:\/\/pornuestrolaredo.com\/wp-content\/uploads\/2025\/04\/PNL-20250428-3-2048x1366.jpg",2048,1366,true],"morenews-large":["https:\/\/pornuestrolaredo.com\/wp-content\/uploads\/2025\/04\/PNL-20250428-3-scaled.jpg",825,550,false],"morenews-medium":["https:\/\/pornuestrolaredo.com\/wp-content\/uploads\/2025\/04\/PNL-20250428-3-scaled.jpg",590,393,false]},"author_info":{"info":["Redactor"]},"category_info":"<a href=\"https:\/\/pornuestrolaredo.com\/?cat=9\" rel=\"category\">El Mundo<\/a>","tag_info":"El Mundo","comment_count":"0","jetpack_featured_media_url":"https:\/\/pornuestrolaredo.com\/wp-content\/uploads\/2025\/04\/PNL-20250428-3-scaled.jpg","jetpack_sharing_enabled":true,"_links":{"self":[{"href":"https:\/\/pornuestrolaredo.com\/index.php?rest_route=\/wp\/v2\/posts\/6568","targetHints":{"allow":["GET"]}}],"collection":[{"href":"https:\/\/pornuestrolaredo.com\/index.php?rest_route=\/wp\/v2\/posts"}],"about":[{"href":"https:\/\/pornuestrolaredo.com\/index.php?rest_route=\/wp\/v2\/types\/post"}],"author":[{"embeddable":true,"href":"https:\/\/pornuestrolaredo.com\/index.php?rest_route=\/wp\/v2\/users\/1"}],"replies":[{"embeddable":true,"href":"https:\/\/pornuestrolaredo.com\/index.php?rest_route=%2Fwp%2Fv2%2Fcomments&post=6568"}],"version-history":[{"count":1,"href":"https:\/\/pornuestrolaredo.com\/index.php?rest_route=\/wp\/v2\/posts\/6568\/revisions"}],"predecessor-version":[{"id":6570,"href":"https:\/\/pornuestrolaredo.com\/index.php?rest_route=\/wp\/v2\/posts\/6568\/revisions\/6570"}],"wp:featuredmedia":[{"embeddable":true,"href":"https:\/\/pornuestrolaredo.com\/index.php?rest_route=\/wp\/v2\/media\/6569"}],"wp:attachment":[{"href":"https:\/\/pornuestrolaredo.com\/index.php?rest_route=%2Fwp%2Fv2%2Fmedia&parent=6568"}],"wp:term":[{"taxonomy":"category","embeddable":true,"href":"https:\/\/pornuestrolaredo.com\/index.php?rest_route=%2Fwp%2Fv2%2Fcategories&post=6568"},{"taxonomy":"post_tag","embeddable":true,"href":"https:\/\/pornuestrolaredo.com\/index.php?rest_route=%2Fwp%2Fv2%2Ftags&post=6568"}],"curies":[{"name":"wp","href":"https:\/\/api.w.org\/{rel}","templated":true}]}}