{"id":657,"date":"2022-10-21T04:17:31","date_gmt":"2022-10-21T04:17:31","guid":{"rendered":"https:\/\/pornuestrolaredo.com\/?p=657"},"modified":"2022-10-21T04:17:31","modified_gmt":"2022-10-21T04:17:31","slug":"avanza-gobierno-municipal-en-entrega-de-utiles-y-uniformes%ef%bf%bc","status":"publish","type":"post","link":"https:\/\/pornuestrolaredo.com\/?p=657","title":{"rendered":"Avanza Gobierno Municipal en entrega de \u00fatiles y uniformes\ufffc"},"content":{"rendered":"\n<p class=\"wp-block-paragraph\"><strong><em>NUEVO LAREDO.-<\/em><\/strong> Julia Elida Ortega, regidora presidenta de la Comisi\u00f3n de Educaci\u00f3n, inform\u00f3 que hay un avance de m\u00e1s del 70 por ciento en la entrega de uniformes, mochilas y \u00fatiles escolares para las escuelas p\u00fablicas que lo solicitaron.<\/p>\n\n\n\n<p class=\"wp-block-paragraph\">Coment\u00f3 que el Gobierno Municipal tiene destinado entregar m\u00e1s de 74 mil mochilas y uniformes, as\u00ed como 964 mil \u00fatiles escolares para alumnos de preescolar, primaria y secundaria, con la finalidad de incentivar a los estudiantes y generar un ahorro para los padres de familia.<\/p>\n\n\n\n<blockquote class=\"wp-block-quote is-layout-flow wp-block-quote-is-layout-flow\"><p>Ahorita ya terminamos con la entrega de uniformes a secundarias generales y t\u00e9cnicas, llevamos un buen porcentaje de entrega en nivel primaria y preescolar, llevamos entre un 70 y 75 por ciento de avance, estamos trabajando en tiempo y forma para que se entreguen en su totalidad\u201d, se\u00f1al\u00f3.<\/p><\/blockquote>\n\n\n\n<p class=\"wp-block-paragraph\">La regidora mencion\u00f3 que estos Apoyos Escolares llegar\u00e1n a los estudiantes de 280 escuelas p\u00fablicas de nivel b\u00e1sico en la ciudad.<\/p>\n\n\n\n<blockquote class=\"wp-block-quote is-layout-flow wp-block-quote-is-layout-flow\"><p>Cada director viene a recoger sus paquetes de uniformes y \u00fatiles, los uniformes contienen camisa y pantal\u00f3n, blusa y falda para nivel preescolar y primaria; camisa y pantal\u00f3n, as\u00ed como jumper para los alumnos y alumnas de secundaria\u201d, detall\u00f3.<\/p><\/blockquote>\n\n\n\n<p class=\"wp-block-paragraph\">Recalc\u00f3 que, a trav\u00e9s de esta iniciativa, la alcaldesa Carmen Lilia Canturosas Villarreal logra mejorar el aprendizaje de la poblaci\u00f3n estudiantil, pero sobre todo apoya la econom\u00eda de los padres de familia.<\/p>\n\n\n\n<p class=\"wp-block-paragraph\">Ortega agreg\u00f3 que se estar\u00e1 citando a los directores de las escuelas que faltan para que acudan a recoger sus paquetes de uniformes y \u00fatiles escolares. <\/p>\n\n\n\n<blockquote class=\"wp-block-quote is-layout-flow wp-block-quote-is-layout-flow\"><p>La entrega de estos apoyos se est\u00e1 realizando de manera ordenada, los padres de familia est\u00e1n muy contentos, hemos recibido muchos mensajes de agradecimiento por estos uniformes\u201d, finaliz\u00f3.<\/p><\/blockquote>\n","protected":false},"excerpt":{"rendered":"<p>NUEVO LAREDO.- Julia Elida Ortega, regidora presidenta de la Comisi\u00f3n de Educaci\u00f3n, inform\u00f3 que hay un avance de<\/p>\n","protected":false},"author":1,"featured_media":658,"comment_status":"open","ping_status":"open","sticky":false,"template":"","format":"standard","meta":{"_crdt_document":"","_jetpack_memberships_contains_paid_content":false,"footnotes":"","jetpack_publicize_message":"Se entregar\u00e1n m\u00e1s de 74 mil mochilas y uniformes, as\u00ed como 964 mil \u00fatiles escolares para alumnos de preescolar, primaria y secundaria","jetpack_publicize_feature_enabled":true,"jetpack_social_post_already_shared":true,"jetpack_social_options":{"image_generator_settings":{"template":"highway","default_image_id":0,"font":"","enabled":false},"version":2},"_wpas_customize_per_network":false},"categories":[5],"tags":[],"class_list":["post-657","post","type-post","status-publish","format-standard","has-post-thumbnail","hentry","category-dos-laredos"],"magazineBlocksPostFeaturedMedia":{"thumbnail":"https:\/\/pornuestrolaredo.com\/wp-content\/uploads\/2022\/10\/PNL-20221020-1-150x150.jpg","medium":"https:\/\/pornuestrolaredo.com\/wp-content\/uploads\/2022\/10\/PNL-20221020-1-300x193.jpg","medium_large":"https:\/\/pornuestrolaredo.com\/wp-content\/uploads\/2022\/10\/PNL-20221020-1-768x494.jpg","large":"https:\/\/pornuestrolaredo.com\/wp-content\/uploads\/2022\/10\/PNL-20221020-1-1024x658.jpg","1536x1536":"https:\/\/pornuestrolaredo.com\/wp-content\/uploads\/2022\/10\/PNL-20221020-1.jpg","2048x2048":"https:\/\/pornuestrolaredo.com\/wp-content\/uploads\/2022\/10\/PNL-20221020-1.jpg","morenews-large":"https:\/\/pornuestrolaredo.com\/wp-content\/uploads\/2022\/10\/PNL-20221020-1.jpg","morenews-medium":"https:\/\/pornuestrolaredo.com\/wp-content\/uploads\/2022\/10\/PNL-20221020-1.jpg"},"magazineBlocksPostAuthor":{"name":"Redactor","avatar":"https:\/\/pornuestrolaredo.com\/wp-content\/litespeed\/avatar\/dca1d7ec750c399f025f23b0b314f4cf.jpg?ver=1777612120"},"magazineBlocksPostCommentsNumber":false,"magazineBlocksPostExcerpt":"NUEVO LAREDO.- Julia Elida Ortega, regidora presidenta de la Comisi\u00f3n de Educaci\u00f3n, inform\u00f3 que hay un avance de","magazineBlocksPostCategories":["Dos Laredos"],"magazineBlocksPostViewCount":138,"magazineBlocksPostReadTime":2,"magazine_blocks_featured_image_url":{"full":["https:\/\/pornuestrolaredo.com\/wp-content\/uploads\/2022\/10\/PNL-20221020-1.jpg",1280,823,false],"medium":["https:\/\/pornuestrolaredo.com\/wp-content\/uploads\/2022\/10\/PNL-20221020-1-300x193.jpg",300,193,true],"thumbnail":["https:\/\/pornuestrolaredo.com\/wp-content\/uploads\/2022\/10\/PNL-20221020-1-150x150.jpg",150,150,true]},"magazine_blocks_author":{"display_name":"Redactor","author_link":"https:\/\/pornuestrolaredo.com\/?author=1"},"magazine_blocks_comment":0,"magazine_blocks_author_image":"https:\/\/pornuestrolaredo.com\/wp-content\/litespeed\/avatar\/dca1d7ec750c399f025f23b0b314f4cf.jpg?ver=1777612120","magazine_blocks_category":"<a href=\"#\" class=\"category-link category-link-5\">Dos Laredos<\/a>","jetpack_publicize_connections":[],"featured_image_urls":{"full":["https:\/\/pornuestrolaredo.com\/wp-content\/uploads\/2022\/10\/PNL-20221020-1.jpg",1280,823,false],"thumbnail":["https:\/\/pornuestrolaredo.com\/wp-content\/uploads\/2022\/10\/PNL-20221020-1-150x150.jpg",150,150,true],"medium":["https:\/\/pornuestrolaredo.com\/wp-content\/uploads\/2022\/10\/PNL-20221020-1-300x193.jpg",300,193,true],"medium_large":["https:\/\/pornuestrolaredo.com\/wp-content\/uploads\/2022\/10\/PNL-20221020-1-768x494.jpg",640,412,true],"large":["https:\/\/pornuestrolaredo.com\/wp-content\/uploads\/2022\/10\/PNL-20221020-1-1024x658.jpg",640,411,true],"1536x1536":["https:\/\/pornuestrolaredo.com\/wp-content\/uploads\/2022\/10\/PNL-20221020-1.jpg",1280,823,false],"2048x2048":["https:\/\/pornuestrolaredo.com\/wp-content\/uploads\/2022\/10\/PNL-20221020-1.jpg",1280,823,false],"morenews-large":["https:\/\/pornuestrolaredo.com\/wp-content\/uploads\/2022\/10\/PNL-20221020-1.jpg",825,530,false],"morenews-medium":["https:\/\/pornuestrolaredo.com\/wp-content\/uploads\/2022\/10\/PNL-20221020-1.jpg",590,379,false]},"author_info":{"info":["Redactor"]},"category_info":"<a href=\"https:\/\/pornuestrolaredo.com\/?cat=5\" rel=\"category\">Dos Laredos<\/a>","tag_info":"Dos Laredos","comment_count":"0","jetpack_featured_media_url":"https:\/\/pornuestrolaredo.com\/wp-content\/uploads\/2022\/10\/PNL-20221020-1.jpg","jetpack_sharing_enabled":true,"_links":{"self":[{"href":"https:\/\/pornuestrolaredo.com\/index.php?rest_route=\/wp\/v2\/posts\/657","targetHints":{"allow":["GET"]}}],"collection":[{"href":"https:\/\/pornuestrolaredo.com\/index.php?rest_route=\/wp\/v2\/posts"}],"about":[{"href":"https:\/\/pornuestrolaredo.com\/index.php?rest_route=\/wp\/v2\/types\/post"}],"author":[{"embeddable":true,"href":"https:\/\/pornuestrolaredo.com\/index.php?rest_route=\/wp\/v2\/users\/1"}],"replies":[{"embeddable":true,"href":"https:\/\/pornuestrolaredo.com\/index.php?rest_route=%2Fwp%2Fv2%2Fcomments&post=657"}],"version-history":[{"count":1,"href":"https:\/\/pornuestrolaredo.com\/index.php?rest_route=\/wp\/v2\/posts\/657\/revisions"}],"predecessor-version":[{"id":659,"href":"https:\/\/pornuestrolaredo.com\/index.php?rest_route=\/wp\/v2\/posts\/657\/revisions\/659"}],"wp:featuredmedia":[{"embeddable":true,"href":"https:\/\/pornuestrolaredo.com\/index.php?rest_route=\/wp\/v2\/media\/658"}],"wp:attachment":[{"href":"https:\/\/pornuestrolaredo.com\/index.php?rest_route=%2Fwp%2Fv2%2Fmedia&parent=657"}],"wp:term":[{"taxonomy":"category","embeddable":true,"href":"https:\/\/pornuestrolaredo.com\/index.php?rest_route=%2Fwp%2Fv2%2Fcategories&post=657"},{"taxonomy":"post_tag","embeddable":true,"href":"https:\/\/pornuestrolaredo.com\/index.php?rest_route=%2Fwp%2Fv2%2Ftags&post=657"}],"curies":[{"name":"wp","href":"https:\/\/api.w.org\/{rel}","templated":true}]}}