{"id":6572,"date":"2025-04-29T22:59:47","date_gmt":"2025-04-30T03:59:47","guid":{"rendered":"https:\/\/pornuestrolaredo.com\/?p=6572"},"modified":"2025-04-29T22:59:47","modified_gmt":"2025-04-30T03:59:47","slug":"nuevos-cargos-penales-contra-inmigrantes-en-nuevo-mexico","status":"publish","type":"post","link":"https:\/\/pornuestrolaredo.com\/?p=6572","title":{"rendered":"Nuevos cargos penales contra inmigrantes en Nuevo M\u00e9xico"},"content":{"rendered":"<p><strong><em>SANTA FE, Nuevo M\u00e9xico. <\/em>\u2014<\/strong> Inmigrantes que fueron detenidos recientemente en el extremo sur de Nuevo M\u00e9xico ahora enfrentan un nuevo cargo penal por violar un \u00e1rea de defensa nacional, despu\u00e9s de que el Ej\u00e9rcito de Estados Unidos asumi\u00f3 la supervisi\u00f3n de una franja de 274 kil\u00f3metros (170 millas) a lo largo de la frontera estadounidense con M\u00e9xico en cooperaci\u00f3n con las autoridades de inmigraci\u00f3n.<\/p>\n<p>Fiscales federales aplicaron el lunes el cargo adicional por incursi\u00f3n en la reci\u00e9n designada Zona de Defensa Nacional de Nuevo M\u00e9xico a los migrantes que fueron detenidos por la Oficina de Aduanas y Protecci\u00f3n Fronteriza (CBP por sus iniciales en ingl\u00e9s), en momentos en que el Ej\u00e9rcito intensifica sus despliegues en una franja fronteriza que ahora considera una extensi\u00f3n de la Guarnici\u00f3n del Ej\u00e9rcito de Estados Unidos en Fort Huachuca, Arizona.<\/p>\n<p>El gobierno federal afirma que esos soldados tienen la autoridad para detener temporalmente a los intrusos, parte de sus esfuerzos por eludir una ley federal que proh\u00edbe el uso de tropas estadounidenses en la aplicaci\u00f3n de la ley interna en suelo estadounidense.<\/p>\n<p>El Secretario de Defensa, Pete Hegseth, destac\u00f3 los cambios durante su visita del viernes a los soldados desplegados en la frontera de Nuevo M\u00e9xico.<\/p>\n<blockquote><p>Todo ilegal que intente ingresar en esa zona est\u00e1 entrando a una base militar, un \u00e1rea federal protegida &#8220;, afirm\u00f3 junto a un muro fronterizo, en un video publicado en redes sociales. \u201cSer\u00e1 interceptado por tropas estadounidenses y la Patrulla Fronteriza\u201d.<\/p><\/blockquote>\n<p>Rebecca Sheff, abogada de la Uni\u00f3n Americana de Libertades Civiles (ACLU por sus iniciales en ingl\u00e9s) con sede en Nuevo M\u00e9xico, advirti\u00f3 que la franja de protecci\u00f3n militar \u201crepresenta un peligroso deterioro del principio constitucional de que el Ej\u00e9rcito no debe vigilar a los civiles\u201d. Expres\u00f3 su preocupaci\u00f3n de que los ciudadanos estadounidenses que viven cerca de la frontera puedan ser procesados bajo las mismas disposiciones.<\/p>\n<p>Los cargos contra al menos media docena de inmigrantes por ingresar sin autorizaci\u00f3n en propiedad de defensa militar fueron firmados por el fiscal federal Ryan Ellison, quien asumi\u00f3 el cargo el 18 de abril.<\/p>\n<p>Los soldados tienen prohibido realizar tareas de aplicaci\u00f3n de la ley civil en suelo estadounidense seg\u00fan lo establecido en la Ley Posse Comitatus. Una excepci\u00f3n, conocida como la doctrina de prop\u00f3sito militar, lo permite en algunos casos.<\/p>\n<p>El corredor recientemente militarizado incluye la Reserva Roosevelt, una zona de protecci\u00f3n federal de 18 metros (60 pies) de ancho que se extiende a lo largo de la frontera, excepto donde se encuentra con territorios tribales o terrenos de propiedad privada.<\/p>\n<p>Un memorando presidencial transfiri\u00f3 a mediados de abril el control de la Reserva Roosevelt del Departamento del Interior al Departamento de Defensa. El Departamento del Interior tambi\u00e9n ha designado \u00e1reas m\u00e1s all\u00e1 de la Reserva Roosevelt para su transferencia bajo supervisi\u00f3n militar.<\/p>\n<p>Desde entonces, el Ej\u00e9rcito ha anunciado varios despliegues militares para aumentar la vigilancia, expandir caminos y reforzar los muros fronterizos.<\/p>\n","protected":false},"excerpt":{"rendered":"<p>Son acusados de violar un \u00e1rea de defensa nacional, despu\u00e9s de que el Ej\u00e9rcito de Estados Unidos asumi\u00f3 la supervisi\u00f3n de una franja de 274 kil\u00f3metros<\/p>\n","protected":false},"author":1,"featured_media":6573,"comment_status":"closed","ping_status":"closed","sticky":false,"template":"","format":"standard","meta":{"_crdt_document":"","_jetpack_memberships_contains_paid_content":false,"footnotes":"","jetpack_publicize_message":"","jetpack_publicize_feature_enabled":true,"jetpack_social_post_already_shared":true,"jetpack_social_options":{"image_generator_settings":{"template":"highway","default_image_id":0,"font":"","enabled":false},"version":2},"_wpas_customize_per_network":false},"categories":[9],"tags":[],"class_list":["post-6572","post","type-post","status-publish","format-standard","has-post-thumbnail","hentry","category-el-mundo"],"magazineBlocksPostFeaturedMedia":{"thumbnail":"https:\/\/pornuestrolaredo.com\/wp-content\/uploads\/2025\/04\/PNL-20250429-5-150x150.jpg","medium":"https:\/\/pornuestrolaredo.com\/wp-content\/uploads\/2025\/04\/PNL-20250429-5-300x200.jpg","medium_large":"https:\/\/pornuestrolaredo.com\/wp-content\/uploads\/2025\/04\/PNL-20250429-5-768x512.jpg","large":"https:\/\/pornuestrolaredo.com\/wp-content\/uploads\/2025\/04\/PNL-20250429-5.jpg","1536x1536":"https:\/\/pornuestrolaredo.com\/wp-content\/uploads\/2025\/04\/PNL-20250429-5.jpg","2048x2048":"https:\/\/pornuestrolaredo.com\/wp-content\/uploads\/2025\/04\/PNL-20250429-5.jpg","morenews-large":"https:\/\/pornuestrolaredo.com\/wp-content\/uploads\/2025\/04\/PNL-20250429-5.jpg","morenews-medium":"https:\/\/pornuestrolaredo.com\/wp-content\/uploads\/2025\/04\/PNL-20250429-5.jpg"},"magazineBlocksPostAuthor":{"name":"Redactor","avatar":"https:\/\/pornuestrolaredo.com\/wp-content\/litespeed\/avatar\/dca1d7ec750c399f025f23b0b314f4cf.jpg?ver=1777612120"},"magazineBlocksPostCommentsNumber":false,"magazineBlocksPostExcerpt":"Son acusados de violar un \u00e1rea de defensa nacional, despu\u00e9s de que el Ej\u00e9rcito de Estados Unidos asumi\u00f3 la supervisi\u00f3n de una franja de 274 kil\u00f3metros","magazineBlocksPostCategories":["El Mundo"],"magazineBlocksPostViewCount":108,"magazineBlocksPostReadTime":3,"magazine_blocks_featured_image_url":{"full":["https:\/\/pornuestrolaredo.com\/wp-content\/uploads\/2025\/04\/PNL-20250429-5.jpg",980,653,false],"medium":["https:\/\/pornuestrolaredo.com\/wp-content\/uploads\/2025\/04\/PNL-20250429-5-300x200.jpg",300,200,true],"thumbnail":["https:\/\/pornuestrolaredo.com\/wp-content\/uploads\/2025\/04\/PNL-20250429-5-150x150.jpg",150,150,true]},"magazine_blocks_author":{"display_name":"Redactor","author_link":"https:\/\/pornuestrolaredo.com\/?author=1"},"magazine_blocks_comment":0,"magazine_blocks_author_image":"https:\/\/pornuestrolaredo.com\/wp-content\/litespeed\/avatar\/dca1d7ec750c399f025f23b0b314f4cf.jpg?ver=1777612120","magazine_blocks_category":"<a href=\"#\" class=\"category-link category-link-9\">El Mundo<\/a>","jetpack_publicize_connections":[],"featured_image_urls":{"full":["https:\/\/pornuestrolaredo.com\/wp-content\/uploads\/2025\/04\/PNL-20250429-5.jpg",980,653,false],"thumbnail":["https:\/\/pornuestrolaredo.com\/wp-content\/uploads\/2025\/04\/PNL-20250429-5-150x150.jpg",150,150,true],"medium":["https:\/\/pornuestrolaredo.com\/wp-content\/uploads\/2025\/04\/PNL-20250429-5-300x200.jpg",300,200,true],"medium_large":["https:\/\/pornuestrolaredo.com\/wp-content\/uploads\/2025\/04\/PNL-20250429-5-768x512.jpg",640,427,true],"large":["https:\/\/pornuestrolaredo.com\/wp-content\/uploads\/2025\/04\/PNL-20250429-5.jpg",640,426,false],"1536x1536":["https:\/\/pornuestrolaredo.com\/wp-content\/uploads\/2025\/04\/PNL-20250429-5.jpg",980,653,false],"2048x2048":["https:\/\/pornuestrolaredo.com\/wp-content\/uploads\/2025\/04\/PNL-20250429-5.jpg",980,653,false],"morenews-large":["https:\/\/pornuestrolaredo.com\/wp-content\/uploads\/2025\/04\/PNL-20250429-5.jpg",825,550,false],"morenews-medium":["https:\/\/pornuestrolaredo.com\/wp-content\/uploads\/2025\/04\/PNL-20250429-5.jpg",590,393,false]},"author_info":{"info":["Redactor"]},"category_info":"<a href=\"https:\/\/pornuestrolaredo.com\/?cat=9\" rel=\"category\">El Mundo<\/a>","tag_info":"El Mundo","comment_count":"0","jetpack_featured_media_url":"https:\/\/pornuestrolaredo.com\/wp-content\/uploads\/2025\/04\/PNL-20250429-5.jpg","jetpack_sharing_enabled":true,"_links":{"self":[{"href":"https:\/\/pornuestrolaredo.com\/index.php?rest_route=\/wp\/v2\/posts\/6572","targetHints":{"allow":["GET"]}}],"collection":[{"href":"https:\/\/pornuestrolaredo.com\/index.php?rest_route=\/wp\/v2\/posts"}],"about":[{"href":"https:\/\/pornuestrolaredo.com\/index.php?rest_route=\/wp\/v2\/types\/post"}],"author":[{"embeddable":true,"href":"https:\/\/pornuestrolaredo.com\/index.php?rest_route=\/wp\/v2\/users\/1"}],"replies":[{"embeddable":true,"href":"https:\/\/pornuestrolaredo.com\/index.php?rest_route=%2Fwp%2Fv2%2Fcomments&post=6572"}],"version-history":[{"count":1,"href":"https:\/\/pornuestrolaredo.com\/index.php?rest_route=\/wp\/v2\/posts\/6572\/revisions"}],"predecessor-version":[{"id":6574,"href":"https:\/\/pornuestrolaredo.com\/index.php?rest_route=\/wp\/v2\/posts\/6572\/revisions\/6574"}],"wp:featuredmedia":[{"embeddable":true,"href":"https:\/\/pornuestrolaredo.com\/index.php?rest_route=\/wp\/v2\/media\/6573"}],"wp:attachment":[{"href":"https:\/\/pornuestrolaredo.com\/index.php?rest_route=%2Fwp%2Fv2%2Fmedia&parent=6572"}],"wp:term":[{"taxonomy":"category","embeddable":true,"href":"https:\/\/pornuestrolaredo.com\/index.php?rest_route=%2Fwp%2Fv2%2Fcategories&post=6572"},{"taxonomy":"post_tag","embeddable":true,"href":"https:\/\/pornuestrolaredo.com\/index.php?rest_route=%2Fwp%2Fv2%2Ftags&post=6572"}],"curies":[{"name":"wp","href":"https:\/\/api.w.org\/{rel}","templated":true}]}}