{"id":6585,"date":"2025-05-05T15:06:16","date_gmt":"2025-05-05T20:06:16","guid":{"rendered":"https:\/\/pornuestrolaredo.com\/?p=6585"},"modified":"2025-05-05T15:06:16","modified_gmt":"2025-05-05T20:06:16","slug":"destino-de-mexico-ser-nacion-libre-y-soberana","status":"publish","type":"post","link":"https:\/\/pornuestrolaredo.com\/?p=6585","title":{"rendered":"Destino de M\u00e9xico, ser naci\u00f3n libre y soberana"},"content":{"rendered":"<p><strong><em>PUEBLA.-<\/em><\/strong> Tras recordar el triunfo del Ej\u00e9rcito mexicano contra las fuerzas francesas de Napole\u00f3n III, la presidenta Claudia Sheinbaum asegur\u00f3 que el destino de M\u00e9xico es ser una naci\u00f3n libre y soberana.<\/p>\n<p>Al encabezar el desfile del 163 Aniversario de la Batalla de Puebla, la Mandataria resalt\u00f3 el hero\u00edsmo que ha caracterizado a los mexicanos ante las invasiones de distintas potencias extranjeras.<\/p>\n<blockquote><p>El 5 de mayo nos recuerda que el presente y el futuro de M\u00e9xico es el de ser una naci\u00f3n libre, independiente y soberana, esa es la historia de generaciones que han dado su vida y de muchas y muchos otros que siempre estaremos dispuestos a dar nuestra vida por amor, a nuestra historia, por el legado de patriotas y por el pueblo de M\u00e9xico&#8221;, se\u00f1al\u00f3.<\/p><\/blockquote>\n<p>Sheinbaum dijo que hay hombres y mujeres que los juzga la historia como traidores y hay otros que permanecen siempre en el coraz\u00f3n de su pueblo, como el General Ignacio Zaragoza, quien fue el que impidi\u00f3 que en 1862 el Ej\u00e9rcito franc\u00e9s tomara Puebla y llegara a la Ciudad de M\u00e9xico.<\/p>\n<blockquote><p>Hoy recordamos uno de los momentos m\u00e1s patri\u00f3ticos y conmovedores de la defensa de la patria. Recordamos una victoria que ech\u00f3 ra\u00edces en el coraz\u00f3n del pueblo de M\u00e9xico, aqu\u00ed y en otras latitudes, por eso nuestras hermanas y hermanos migrantes que viven en Estados Unidos, conmemoran el 5 de mayo como la principal celebraci\u00f3n.<\/p><\/blockquote>\n<blockquote><p>No hay mexicana o mexicano que no sienta emoci\u00f3n y orgullo al recordar la heroica defensa de Puebla el 5 de mayo de 1862, cuando el ej\u00e9rcito mexicano derrot\u00f3 al que se dec\u00eda entonces era el mejor ej\u00e9rcito del mundo en el siglo 19&#8243;, sostuvo.<\/p><\/blockquote>\n<p>El gobernador de Puebla, Alejandro Armenta, afirm\u00f3 que durante el colonialismo los imperios acostumbraban someter a los pa\u00edses y buscaban imponer gobiernos d\u00e9biles para saquear a las naciones.<\/p>\n<blockquote><p>Hoy resurgen tendencias neoconservadoras, aliadas del \u00edmpetu intervencionista que nos quieren sometidos como naci\u00f3n&#8221;, acus\u00f3.<\/p><\/blockquote>\n<blockquote><p>El neoconservadurismo une a quienes quieren conservar sus privilegios y a quienes apuestan por un desarrollo econ\u00f3mico sometido a los intereses extranjeros. Son ellos los que suplican el intervencionismo para frenar los logros democr\u00e1ticos y de justicia social de los gobiernos de la Cuarta Transformaci\u00f3n&#8221;.<\/p><\/blockquote>\n","protected":false},"excerpt":{"rendered":"<p>Encabeza la presidenta Claudia Sheinbaum el desfile del 163 Aniversario de la Batalla de Puebla<\/p>\n","protected":false},"author":1,"featured_media":6586,"comment_status":"closed","ping_status":"closed","sticky":false,"template":"","format":"standard","meta":{"_crdt_document":"","_jetpack_memberships_contains_paid_content":false,"footnotes":"","jetpack_publicize_message":"","jetpack_publicize_feature_enabled":true,"jetpack_social_post_already_shared":true,"jetpack_social_options":{"image_generator_settings":{"template":"highway","default_image_id":0,"font":"","enabled":false},"version":2},"_wpas_customize_per_network":false},"categories":[33],"tags":[],"class_list":["post-6585","post","type-post","status-publish","format-standard","has-post-thumbnail","hentry","category-mexico"],"magazineBlocksPostFeaturedMedia":{"thumbnail":"https:\/\/pornuestrolaredo.com\/wp-content\/uploads\/2025\/05\/Stereo91-20250505-3-150x150.jpg","medium":"https:\/\/pornuestrolaredo.com\/wp-content\/uploads\/2025\/05\/Stereo91-20250505-3-300x181.jpg","medium_large":"https:\/\/pornuestrolaredo.com\/wp-content\/uploads\/2025\/05\/Stereo91-20250505-3-768x463.jpg","large":"https:\/\/pornuestrolaredo.com\/wp-content\/uploads\/2025\/05\/Stereo91-20250505-3.jpg","1536x1536":"https:\/\/pornuestrolaredo.com\/wp-content\/uploads\/2025\/05\/Stereo91-20250505-3.jpg","2048x2048":"https:\/\/pornuestrolaredo.com\/wp-content\/uploads\/2025\/05\/Stereo91-20250505-3.jpg","morenews-large":"https:\/\/pornuestrolaredo.com\/wp-content\/uploads\/2025\/05\/Stereo91-20250505-3.jpg","morenews-medium":"https:\/\/pornuestrolaredo.com\/wp-content\/uploads\/2025\/05\/Stereo91-20250505-3.jpg"},"magazineBlocksPostAuthor":{"name":"Redactor","avatar":"https:\/\/pornuestrolaredo.com\/wp-content\/litespeed\/avatar\/dca1d7ec750c399f025f23b0b314f4cf.jpg?ver=1777612120"},"magazineBlocksPostCommentsNumber":false,"magazineBlocksPostExcerpt":"Encabeza la presidenta Claudia Sheinbaum el desfile del 163 Aniversario de la Batalla de Puebla","magazineBlocksPostCategories":["Mexico"],"magazineBlocksPostViewCount":126,"magazineBlocksPostReadTime":2,"magazine_blocks_featured_image_url":{"full":["https:\/\/pornuestrolaredo.com\/wp-content\/uploads\/2025\/05\/Stereo91-20250505-3.jpg",850,512,false],"medium":["https:\/\/pornuestrolaredo.com\/wp-content\/uploads\/2025\/05\/Stereo91-20250505-3-300x181.jpg",300,181,true],"thumbnail":["https:\/\/pornuestrolaredo.com\/wp-content\/uploads\/2025\/05\/Stereo91-20250505-3-150x150.jpg",150,150,true]},"magazine_blocks_author":{"display_name":"Redactor","author_link":"https:\/\/pornuestrolaredo.com\/?author=1"},"magazine_blocks_comment":0,"magazine_blocks_author_image":"https:\/\/pornuestrolaredo.com\/wp-content\/litespeed\/avatar\/dca1d7ec750c399f025f23b0b314f4cf.jpg?ver=1777612120","magazine_blocks_category":"<a href=\"#\" class=\"category-link category-link-33\">Mexico<\/a>","jetpack_publicize_connections":[],"featured_image_urls":{"full":["https:\/\/pornuestrolaredo.com\/wp-content\/uploads\/2025\/05\/Stereo91-20250505-3.jpg",850,512,false],"thumbnail":["https:\/\/pornuestrolaredo.com\/wp-content\/uploads\/2025\/05\/Stereo91-20250505-3-150x150.jpg",150,150,true],"medium":["https:\/\/pornuestrolaredo.com\/wp-content\/uploads\/2025\/05\/Stereo91-20250505-3-300x181.jpg",300,181,true],"medium_large":["https:\/\/pornuestrolaredo.com\/wp-content\/uploads\/2025\/05\/Stereo91-20250505-3-768x463.jpg",640,386,true],"large":["https:\/\/pornuestrolaredo.com\/wp-content\/uploads\/2025\/05\/Stereo91-20250505-3.jpg",640,386,false],"1536x1536":["https:\/\/pornuestrolaredo.com\/wp-content\/uploads\/2025\/05\/Stereo91-20250505-3.jpg",850,512,false],"2048x2048":["https:\/\/pornuestrolaredo.com\/wp-content\/uploads\/2025\/05\/Stereo91-20250505-3.jpg",850,512,false],"morenews-large":["https:\/\/pornuestrolaredo.com\/wp-content\/uploads\/2025\/05\/Stereo91-20250505-3.jpg",825,497,false],"morenews-medium":["https:\/\/pornuestrolaredo.com\/wp-content\/uploads\/2025\/05\/Stereo91-20250505-3.jpg",590,355,false]},"author_info":{"info":["Redactor"]},"category_info":"<a href=\"https:\/\/pornuestrolaredo.com\/?cat=33\" rel=\"category\">Mexico<\/a>","tag_info":"Mexico","comment_count":"0","jetpack_featured_media_url":"https:\/\/pornuestrolaredo.com\/wp-content\/uploads\/2025\/05\/Stereo91-20250505-3.jpg","jetpack_sharing_enabled":true,"_links":{"self":[{"href":"https:\/\/pornuestrolaredo.com\/index.php?rest_route=\/wp\/v2\/posts\/6585","targetHints":{"allow":["GET"]}}],"collection":[{"href":"https:\/\/pornuestrolaredo.com\/index.php?rest_route=\/wp\/v2\/posts"}],"about":[{"href":"https:\/\/pornuestrolaredo.com\/index.php?rest_route=\/wp\/v2\/types\/post"}],"author":[{"embeddable":true,"href":"https:\/\/pornuestrolaredo.com\/index.php?rest_route=\/wp\/v2\/users\/1"}],"replies":[{"embeddable":true,"href":"https:\/\/pornuestrolaredo.com\/index.php?rest_route=%2Fwp%2Fv2%2Fcomments&post=6585"}],"version-history":[{"count":1,"href":"https:\/\/pornuestrolaredo.com\/index.php?rest_route=\/wp\/v2\/posts\/6585\/revisions"}],"predecessor-version":[{"id":6587,"href":"https:\/\/pornuestrolaredo.com\/index.php?rest_route=\/wp\/v2\/posts\/6585\/revisions\/6587"}],"wp:featuredmedia":[{"embeddable":true,"href":"https:\/\/pornuestrolaredo.com\/index.php?rest_route=\/wp\/v2\/media\/6586"}],"wp:attachment":[{"href":"https:\/\/pornuestrolaredo.com\/index.php?rest_route=%2Fwp%2Fv2%2Fmedia&parent=6585"}],"wp:term":[{"taxonomy":"category","embeddable":true,"href":"https:\/\/pornuestrolaredo.com\/index.php?rest_route=%2Fwp%2Fv2%2Fcategories&post=6585"},{"taxonomy":"post_tag","embeddable":true,"href":"https:\/\/pornuestrolaredo.com\/index.php?rest_route=%2Fwp%2Fv2%2Ftags&post=6585"}],"curies":[{"name":"wp","href":"https:\/\/api.w.org\/{rel}","templated":true}]}}