{"id":6594,"date":"2025-05-06T14:57:00","date_gmt":"2025-05-06T19:57:00","guid":{"rendered":"https:\/\/pornuestrolaredo.com\/?p=6594"},"modified":"2025-05-06T14:57:00","modified_gmt":"2025-05-06T19:57:00","slug":"quiere-trump-renegociar-tratado-de-comercio","status":"publish","type":"post","link":"https:\/\/pornuestrolaredo.com\/?p=6594","title":{"rendered":"Quiere Trump renegociar tratado de comercio"},"content":{"rendered":"<p><strong><em>WASHINGTON.-<\/em><\/strong> El presidente Donald Trump asever\u00f3 que el tratado de comercio entre Canad\u00e1, Estados Unidos y M\u00e9xico (T-MEC) fue muy efectivo, pero se renegociar\u00e1 pronto para &#8220;ajustarlo o terminarlo&#8221;.<\/p>\n<blockquote><p>El T-MEC est\u00e1 muerto&#8221;, cuestion\u00f3 una periodista en una sesi\u00f3n de preguntas en la Oficina Oval de la Casa Blanca donde Trump recibi\u00f3 al Primer Ministro Mark Carney.<\/p><\/blockquote>\n<blockquote><p>T-MEC es genial para todos los pa\u00edses, es bueno para todos los pa\u00edses, tenemos una negociaci\u00f3n en puerta para el pr\u00f3ximo a\u00f1o o algo as\u00ed, para ajustarlo o terminarlo&#8221;, afirm\u00f3 el Mandatario estadounidense sobre los cambios que su Administraci\u00f3n buscar\u00eda al T-MEC durante la revisi\u00f3n programada para julio de 2026.<\/p><\/blockquote>\n<p>&#8220;Vamos a trabajar en algunos cambios sutiles a T-MEC. Todav\u00eda no qu\u00e9 cosas vamos a estar lidiando respecto al T-MEC. Ahora solo estamos hablando de conceptos&#8221;.<br \/>\nTrump calific\u00f3 al extinto TLCAN como un acuerdo muy injusto para Estados Unidos, &#8220;un acuerdo muy, muy terrible. Nunca debi\u00f3 haberse firmado. Se firm\u00f3 hace muchos a\u00f1os, pero nunca debi\u00f3 hacerse&#8221;.<\/p>\n<p>Inmediatamente despu\u00e9s, el Primer Ministro Carney aprovech\u00f3 para asegurar que desde su punto de vista algunos cambios al T-MEC ser\u00e1n necesarios pero remarc\u00f3 a Trump que los aranceles establecidos contra M\u00e9xico y Canad\u00e1 han pasado por encima de puntos acordados durante la negociaci\u00f3n trlataral.<\/p>\n<blockquote><p>Algunos aspectos tendr\u00e1n que cambiar. Y parte de la manera en que se han aplicado estos aranceles se han tomado ventaja de aspectos existentes del T-MEC. Por lo tanto, tendr\u00e1 que cambiar. Se han incorporado otros elementos, y eso es parte de lo que vamos a discutir&#8221;, asegur\u00f3 Carney.<\/p><\/blockquote>\n<p>En marzo, Trump hizo efectivo un 25 por ciento de arancel en contra de las importaciones de M\u00e9xico y Canad\u00e1 que ocurren fuera del T-MEC adem\u00e1s de imponer aranceles contra el acero y aluminio de ambos pa\u00edses y estableci\u00f3 aranceles de 25 por ciento contra autos que no cumplan las reglas de origen del T-MEC.<\/p>\n<p>Electo como Primer Ministro a finales de abril, Carney intent\u00f3 defender este mediod\u00eda en la Oficina Oval ante Trump los beneficios del comercio bilateral, pero Trump no tuvo empach\u00f3 en repetir sus acusaciones sobre que EU subsidiaba indirectamente la econom\u00eda canadiense a trav\u00e9s del actual d\u00e9ficit comercial.<\/p>\n<p>Seg\u00fan la Oficina del Censo, el d\u00e9ficit comercial de EU con Canad\u00e1 fue de 63 mil millones de d\u00f3lares en 2024; seg\u00fan los mismos datos el d\u00e9ficit comercial con M\u00e9xico fue de 171 mil millones de d\u00f3lares.<\/p>\n","protected":false},"excerpt":{"rendered":"<p>El presidente de Estados Unidos considera que hay que ajustar el acuerdo para \u2018ajustarlo o terminarlo\u2019<\/p>\n","protected":false},"author":1,"featured_media":6595,"comment_status":"closed","ping_status":"closed","sticky":false,"template":"","format":"standard","meta":{"_crdt_document":"","_jetpack_memberships_contains_paid_content":false,"footnotes":"","jetpack_publicize_message":"","jetpack_publicize_feature_enabled":true,"jetpack_social_post_already_shared":true,"jetpack_social_options":{"image_generator_settings":{"template":"highway","default_image_id":0,"font":"","enabled":false},"version":2},"_wpas_customize_per_network":false},"categories":[9],"tags":[],"class_list":["post-6594","post","type-post","status-publish","format-standard","has-post-thumbnail","hentry","category-el-mundo"],"magazineBlocksPostFeaturedMedia":{"thumbnail":"https:\/\/pornuestrolaredo.com\/wp-content\/uploads\/2025\/05\/Stereo91-20250506-7-150x150.jpg","medium":"https:\/\/pornuestrolaredo.com\/wp-content\/uploads\/2025\/05\/Stereo91-20250506-7-300x183.jpg","medium_large":"https:\/\/pornuestrolaredo.com\/wp-content\/uploads\/2025\/05\/Stereo91-20250506-7-768x468.jpg","large":"https:\/\/pornuestrolaredo.com\/wp-content\/uploads\/2025\/05\/Stereo91-20250506-7.jpg","1536x1536":"https:\/\/pornuestrolaredo.com\/wp-content\/uploads\/2025\/05\/Stereo91-20250506-7.jpg","2048x2048":"https:\/\/pornuestrolaredo.com\/wp-content\/uploads\/2025\/05\/Stereo91-20250506-7.jpg","morenews-large":"https:\/\/pornuestrolaredo.com\/wp-content\/uploads\/2025\/05\/Stereo91-20250506-7.jpg","morenews-medium":"https:\/\/pornuestrolaredo.com\/wp-content\/uploads\/2025\/05\/Stereo91-20250506-7.jpg"},"magazineBlocksPostAuthor":{"name":"Redactor","avatar":"https:\/\/pornuestrolaredo.com\/wp-content\/litespeed\/avatar\/dca1d7ec750c399f025f23b0b314f4cf.jpg?ver=1777007253"},"magazineBlocksPostCommentsNumber":false,"magazineBlocksPostExcerpt":"El presidente de Estados Unidos considera que hay que ajustar el acuerdo para \u2018ajustarlo o terminarlo\u2019","magazineBlocksPostCategories":["El Mundo"],"magazineBlocksPostViewCount":99,"magazineBlocksPostReadTime":3,"magazine_blocks_featured_image_url":{"full":["https:\/\/pornuestrolaredo.com\/wp-content\/uploads\/2025\/05\/Stereo91-20250506-7.jpg",960,585,false],"medium":["https:\/\/pornuestrolaredo.com\/wp-content\/uploads\/2025\/05\/Stereo91-20250506-7-300x183.jpg",300,183,true],"thumbnail":["https:\/\/pornuestrolaredo.com\/wp-content\/uploads\/2025\/05\/Stereo91-20250506-7-150x150.jpg",150,150,true]},"magazine_blocks_author":{"display_name":"Redactor","author_link":"https:\/\/pornuestrolaredo.com\/?author=1"},"magazine_blocks_comment":0,"magazine_blocks_author_image":"https:\/\/pornuestrolaredo.com\/wp-content\/litespeed\/avatar\/dca1d7ec750c399f025f23b0b314f4cf.jpg?ver=1777007253","magazine_blocks_category":"<a href=\"#\" class=\"category-link category-link-9\">El Mundo<\/a>","jetpack_publicize_connections":[],"featured_image_urls":{"full":["https:\/\/pornuestrolaredo.com\/wp-content\/uploads\/2025\/05\/Stereo91-20250506-7.jpg",960,585,false],"thumbnail":["https:\/\/pornuestrolaredo.com\/wp-content\/uploads\/2025\/05\/Stereo91-20250506-7-150x150.jpg",150,150,true],"medium":["https:\/\/pornuestrolaredo.com\/wp-content\/uploads\/2025\/05\/Stereo91-20250506-7-300x183.jpg",300,183,true],"medium_large":["https:\/\/pornuestrolaredo.com\/wp-content\/uploads\/2025\/05\/Stereo91-20250506-7-768x468.jpg",640,390,true],"large":["https:\/\/pornuestrolaredo.com\/wp-content\/uploads\/2025\/05\/Stereo91-20250506-7.jpg",640,390,false],"1536x1536":["https:\/\/pornuestrolaredo.com\/wp-content\/uploads\/2025\/05\/Stereo91-20250506-7.jpg",960,585,false],"2048x2048":["https:\/\/pornuestrolaredo.com\/wp-content\/uploads\/2025\/05\/Stereo91-20250506-7.jpg",960,585,false],"morenews-large":["https:\/\/pornuestrolaredo.com\/wp-content\/uploads\/2025\/05\/Stereo91-20250506-7.jpg",825,503,false],"morenews-medium":["https:\/\/pornuestrolaredo.com\/wp-content\/uploads\/2025\/05\/Stereo91-20250506-7.jpg",590,360,false]},"author_info":{"info":["Redactor"]},"category_info":"<a href=\"https:\/\/pornuestrolaredo.com\/?cat=9\" rel=\"category\">El Mundo<\/a>","tag_info":"El Mundo","comment_count":"0","jetpack_featured_media_url":"https:\/\/pornuestrolaredo.com\/wp-content\/uploads\/2025\/05\/Stereo91-20250506-7.jpg","jetpack_sharing_enabled":true,"_links":{"self":[{"href":"https:\/\/pornuestrolaredo.com\/index.php?rest_route=\/wp\/v2\/posts\/6594","targetHints":{"allow":["GET"]}}],"collection":[{"href":"https:\/\/pornuestrolaredo.com\/index.php?rest_route=\/wp\/v2\/posts"}],"about":[{"href":"https:\/\/pornuestrolaredo.com\/index.php?rest_route=\/wp\/v2\/types\/post"}],"author":[{"embeddable":true,"href":"https:\/\/pornuestrolaredo.com\/index.php?rest_route=\/wp\/v2\/users\/1"}],"replies":[{"embeddable":true,"href":"https:\/\/pornuestrolaredo.com\/index.php?rest_route=%2Fwp%2Fv2%2Fcomments&post=6594"}],"version-history":[{"count":1,"href":"https:\/\/pornuestrolaredo.com\/index.php?rest_route=\/wp\/v2\/posts\/6594\/revisions"}],"predecessor-version":[{"id":6596,"href":"https:\/\/pornuestrolaredo.com\/index.php?rest_route=\/wp\/v2\/posts\/6594\/revisions\/6596"}],"wp:featuredmedia":[{"embeddable":true,"href":"https:\/\/pornuestrolaredo.com\/index.php?rest_route=\/wp\/v2\/media\/6595"}],"wp:attachment":[{"href":"https:\/\/pornuestrolaredo.com\/index.php?rest_route=%2Fwp%2Fv2%2Fmedia&parent=6594"}],"wp:term":[{"taxonomy":"category","embeddable":true,"href":"https:\/\/pornuestrolaredo.com\/index.php?rest_route=%2Fwp%2Fv2%2Fcategories&post=6594"},{"taxonomy":"post_tag","embeddable":true,"href":"https:\/\/pornuestrolaredo.com\/index.php?rest_route=%2Fwp%2Fv2%2Ftags&post=6594"}],"curies":[{"name":"wp","href":"https:\/\/api.w.org\/{rel}","templated":true}]}}