{"id":6597,"date":"2025-05-07T10:37:42","date_gmt":"2025-05-07T15:37:42","guid":{"rendered":"https:\/\/pornuestrolaredo.com\/?p=6597"},"modified":"2025-05-07T10:37:42","modified_gmt":"2025-05-07T15:37:42","slug":"inicia-el-conclave-para-elegir-al-nuevo-papa","status":"publish","type":"post","link":"https:\/\/pornuestrolaredo.com\/?p=6597","title":{"rendered":"Inicia el C\u00f3nclave para elegir al nuevo Papa"},"content":{"rendered":"<p><strong>CIUDAD DEL VATICANO.-<\/strong> Los Cardenales electores ingresaron la ma\u00f1ana de este mi\u00e9rcoles en procesi\u00f3n a la Capilla Sixtina para iniciar el C\u00f3nclave, procedentes de la Capilla Paulina, donde rezaron las Letan\u00edas de los Santos.<\/p>\n<p>Mientras procesionaban hacia la capilla adornada con \u201cEl Juicio Final\u201d de Miguel \u00c1ngel, los 133 cardenales entonaron la meditativa \u201cLetan\u00eda de los Santos\u201d. Una fila de Guardias Suizos se mantuvo en posici\u00f3n de atenci\u00f3n.<\/p>\n<p>Previamente participaron en el solemne canto gregoriano, dentro del Palacio Apost\u00f3lico del Vaticano, en el que los purpurados imploraron la intercesi\u00f3n de los santos, previo a elegir al pr\u00f3ximo Pont\u00edfice.<\/p>\n<p>Ya dentro de la Capilla Sixtina, tras una oraci\u00f3n, el Cardenal Pietro Parolin ley\u00f3 la f\u00f3rmula de juramentaci\u00f3n ante los 133 cardenales electores, para que prometieran respetar las prescripciones del Vaticano y de resultar electos como nuevo Pont\u00edfice, respetar\u00e1n los valores como pastor de la Iglesia universal. <\/p>\n<p>Uno por uno, por orden de antig\u00fcedad, los cardenales prestan juramento individual.<\/p>\n<blockquote><p>Y yo prometo, me comprometo y juro. Que Dios y estos Santos Evangelios que toco con mi mano me ayuden&#8221;.<\/p><\/blockquote>\n<p>M\u00e1s temprano, los pr\u00edncipes de la Iglesia participaron en una misa en la Bas\u00edlica de San Pedro, donde el llamado fue a la unidad.<\/p>\n<p>El rito en la Capilla Paulina marca formalmente el comienzo del proceso de elecci\u00f3n de quien ser\u00e1 sucesor del Papa Francisco, fallecido el pasado 21 de abril.<\/p>\n<p>La letan\u00eda, pronunciada en lat\u00edn, es parte de una antigua tradici\u00f3n que precede a la f\u00f3rmula &#8220;Extra omnes&#8221;, con la que se solicita que todos los no electores abandonen el recinto, dejando a solas a los cardenales con su conciencia y su voto.<\/p>\n<p>La liturgia, conocida como &#8220;Pro Eligendo Romano Pontefice&#8221; (Misa para la elecci\u00f3n del Pont\u00edfice romano), dio inicio a las 10:00 horas locales.<\/p>\n<p>El decano del colegio cardenalicio, Giovanni Battista Re, quien presidi\u00f3 la eucarist\u00eda, llam\u00f3 a &#8220;mantener la unidad de la Iglesia&#8221; de cara al momento &#8220;dif\u00edcil, complejo y convulso&#8221; que enfrentar\u00e1 el futuro l\u00edder espiritual de mil 400 millones de cat\u00f3licos.<\/p>\n<p>Los cardenales celebraron su \u00faltimo d\u00eda de reuniones previas al C\u00f3nclave ayer por la ma\u00f1ana, durante el cual el anillo de pescador de Francisco y su sello oficial fueron destruidos en uno de los \u00faltimos ritos formales de la transici\u00f3n de su Pontificado al siguiente.<\/p>\n","protected":false},"excerpt":{"rendered":"<p>Mientras procesionaban hacia la capilla adornada con \u201cEl Juicio Final\u201d de Miguel \u00c1ngel, los 133 cardenales entonaron la meditativa \u2018Letan\u00eda de los Santos\u2019<\/p>\n","protected":false},"author":1,"featured_media":6598,"comment_status":"closed","ping_status":"closed","sticky":false,"template":"","format":"standard","meta":{"_crdt_document":"","_jetpack_memberships_contains_paid_content":false,"footnotes":"","jetpack_publicize_message":"","jetpack_publicize_feature_enabled":true,"jetpack_social_post_already_shared":true,"jetpack_social_options":{"image_generator_settings":{"template":"highway","default_image_id":0,"font":"","enabled":false},"version":2},"_wpas_customize_per_network":false},"categories":[9],"tags":[],"class_list":["post-6597","post","type-post","status-publish","format-standard","has-post-thumbnail","hentry","category-el-mundo"],"magazineBlocksPostFeaturedMedia":{"thumbnail":"https:\/\/pornuestrolaredo.com\/wp-content\/uploads\/2025\/05\/Stereo91-20250507-1-150x150.jpg","medium":"https:\/\/pornuestrolaredo.com\/wp-content\/uploads\/2025\/05\/Stereo91-20250507-1-300x200.jpg","medium_large":"https:\/\/pornuestrolaredo.com\/wp-content\/uploads\/2025\/05\/Stereo91-20250507-1-768x512.jpg","large":"https:\/\/pornuestrolaredo.com\/wp-content\/uploads\/2025\/05\/Stereo91-20250507-1-1000x667.jpg","1536x1536":"https:\/\/pornuestrolaredo.com\/wp-content\/uploads\/2025\/05\/Stereo91-20250507-1.jpg","2048x2048":"https:\/\/pornuestrolaredo.com\/wp-content\/uploads\/2025\/05\/Stereo91-20250507-1.jpg","morenews-large":"https:\/\/pornuestrolaredo.com\/wp-content\/uploads\/2025\/05\/Stereo91-20250507-1.jpg","morenews-medium":"https:\/\/pornuestrolaredo.com\/wp-content\/uploads\/2025\/05\/Stereo91-20250507-1.jpg"},"magazineBlocksPostAuthor":{"name":"Redactor","avatar":"https:\/\/pornuestrolaredo.com\/wp-content\/litespeed\/avatar\/dca1d7ec750c399f025f23b0b314f4cf.jpg?ver=1777007253"},"magazineBlocksPostCommentsNumber":false,"magazineBlocksPostExcerpt":"Mientras procesionaban hacia la capilla adornada con \u201cEl Juicio Final\u201d de Miguel \u00c1ngel, los 133 cardenales entonaron la meditativa \u2018Letan\u00eda de los Santos\u2019","magazineBlocksPostCategories":["El Mundo"],"magazineBlocksPostViewCount":94,"magazineBlocksPostReadTime":3,"magazine_blocks_featured_image_url":{"full":["https:\/\/pornuestrolaredo.com\/wp-content\/uploads\/2025\/05\/Stereo91-20250507-1.jpg",1440,960,false],"medium":["https:\/\/pornuestrolaredo.com\/wp-content\/uploads\/2025\/05\/Stereo91-20250507-1-300x200.jpg",300,200,true],"thumbnail":["https:\/\/pornuestrolaredo.com\/wp-content\/uploads\/2025\/05\/Stereo91-20250507-1-150x150.jpg",150,150,true]},"magazine_blocks_author":{"display_name":"Redactor","author_link":"https:\/\/pornuestrolaredo.com\/?author=1"},"magazine_blocks_comment":0,"magazine_blocks_author_image":"https:\/\/pornuestrolaredo.com\/wp-content\/litespeed\/avatar\/dca1d7ec750c399f025f23b0b314f4cf.jpg?ver=1777007253","magazine_blocks_category":"<a href=\"#\" class=\"category-link category-link-9\">El Mundo<\/a>","jetpack_publicize_connections":[],"featured_image_urls":{"full":["https:\/\/pornuestrolaredo.com\/wp-content\/uploads\/2025\/05\/Stereo91-20250507-1.jpg",1440,960,false],"thumbnail":["https:\/\/pornuestrolaredo.com\/wp-content\/uploads\/2025\/05\/Stereo91-20250507-1-150x150.jpg",150,150,true],"medium":["https:\/\/pornuestrolaredo.com\/wp-content\/uploads\/2025\/05\/Stereo91-20250507-1-300x200.jpg",300,200,true],"medium_large":["https:\/\/pornuestrolaredo.com\/wp-content\/uploads\/2025\/05\/Stereo91-20250507-1-768x512.jpg",640,427,true],"large":["https:\/\/pornuestrolaredo.com\/wp-content\/uploads\/2025\/05\/Stereo91-20250507-1-1000x667.jpg",640,427,true],"1536x1536":["https:\/\/pornuestrolaredo.com\/wp-content\/uploads\/2025\/05\/Stereo91-20250507-1.jpg",1440,960,false],"2048x2048":["https:\/\/pornuestrolaredo.com\/wp-content\/uploads\/2025\/05\/Stereo91-20250507-1.jpg",1440,960,false],"morenews-large":["https:\/\/pornuestrolaredo.com\/wp-content\/uploads\/2025\/05\/Stereo91-20250507-1.jpg",825,550,false],"morenews-medium":["https:\/\/pornuestrolaredo.com\/wp-content\/uploads\/2025\/05\/Stereo91-20250507-1.jpg",590,393,false]},"author_info":{"info":["Redactor"]},"category_info":"<a href=\"https:\/\/pornuestrolaredo.com\/?cat=9\" rel=\"category\">El Mundo<\/a>","tag_info":"El Mundo","comment_count":"0","jetpack_featured_media_url":"https:\/\/pornuestrolaredo.com\/wp-content\/uploads\/2025\/05\/Stereo91-20250507-1.jpg","jetpack_sharing_enabled":true,"_links":{"self":[{"href":"https:\/\/pornuestrolaredo.com\/index.php?rest_route=\/wp\/v2\/posts\/6597","targetHints":{"allow":["GET"]}}],"collection":[{"href":"https:\/\/pornuestrolaredo.com\/index.php?rest_route=\/wp\/v2\/posts"}],"about":[{"href":"https:\/\/pornuestrolaredo.com\/index.php?rest_route=\/wp\/v2\/types\/post"}],"author":[{"embeddable":true,"href":"https:\/\/pornuestrolaredo.com\/index.php?rest_route=\/wp\/v2\/users\/1"}],"replies":[{"embeddable":true,"href":"https:\/\/pornuestrolaredo.com\/index.php?rest_route=%2Fwp%2Fv2%2Fcomments&post=6597"}],"version-history":[{"count":1,"href":"https:\/\/pornuestrolaredo.com\/index.php?rest_route=\/wp\/v2\/posts\/6597\/revisions"}],"predecessor-version":[{"id":6599,"href":"https:\/\/pornuestrolaredo.com\/index.php?rest_route=\/wp\/v2\/posts\/6597\/revisions\/6599"}],"wp:featuredmedia":[{"embeddable":true,"href":"https:\/\/pornuestrolaredo.com\/index.php?rest_route=\/wp\/v2\/media\/6598"}],"wp:attachment":[{"href":"https:\/\/pornuestrolaredo.com\/index.php?rest_route=%2Fwp%2Fv2%2Fmedia&parent=6597"}],"wp:term":[{"taxonomy":"category","embeddable":true,"href":"https:\/\/pornuestrolaredo.com\/index.php?rest_route=%2Fwp%2Fv2%2Fcategories&post=6597"},{"taxonomy":"post_tag","embeddable":true,"href":"https:\/\/pornuestrolaredo.com\/index.php?rest_route=%2Fwp%2Fv2%2Ftags&post=6597"}],"curies":[{"name":"wp","href":"https:\/\/api.w.org\/{rel}","templated":true}]}}