{"id":6600,"date":"2025-05-07T11:01:58","date_gmt":"2025-05-07T16:01:58","guid":{"rendered":"https:\/\/pornuestrolaredo.com\/?p=6600"},"modified":"2025-05-07T11:01:58","modified_gmt":"2025-05-07T16:01:58","slug":"tienen-trump-y-carney-rispido-encuentro","status":"publish","type":"post","link":"https:\/\/pornuestrolaredo.com\/?p=6600","title":{"rendered":"Tienen Trump y Carney r\u00edspido encuentro"},"content":{"rendered":"<p><strong>WASHINGTON.-<\/strong> Primero fue con el ucraniano Volodimir Zelensky, y ahora el presidente Donald Trump volvi\u00f3 a tener otro r\u00edspido encuentro en la Casa Blanca con el reci\u00e9n electo primer ministro de Canad\u00e1, Mark Carney.<\/p>\n<p>Aunque el canadiense sorte\u00f3 la dif\u00edcil aduana de la Casa Blanca, no logr\u00f3 salvarse de las duras cr\u00edticas de Trump.<\/p>\n<p>El mandatario estadounidense recibi\u00f3 con relativa calidez a Carney, calific\u00e1ndolo como una &#8220;muy buena persona&#8221;; sin embargo, defendi\u00f3 la implementaci\u00f3n de aranceles contra buena parte de las importaciones canadienses que llegan a Estados Unidos.<\/p>\n<blockquote><p>Esta es una conversaci\u00f3n muy amistosa. Pero queremos fabricar nuestros propios autos. En realidad, no queremos autos de Canad\u00e1. Impusimos aranceles a los autos canadienses y, llegado a cierto punto, no tendr\u00e1 sentido econ\u00f3mico que Canad\u00e1 los fabrique&#8221;, manifest\u00f3 Trump en la Oficina Oval de la Casa Blanca.<\/p><\/blockquote>\n<blockquote><p>Realmente, nosotros no queremos el acero canadiense, ni el aluminio canadiense ni otras cosas, porque queremos poder fabricarlo nosotros mismos&#8221;, a\u00f1adi\u00f3 Trump con Carney a un lado.<\/p><\/blockquote>\n<p>A pregunta directa, Trump dijo que no busca abandonar el tratado de comercio con Canad\u00e1 y M\u00e9xico (T-MEC), sino m\u00e1s bien revisarlo en julio de 2026.<\/p>\n<p>El primer ministro canadiense aprovech\u00f3 el encuentro para rechazar las ambiciones de Trump, de meses recientes, de anexar Canad\u00e1 a EU.<\/p>\n<blockquote><p>Como usted sabe bien, por el sector de bienes ra\u00edces, hay lugares que nunca est\u00e1n a la venta. Estamos en uno ahora mismo (Casa Blanca). El Palacio de Buckingham, que usted visit\u00f3 es otro. Y tras reunirme en los \u00faltimos meses con los due\u00f1os de Canad\u00e1 en la campa\u00f1a, (el pa\u00eds) no est\u00e1 en venta. Nunca estar\u00e1 a la venta&#8221;, dijo Carney.<\/p><\/blockquote>\n<blockquote><p>Yo digo: nunca digas nunca&#8221;, revir\u00f3 Trump, &#8220;he tenido muchas cosas que no eran factibles y terminaron siendo factibles&#8221;.<\/p><\/blockquote>\n","protected":false},"excerpt":{"rendered":"<p>El primer ministro de Canad\u00e1 sortea la situaci\u00f3n y le advierte al estadounidense que su pa\u00eds no est\u00e1 a la venta<\/p>\n","protected":false},"author":1,"featured_media":6601,"comment_status":"closed","ping_status":"closed","sticky":false,"template":"","format":"standard","meta":{"_crdt_document":"","_jetpack_memberships_contains_paid_content":false,"footnotes":"","jetpack_publicize_message":"","jetpack_publicize_feature_enabled":true,"jetpack_social_post_already_shared":true,"jetpack_social_options":{"image_generator_settings":{"template":"highway","default_image_id":0,"font":"","enabled":false},"version":2},"_wpas_customize_per_network":false},"categories":[9],"tags":[],"class_list":["post-6600","post","type-post","status-publish","format-standard","has-post-thumbnail","hentry","category-el-mundo"],"magazineBlocksPostFeaturedMedia":{"thumbnail":"https:\/\/pornuestrolaredo.com\/wp-content\/uploads\/2025\/05\/Stereo91-20250507-2-150x150.jpg","medium":"https:\/\/pornuestrolaredo.com\/wp-content\/uploads\/2025\/05\/Stereo91-20250507-2-300x157.jpg","medium_large":"https:\/\/pornuestrolaredo.com\/wp-content\/uploads\/2025\/05\/Stereo91-20250507-2-768x402.jpg","large":"https:\/\/pornuestrolaredo.com\/wp-content\/uploads\/2025\/05\/Stereo91-20250507-2.jpg","1536x1536":"https:\/\/pornuestrolaredo.com\/wp-content\/uploads\/2025\/05\/Stereo91-20250507-2.jpg","2048x2048":"https:\/\/pornuestrolaredo.com\/wp-content\/uploads\/2025\/05\/Stereo91-20250507-2.jpg","morenews-large":"https:\/\/pornuestrolaredo.com\/wp-content\/uploads\/2025\/05\/Stereo91-20250507-2.jpg","morenews-medium":"https:\/\/pornuestrolaredo.com\/wp-content\/uploads\/2025\/05\/Stereo91-20250507-2.jpg"},"magazineBlocksPostAuthor":{"name":"Redactor","avatar":"https:\/\/pornuestrolaredo.com\/wp-content\/litespeed\/avatar\/dca1d7ec750c399f025f23b0b314f4cf.jpg?ver=1777007253"},"magazineBlocksPostCommentsNumber":false,"magazineBlocksPostExcerpt":"El primer ministro de Canad\u00e1 sortea la situaci\u00f3n y le advierte al estadounidense que su pa\u00eds no est\u00e1 a la venta","magazineBlocksPostCategories":["El Mundo"],"magazineBlocksPostViewCount":100,"magazineBlocksPostReadTime":2,"magazine_blocks_featured_image_url":{"full":["https:\/\/pornuestrolaredo.com\/wp-content\/uploads\/2025\/05\/Stereo91-20250507-2.jpg",960,502,false],"medium":["https:\/\/pornuestrolaredo.com\/wp-content\/uploads\/2025\/05\/Stereo91-20250507-2-300x157.jpg",300,157,true],"thumbnail":["https:\/\/pornuestrolaredo.com\/wp-content\/uploads\/2025\/05\/Stereo91-20250507-2-150x150.jpg",150,150,true]},"magazine_blocks_author":{"display_name":"Redactor","author_link":"https:\/\/pornuestrolaredo.com\/?author=1"},"magazine_blocks_comment":0,"magazine_blocks_author_image":"https:\/\/pornuestrolaredo.com\/wp-content\/litespeed\/avatar\/dca1d7ec750c399f025f23b0b314f4cf.jpg?ver=1777007253","magazine_blocks_category":"<a href=\"#\" class=\"category-link category-link-9\">El Mundo<\/a>","jetpack_publicize_connections":[],"featured_image_urls":{"full":["https:\/\/pornuestrolaredo.com\/wp-content\/uploads\/2025\/05\/Stereo91-20250507-2.jpg",960,502,false],"thumbnail":["https:\/\/pornuestrolaredo.com\/wp-content\/uploads\/2025\/05\/Stereo91-20250507-2-150x150.jpg",150,150,true],"medium":["https:\/\/pornuestrolaredo.com\/wp-content\/uploads\/2025\/05\/Stereo91-20250507-2-300x157.jpg",300,157,true],"medium_large":["https:\/\/pornuestrolaredo.com\/wp-content\/uploads\/2025\/05\/Stereo91-20250507-2-768x402.jpg",640,335,true],"large":["https:\/\/pornuestrolaredo.com\/wp-content\/uploads\/2025\/05\/Stereo91-20250507-2.jpg",640,335,false],"1536x1536":["https:\/\/pornuestrolaredo.com\/wp-content\/uploads\/2025\/05\/Stereo91-20250507-2.jpg",960,502,false],"2048x2048":["https:\/\/pornuestrolaredo.com\/wp-content\/uploads\/2025\/05\/Stereo91-20250507-2.jpg",960,502,false],"morenews-large":["https:\/\/pornuestrolaredo.com\/wp-content\/uploads\/2025\/05\/Stereo91-20250507-2.jpg",825,431,false],"morenews-medium":["https:\/\/pornuestrolaredo.com\/wp-content\/uploads\/2025\/05\/Stereo91-20250507-2.jpg",590,309,false]},"author_info":{"info":["Redactor"]},"category_info":"<a href=\"https:\/\/pornuestrolaredo.com\/?cat=9\" rel=\"category\">El Mundo<\/a>","tag_info":"El Mundo","comment_count":"0","jetpack_featured_media_url":"https:\/\/pornuestrolaredo.com\/wp-content\/uploads\/2025\/05\/Stereo91-20250507-2.jpg","jetpack_sharing_enabled":true,"_links":{"self":[{"href":"https:\/\/pornuestrolaredo.com\/index.php?rest_route=\/wp\/v2\/posts\/6600","targetHints":{"allow":["GET"]}}],"collection":[{"href":"https:\/\/pornuestrolaredo.com\/index.php?rest_route=\/wp\/v2\/posts"}],"about":[{"href":"https:\/\/pornuestrolaredo.com\/index.php?rest_route=\/wp\/v2\/types\/post"}],"author":[{"embeddable":true,"href":"https:\/\/pornuestrolaredo.com\/index.php?rest_route=\/wp\/v2\/users\/1"}],"replies":[{"embeddable":true,"href":"https:\/\/pornuestrolaredo.com\/index.php?rest_route=%2Fwp%2Fv2%2Fcomments&post=6600"}],"version-history":[{"count":1,"href":"https:\/\/pornuestrolaredo.com\/index.php?rest_route=\/wp\/v2\/posts\/6600\/revisions"}],"predecessor-version":[{"id":6602,"href":"https:\/\/pornuestrolaredo.com\/index.php?rest_route=\/wp\/v2\/posts\/6600\/revisions\/6602"}],"wp:featuredmedia":[{"embeddable":true,"href":"https:\/\/pornuestrolaredo.com\/index.php?rest_route=\/wp\/v2\/media\/6601"}],"wp:attachment":[{"href":"https:\/\/pornuestrolaredo.com\/index.php?rest_route=%2Fwp%2Fv2%2Fmedia&parent=6600"}],"wp:term":[{"taxonomy":"category","embeddable":true,"href":"https:\/\/pornuestrolaredo.com\/index.php?rest_route=%2Fwp%2Fv2%2Fcategories&post=6600"},{"taxonomy":"post_tag","embeddable":true,"href":"https:\/\/pornuestrolaredo.com\/index.php?rest_route=%2Fwp%2Fv2%2Ftags&post=6600"}],"curies":[{"name":"wp","href":"https:\/\/api.w.org\/{rel}","templated":true}]}}