{"id":6603,"date":"2025-05-07T12:28:17","date_gmt":"2025-05-07T17:28:17","guid":{"rendered":"https:\/\/pornuestrolaredo.com\/?p=6603"},"modified":"2025-05-07T12:28:17","modified_gmt":"2025-05-07T17:28:17","slug":"ordenan-retirar-a-millones-de-perros-de-calles-de-turquia","status":"publish","type":"post","link":"https:\/\/pornuestrolaredo.com\/?p=6603","title":{"rendered":"Ordenan retirar a millones de perros de calles de Turqu\u00eda"},"content":{"rendered":"<p><strong>ANKARA, <em>Turqu\u00eda.<\/em>&#8211;<\/strong> El m\u00e1ximo tribunal de Turqu\u00eda rechaz\u00f3 el mi\u00e9rcoles una solicitud para anular una controvertida ley para retirar a millones de perros callejeros de las calles, lo que, seg\u00fan los cr\u00edticos, podr\u00eda producir matanzas masivas de esos animales.<\/p>\n<p>El principal partido de oposici\u00f3n busc\u00f3 la revocaci\u00f3n de la legislaci\u00f3n promulgada el a\u00f1o pasado, argumentando que violaba los derechos de los animales y el derecho a la vida.<\/p>\n<p>Sin embargo, el Tribunal Constitucional dictamin\u00f3 que las disposiciones son legalmente v\u00e1lidas y que deben seguir siendo implementadas.<\/p>\n<p>Docenas de activistas por los derechos de los animales se reunieron cerca del Tribunal Constitucional para presionar a la corte a derogar la ley, sosteniendo carteles que dec\u00edan \u201ccancelen la sangrienta ley\u201d y gritando consignas antigubernamentales.<\/p>\n<p>El gobierno calcula que unos 4 millones de perros callejeros deambulan por las ciudades y el campo de Turqu\u00eda. Aunque muchos de ellos son inofensivos, las autoridades decidieron endurecer la legislaci\u00f3n sobre animales callejeros tras incidentes de ataques de perros, entre ellos, varios contra ni\u00f1os.<\/p>\n<p>La ley exige que los municipios recojan a los perros callejeros y los reubiquen en refugios donde ser\u00edan vacunados, castrados y esterilizados antes de ponerlos en adopci\u00f3n. Los perros que sufran, padezcan enfermedades terminales o representen un riesgo para la salud humana ser\u00edan sacrificados.<\/p>\n<p>Los amantes de los animales se han opuesto firmemente a la ley, pues temen que pueda producir una matanza generalizada o que los perros terminen en refugios superpoblados y plagados de enfermedades.<\/p>\n<p>Expresaron sus preocupaciones sobre c\u00f3mo los municipios con problemas financieros obtendr\u00edan fondos para construir los refugios adicionales. Temen que, en lugar de asignar recursos para cuidar a los perros callejeros, algunos municipios puedan sacrificarlos con el pretexto de que estaban enfermos.<\/p>\n<p>Muchos defensores de los derechos de los animales tambi\u00e9n han afirmado que una gran cantidad de animales callejeros fueron asesinados indiscriminadamente tras la aprobaci\u00f3n de la ley.<\/p>\n<p>Es probable que el fallo del tribunal aumente la presi\u00f3n sobre los municipios para hacer cumplir la ley.<\/p>\n","protected":false},"excerpt":{"rendered":"<p>El m\u00e1ximo tribunal considera que la ley que los env\u00eda a refugios para que sean vacunados y puestos en adopci\u00f3n es totalmente v\u00e1lida<\/p>\n","protected":false},"author":1,"featured_media":6604,"comment_status":"closed","ping_status":"closed","sticky":false,"template":"","format":"standard","meta":{"_crdt_document":"","_jetpack_memberships_contains_paid_content":false,"footnotes":"","jetpack_publicize_message":"","jetpack_publicize_feature_enabled":true,"jetpack_social_post_already_shared":true,"jetpack_social_options":{"image_generator_settings":{"template":"highway","default_image_id":0,"font":"","enabled":false},"version":2},"_wpas_customize_per_network":false},"categories":[9],"tags":[],"class_list":["post-6603","post","type-post","status-publish","format-standard","has-post-thumbnail","hentry","category-el-mundo"],"magazineBlocksPostFeaturedMedia":{"thumbnail":"https:\/\/pornuestrolaredo.com\/wp-content\/uploads\/2025\/05\/Stereo91-20250507-3-150x150.jpg","medium":"https:\/\/pornuestrolaredo.com\/wp-content\/uploads\/2025\/05\/Stereo91-20250507-3-300x181.jpg","medium_large":"https:\/\/pornuestrolaredo.com\/wp-content\/uploads\/2025\/05\/Stereo91-20250507-3-768x462.jpg","large":"https:\/\/pornuestrolaredo.com\/wp-content\/uploads\/2025\/05\/Stereo91-20250507-3.jpg","1536x1536":"https:\/\/pornuestrolaredo.com\/wp-content\/uploads\/2025\/05\/Stereo91-20250507-3.jpg","2048x2048":"https:\/\/pornuestrolaredo.com\/wp-content\/uploads\/2025\/05\/Stereo91-20250507-3.jpg","morenews-large":"https:\/\/pornuestrolaredo.com\/wp-content\/uploads\/2025\/05\/Stereo91-20250507-3.jpg","morenews-medium":"https:\/\/pornuestrolaredo.com\/wp-content\/uploads\/2025\/05\/Stereo91-20250507-3.jpg"},"magazineBlocksPostAuthor":{"name":"Redactor","avatar":"https:\/\/pornuestrolaredo.com\/wp-content\/litespeed\/avatar\/dca1d7ec750c399f025f23b0b314f4cf.jpg?ver=1777007253"},"magazineBlocksPostCommentsNumber":false,"magazineBlocksPostExcerpt":"El m\u00e1ximo tribunal considera que la ley que los env\u00eda a refugios para que sean vacunados y puestos en adopci\u00f3n es totalmente v\u00e1lida","magazineBlocksPostCategories":["El Mundo"],"magazineBlocksPostViewCount":95,"magazineBlocksPostReadTime":2,"magazine_blocks_featured_image_url":{"full":["https:\/\/pornuestrolaredo.com\/wp-content\/uploads\/2025\/05\/Stereo91-20250507-3.jpg",980,590,false],"medium":["https:\/\/pornuestrolaredo.com\/wp-content\/uploads\/2025\/05\/Stereo91-20250507-3-300x181.jpg",300,181,true],"thumbnail":["https:\/\/pornuestrolaredo.com\/wp-content\/uploads\/2025\/05\/Stereo91-20250507-3-150x150.jpg",150,150,true]},"magazine_blocks_author":{"display_name":"Redactor","author_link":"https:\/\/pornuestrolaredo.com\/?author=1"},"magazine_blocks_comment":0,"magazine_blocks_author_image":"https:\/\/pornuestrolaredo.com\/wp-content\/litespeed\/avatar\/dca1d7ec750c399f025f23b0b314f4cf.jpg?ver=1777007253","magazine_blocks_category":"<a href=\"#\" class=\"category-link category-link-9\">El Mundo<\/a>","jetpack_publicize_connections":[],"featured_image_urls":{"full":["https:\/\/pornuestrolaredo.com\/wp-content\/uploads\/2025\/05\/Stereo91-20250507-3.jpg",980,590,false],"thumbnail":["https:\/\/pornuestrolaredo.com\/wp-content\/uploads\/2025\/05\/Stereo91-20250507-3-150x150.jpg",150,150,true],"medium":["https:\/\/pornuestrolaredo.com\/wp-content\/uploads\/2025\/05\/Stereo91-20250507-3-300x181.jpg",300,181,true],"medium_large":["https:\/\/pornuestrolaredo.com\/wp-content\/uploads\/2025\/05\/Stereo91-20250507-3-768x462.jpg",640,385,true],"large":["https:\/\/pornuestrolaredo.com\/wp-content\/uploads\/2025\/05\/Stereo91-20250507-3.jpg",640,385,false],"1536x1536":["https:\/\/pornuestrolaredo.com\/wp-content\/uploads\/2025\/05\/Stereo91-20250507-3.jpg",980,590,false],"2048x2048":["https:\/\/pornuestrolaredo.com\/wp-content\/uploads\/2025\/05\/Stereo91-20250507-3.jpg",980,590,false],"morenews-large":["https:\/\/pornuestrolaredo.com\/wp-content\/uploads\/2025\/05\/Stereo91-20250507-3.jpg",825,497,false],"morenews-medium":["https:\/\/pornuestrolaredo.com\/wp-content\/uploads\/2025\/05\/Stereo91-20250507-3.jpg",590,355,false]},"author_info":{"info":["Redactor"]},"category_info":"<a href=\"https:\/\/pornuestrolaredo.com\/?cat=9\" rel=\"category\">El Mundo<\/a>","tag_info":"El Mundo","comment_count":"0","jetpack_featured_media_url":"https:\/\/pornuestrolaredo.com\/wp-content\/uploads\/2025\/05\/Stereo91-20250507-3.jpg","jetpack_sharing_enabled":true,"_links":{"self":[{"href":"https:\/\/pornuestrolaredo.com\/index.php?rest_route=\/wp\/v2\/posts\/6603","targetHints":{"allow":["GET"]}}],"collection":[{"href":"https:\/\/pornuestrolaredo.com\/index.php?rest_route=\/wp\/v2\/posts"}],"about":[{"href":"https:\/\/pornuestrolaredo.com\/index.php?rest_route=\/wp\/v2\/types\/post"}],"author":[{"embeddable":true,"href":"https:\/\/pornuestrolaredo.com\/index.php?rest_route=\/wp\/v2\/users\/1"}],"replies":[{"embeddable":true,"href":"https:\/\/pornuestrolaredo.com\/index.php?rest_route=%2Fwp%2Fv2%2Fcomments&post=6603"}],"version-history":[{"count":1,"href":"https:\/\/pornuestrolaredo.com\/index.php?rest_route=\/wp\/v2\/posts\/6603\/revisions"}],"predecessor-version":[{"id":6605,"href":"https:\/\/pornuestrolaredo.com\/index.php?rest_route=\/wp\/v2\/posts\/6603\/revisions\/6605"}],"wp:featuredmedia":[{"embeddable":true,"href":"https:\/\/pornuestrolaredo.com\/index.php?rest_route=\/wp\/v2\/media\/6604"}],"wp:attachment":[{"href":"https:\/\/pornuestrolaredo.com\/index.php?rest_route=%2Fwp%2Fv2%2Fmedia&parent=6603"}],"wp:term":[{"taxonomy":"category","embeddable":true,"href":"https:\/\/pornuestrolaredo.com\/index.php?rest_route=%2Fwp%2Fv2%2Fcategories&post=6603"},{"taxonomy":"post_tag","embeddable":true,"href":"https:\/\/pornuestrolaredo.com\/index.php?rest_route=%2Fwp%2Fv2%2Ftags&post=6603"}],"curies":[{"name":"wp","href":"https:\/\/api.w.org\/{rel}","templated":true}]}}