{"id":6613,"date":"2025-05-09T11:56:17","date_gmt":"2025-05-09T16:56:17","guid":{"rendered":"https:\/\/pornuestrolaredo.com\/?p=6613"},"modified":"2025-05-09T11:56:17","modified_gmt":"2025-05-09T16:56:17","slug":"impulsan-campana-de-reforestacion-en-nuevo-laredo","status":"publish","type":"post","link":"https:\/\/pornuestrolaredo.com\/?p=6613","title":{"rendered":"Impulsan campa\u00f1a de reforestaci\u00f3n en Nuevo Laredo"},"content":{"rendered":"<p><strong>NUEVO LAREDO.- <\/strong>Con el firme compromiso de preservar el entorno natural y fortalecer la conciencia ambiental en la ciudadan\u00eda, el Gobierno Municipal, a trav\u00e9s de la Coordinaci\u00f3n General de Medio Ambiente, implementa una intensa campa\u00f1a de reforestaci\u00f3n en diversos puntos estrat\u00e9gicos de la ciudad.<\/p>\n<p>La iniciativa contempla la plantaci\u00f3n de \u00e1rboles en escuelas de todos los niveles, espacios deportivos, culturales, camellones y \u00e1reas p\u00fablicas, con el objetivo de recuperar zonas verdes y contribuir a mitigar los efectos del cambio clim\u00e1tico.<\/p>\n<p>Para mejorar las condiciones de desarrollo de los \u00e1rboles en el clima semides\u00e9rtico de la regi\u00f3n, se aplic\u00f3 hidrogel en cada ejemplar, lo que permite una mejor retenci\u00f3n de humedad en la tierra y favorece su crecimiento.<\/p>\n<p>Tania Taboada Blanco, titular de la Coordinaci\u00f3n General de Medio Ambiente, explic\u00f3 que uno de los aspectos m\u00e1s relevantes de esta campa\u00f1a es la participaci\u00f3n activa de la comunidad, ya que ciudadanos, estudiantes y docentes adoptan los \u00e1rboles plantados y se comprometen a dar seguimiento a su cuidado.<\/p>\n<blockquote><p>Con esta campa\u00f1a no solo sembramos \u00e1rboles, sembramos conciencia ambiental y sentido de pertenencia; el Gobierno Municipal, encabezado por la alcaldesa Carmen Lilia Canturosas, est\u00e1 comprometido con construir una ciudad m\u00e1s verde, m\u00e1s sustentable y con mejor calidad de vida para las futuras generaciones\u201d, afirm\u00f3 la funcionaria.<\/p><\/blockquote>\n<p>Como ejemplo de la importancia de la participaci\u00f3n de sociedad e iniciativa privada en esta labor de reforestaci\u00f3n, dio a conocer que recientemente recibieron la donaci\u00f3n de 75 \u00e1rboles por parte de industrias Rheem, que ser\u00e1n plantados en el parque del bienestar de la colonia El Progreso. <\/p>\n<p>Con estas acciones, el Gobierno Municipal refrenda su visi\u00f3n ecol\u00f3gica y su apuesta por pol\u00edticas p\u00fablicas sostenibles que involucren a todos los sectores de la sociedad.<\/p>\n","protected":false},"excerpt":{"rendered":"<p>La iniciativa contempla la plantaci\u00f3n de \u00e1rboles en escuelas de todos los niveles, espacios deportivos, culturales, camellones y \u00e1reas p\u00fablicas<\/p>\n","protected":false},"author":1,"featured_media":6614,"comment_status":"closed","ping_status":"closed","sticky":false,"template":"","format":"standard","meta":{"_crdt_document":"","_jetpack_memberships_contains_paid_content":false,"footnotes":"","jetpack_publicize_message":"","jetpack_publicize_feature_enabled":true,"jetpack_social_post_already_shared":true,"jetpack_social_options":{"image_generator_settings":{"template":"highway","default_image_id":0,"font":"","enabled":false},"version":2},"_wpas_customize_per_network":false},"categories":[4],"tags":[],"class_list":["post-6613","post","type-post","status-publish","format-standard","has-post-thumbnail","hentry","category-los-dos-laredos"],"magazineBlocksPostFeaturedMedia":{"thumbnail":"https:\/\/pornuestrolaredo.com\/wp-content\/uploads\/2025\/05\/Stereo91-202505090-2-150x150.jpg","medium":"https:\/\/pornuestrolaredo.com\/wp-content\/uploads\/2025\/05\/Stereo91-202505090-2-300x173.jpg","medium_large":"https:\/\/pornuestrolaredo.com\/wp-content\/uploads\/2025\/05\/Stereo91-202505090-2-768x443.jpg","large":"https:\/\/pornuestrolaredo.com\/wp-content\/uploads\/2025\/05\/Stereo91-202505090-2.jpg","1536x1536":"https:\/\/pornuestrolaredo.com\/wp-content\/uploads\/2025\/05\/Stereo91-202505090-2.jpg","2048x2048":"https:\/\/pornuestrolaredo.com\/wp-content\/uploads\/2025\/05\/Stereo91-202505090-2.jpg","morenews-large":"https:\/\/pornuestrolaredo.com\/wp-content\/uploads\/2025\/05\/Stereo91-202505090-2.jpg","morenews-medium":"https:\/\/pornuestrolaredo.com\/wp-content\/uploads\/2025\/05\/Stereo91-202505090-2.jpg"},"magazineBlocksPostAuthor":{"name":"Redactor","avatar":"https:\/\/pornuestrolaredo.com\/wp-content\/litespeed\/avatar\/dca1d7ec750c399f025f23b0b314f4cf.jpg?ver=1777007253"},"magazineBlocksPostCommentsNumber":false,"magazineBlocksPostExcerpt":"La iniciativa contempla la plantaci\u00f3n de \u00e1rboles en escuelas de todos los niveles, espacios deportivos, culturales, camellones y \u00e1reas p\u00fablicas","magazineBlocksPostCategories":["Los dos Laredos"],"magazineBlocksPostViewCount":107,"magazineBlocksPostReadTime":2,"magazine_blocks_featured_image_url":{"full":["https:\/\/pornuestrolaredo.com\/wp-content\/uploads\/2025\/05\/Stereo91-202505090-2.jpg",850,490,false],"medium":["https:\/\/pornuestrolaredo.com\/wp-content\/uploads\/2025\/05\/Stereo91-202505090-2-300x173.jpg",300,173,true],"thumbnail":["https:\/\/pornuestrolaredo.com\/wp-content\/uploads\/2025\/05\/Stereo91-202505090-2-150x150.jpg",150,150,true]},"magazine_blocks_author":{"display_name":"Redactor","author_link":"https:\/\/pornuestrolaredo.com\/?author=1"},"magazine_blocks_comment":0,"magazine_blocks_author_image":"https:\/\/pornuestrolaredo.com\/wp-content\/litespeed\/avatar\/dca1d7ec750c399f025f23b0b314f4cf.jpg?ver=1777007253","magazine_blocks_category":"<a href=\"#\" class=\"category-link category-link-4\">Los dos Laredos<\/a>","jetpack_publicize_connections":[],"featured_image_urls":{"full":["https:\/\/pornuestrolaredo.com\/wp-content\/uploads\/2025\/05\/Stereo91-202505090-2.jpg",850,490,false],"thumbnail":["https:\/\/pornuestrolaredo.com\/wp-content\/uploads\/2025\/05\/Stereo91-202505090-2-150x150.jpg",150,150,true],"medium":["https:\/\/pornuestrolaredo.com\/wp-content\/uploads\/2025\/05\/Stereo91-202505090-2-300x173.jpg",300,173,true],"medium_large":["https:\/\/pornuestrolaredo.com\/wp-content\/uploads\/2025\/05\/Stereo91-202505090-2-768x443.jpg",640,369,true],"large":["https:\/\/pornuestrolaredo.com\/wp-content\/uploads\/2025\/05\/Stereo91-202505090-2.jpg",640,369,false],"1536x1536":["https:\/\/pornuestrolaredo.com\/wp-content\/uploads\/2025\/05\/Stereo91-202505090-2.jpg",850,490,false],"2048x2048":["https:\/\/pornuestrolaredo.com\/wp-content\/uploads\/2025\/05\/Stereo91-202505090-2.jpg",850,490,false],"morenews-large":["https:\/\/pornuestrolaredo.com\/wp-content\/uploads\/2025\/05\/Stereo91-202505090-2.jpg",825,476,false],"morenews-medium":["https:\/\/pornuestrolaredo.com\/wp-content\/uploads\/2025\/05\/Stereo91-202505090-2.jpg",590,340,false]},"author_info":{"info":["Redactor"]},"category_info":"<a href=\"https:\/\/pornuestrolaredo.com\/?cat=4\" rel=\"category\">Los dos Laredos<\/a>","tag_info":"Los dos Laredos","comment_count":"0","jetpack_featured_media_url":"https:\/\/pornuestrolaredo.com\/wp-content\/uploads\/2025\/05\/Stereo91-202505090-2.jpg","jetpack_sharing_enabled":true,"_links":{"self":[{"href":"https:\/\/pornuestrolaredo.com\/index.php?rest_route=\/wp\/v2\/posts\/6613","targetHints":{"allow":["GET"]}}],"collection":[{"href":"https:\/\/pornuestrolaredo.com\/index.php?rest_route=\/wp\/v2\/posts"}],"about":[{"href":"https:\/\/pornuestrolaredo.com\/index.php?rest_route=\/wp\/v2\/types\/post"}],"author":[{"embeddable":true,"href":"https:\/\/pornuestrolaredo.com\/index.php?rest_route=\/wp\/v2\/users\/1"}],"replies":[{"embeddable":true,"href":"https:\/\/pornuestrolaredo.com\/index.php?rest_route=%2Fwp%2Fv2%2Fcomments&post=6613"}],"version-history":[{"count":1,"href":"https:\/\/pornuestrolaredo.com\/index.php?rest_route=\/wp\/v2\/posts\/6613\/revisions"}],"predecessor-version":[{"id":6615,"href":"https:\/\/pornuestrolaredo.com\/index.php?rest_route=\/wp\/v2\/posts\/6613\/revisions\/6615"}],"wp:featuredmedia":[{"embeddable":true,"href":"https:\/\/pornuestrolaredo.com\/index.php?rest_route=\/wp\/v2\/media\/6614"}],"wp:attachment":[{"href":"https:\/\/pornuestrolaredo.com\/index.php?rest_route=%2Fwp%2Fv2%2Fmedia&parent=6613"}],"wp:term":[{"taxonomy":"category","embeddable":true,"href":"https:\/\/pornuestrolaredo.com\/index.php?rest_route=%2Fwp%2Fv2%2Fcategories&post=6613"},{"taxonomy":"post_tag","embeddable":true,"href":"https:\/\/pornuestrolaredo.com\/index.php?rest_route=%2Fwp%2Fv2%2Ftags&post=6613"}],"curies":[{"name":"wp","href":"https:\/\/api.w.org\/{rel}","templated":true}]}}