{"id":6620,"date":"2025-05-11T19:20:58","date_gmt":"2025-05-12T00:20:58","guid":{"rendered":"https:\/\/pornuestrolaredo.com\/?p=6620"},"modified":"2025-05-11T19:21:12","modified_gmt":"2025-05-12T00:21:12","slug":"alerta-por-altas-temperaturas-en-los-dos-laredos","status":"publish","type":"post","link":"https:\/\/pornuestrolaredo.com\/?p=6620","title":{"rendered":"Alerta por altas temperaturas en los dos Laredos"},"content":{"rendered":"<p><strong>NUEVO LAREDO.- <\/strong>Las temperturas que se esperan para la semana que empez\u00f3 este domingo son peligrosas, pues alcanzar\u00e1n hasta los 45 grados cent\u00edgrados, la tarde del mi\u00e9rcoles.<\/p>\n<p>El Servicio Meteorol\u00f3gico Nacional de Estados Unidos advierte que desde el martes el term\u00f3metro subir\u00e1 peligrosamente, alcanzando los 44 grados. Para el mi\u00e9rcoles ser\u00e1n 45, para el jueves 43, viernes 41 y s\u00e1bado 42.<\/p>\n<p>Ante esta riesgosa situaci\u00f3n, la Direcci\u00f3n de Protecci\u00f3n Civil y Bomberos de Nuevo Laredo hace un llamado a la poblaci\u00f3n para tomar las debidas precauciones para prevenir golpes de calor, deshidrataci\u00f3n y otras complicaciones relacionadas con las altas temperaturas.<\/p>\n<p>Entre las principales recomendaciones se encuentran:<\/p>\n<p>Evitar la exposici\u00f3n prolongada al sol, especialmente entre las 11:00 de la ma\u00f1ana y las 4:00 de la tarde.<br \/>\nHidratarse constantemente, incluso sin tener sed.<br \/>\nUsar ropa ligera, de colores claros y gorra o sombrero.<br \/>\nNo dejar a ni\u00f1os, adultos mayores o mascotas dentro de veh\u00edculos cerrados.<br \/>\nPermanecer en lugares frescos y bien ventilados.<\/p>\n<p>En caso de presentar s\u00edntomas como mareo, sudoraci\u00f3n excesiva, dolor de cabeza o n\u00e1useas, acudir de inmediato a recibir atenci\u00f3n m\u00e9dica.<\/p>\n<p>La Direcci\u00f3n de Protecci\u00f3n Civil y Bomberos se mantendr\u00e1 atenta y monitoreando cualquier situaci\u00f3n de riesgo, con el compromiso de salvaguardar la integridad de las y los neolaredenses.<\/p>\n<p>Para reportes o emergencias, se encuentra disponible el n\u00famero 867 712 8911.<\/p>\n","protected":false},"excerpt":{"rendered":"<p>El term\u00f3metro sube el martes a 44 grados y el mi\u00e9rcoles a los 45; se mantendr\u00e1 el calor extremo hasta el s\u00e1bado pr\u00f3ximo<\/p>\n","protected":false},"author":1,"featured_media":6621,"comment_status":"closed","ping_status":"closed","sticky":false,"template":"","format":"standard","meta":{"_crdt_document":"","_jetpack_memberships_contains_paid_content":false,"footnotes":"","jetpack_publicize_message":"","jetpack_publicize_feature_enabled":true,"jetpack_social_post_already_shared":true,"jetpack_social_options":{"image_generator_settings":{"template":"highway","default_image_id":0,"font":"","enabled":false},"version":2},"_wpas_customize_per_network":false},"categories":[4],"tags":[],"class_list":["post-6620","post","type-post","status-publish","format-standard","has-post-thumbnail","hentry","category-los-dos-laredos"],"magazineBlocksPostFeaturedMedia":{"thumbnail":"https:\/\/pornuestrolaredo.com\/wp-content\/uploads\/2025\/05\/Stereo91-20250511-2-150x150.jpg","medium":"https:\/\/pornuestrolaredo.com\/wp-content\/uploads\/2025\/05\/Stereo91-20250511-2-300x169.jpg","medium_large":"https:\/\/pornuestrolaredo.com\/wp-content\/uploads\/2025\/05\/Stereo91-20250511-2-768x432.jpg","large":"https:\/\/pornuestrolaredo.com\/wp-content\/uploads\/2025\/05\/Stereo91-20250511-2-1000x562.jpg","1536x1536":"https:\/\/pornuestrolaredo.com\/wp-content\/uploads\/2025\/05\/Stereo91-20250511-2-1536x864.jpg","2048x2048":"https:\/\/pornuestrolaredo.com\/wp-content\/uploads\/2025\/05\/Stereo91-20250511-2.jpg","morenews-large":"https:\/\/pornuestrolaredo.com\/wp-content\/uploads\/2025\/05\/Stereo91-20250511-2.jpg","morenews-medium":"https:\/\/pornuestrolaredo.com\/wp-content\/uploads\/2025\/05\/Stereo91-20250511-2.jpg"},"magazineBlocksPostAuthor":{"name":"Redactor","avatar":"https:\/\/pornuestrolaredo.com\/wp-content\/litespeed\/avatar\/dca1d7ec750c399f025f23b0b314f4cf.jpg?ver=1777007253"},"magazineBlocksPostCommentsNumber":false,"magazineBlocksPostExcerpt":"El term\u00f3metro sube el martes a 44 grados y el mi\u00e9rcoles a los 45; se mantendr\u00e1 el calor extremo hasta el s\u00e1bado pr\u00f3ximo","magazineBlocksPostCategories":["Los dos Laredos"],"magazineBlocksPostViewCount":117,"magazineBlocksPostReadTime":2,"magazine_blocks_featured_image_url":{"full":["https:\/\/pornuestrolaredo.com\/wp-content\/uploads\/2025\/05\/Stereo91-20250511-2.jpg",1599,899,false],"medium":["https:\/\/pornuestrolaredo.com\/wp-content\/uploads\/2025\/05\/Stereo91-20250511-2-300x169.jpg",300,169,true],"thumbnail":["https:\/\/pornuestrolaredo.com\/wp-content\/uploads\/2025\/05\/Stereo91-20250511-2-150x150.jpg",150,150,true]},"magazine_blocks_author":{"display_name":"Redactor","author_link":"https:\/\/pornuestrolaredo.com\/?author=1"},"magazine_blocks_comment":0,"magazine_blocks_author_image":"https:\/\/pornuestrolaredo.com\/wp-content\/litespeed\/avatar\/dca1d7ec750c399f025f23b0b314f4cf.jpg?ver=1777007253","magazine_blocks_category":"<a href=\"#\" class=\"category-link category-link-4\">Los dos Laredos<\/a>","jetpack_publicize_connections":[],"featured_image_urls":{"full":["https:\/\/pornuestrolaredo.com\/wp-content\/uploads\/2025\/05\/Stereo91-20250511-2.jpg",1599,899,false],"thumbnail":["https:\/\/pornuestrolaredo.com\/wp-content\/uploads\/2025\/05\/Stereo91-20250511-2-150x150.jpg",150,150,true],"medium":["https:\/\/pornuestrolaredo.com\/wp-content\/uploads\/2025\/05\/Stereo91-20250511-2-300x169.jpg",300,169,true],"medium_large":["https:\/\/pornuestrolaredo.com\/wp-content\/uploads\/2025\/05\/Stereo91-20250511-2-768x432.jpg",640,360,true],"large":["https:\/\/pornuestrolaredo.com\/wp-content\/uploads\/2025\/05\/Stereo91-20250511-2-1000x562.jpg",640,360,true],"1536x1536":["https:\/\/pornuestrolaredo.com\/wp-content\/uploads\/2025\/05\/Stereo91-20250511-2-1536x864.jpg",1536,864,true],"2048x2048":["https:\/\/pornuestrolaredo.com\/wp-content\/uploads\/2025\/05\/Stereo91-20250511-2.jpg",1599,899,false],"morenews-large":["https:\/\/pornuestrolaredo.com\/wp-content\/uploads\/2025\/05\/Stereo91-20250511-2.jpg",825,464,false],"morenews-medium":["https:\/\/pornuestrolaredo.com\/wp-content\/uploads\/2025\/05\/Stereo91-20250511-2.jpg",590,332,false]},"author_info":{"info":["Redactor"]},"category_info":"<a href=\"https:\/\/pornuestrolaredo.com\/?cat=4\" rel=\"category\">Los dos Laredos<\/a>","tag_info":"Los dos Laredos","comment_count":"0","jetpack_featured_media_url":"https:\/\/pornuestrolaredo.com\/wp-content\/uploads\/2025\/05\/Stereo91-20250511-2.jpg","jetpack_sharing_enabled":true,"_links":{"self":[{"href":"https:\/\/pornuestrolaredo.com\/index.php?rest_route=\/wp\/v2\/posts\/6620","targetHints":{"allow":["GET"]}}],"collection":[{"href":"https:\/\/pornuestrolaredo.com\/index.php?rest_route=\/wp\/v2\/posts"}],"about":[{"href":"https:\/\/pornuestrolaredo.com\/index.php?rest_route=\/wp\/v2\/types\/post"}],"author":[{"embeddable":true,"href":"https:\/\/pornuestrolaredo.com\/index.php?rest_route=\/wp\/v2\/users\/1"}],"replies":[{"embeddable":true,"href":"https:\/\/pornuestrolaredo.com\/index.php?rest_route=%2Fwp%2Fv2%2Fcomments&post=6620"}],"version-history":[{"count":1,"href":"https:\/\/pornuestrolaredo.com\/index.php?rest_route=\/wp\/v2\/posts\/6620\/revisions"}],"predecessor-version":[{"id":6622,"href":"https:\/\/pornuestrolaredo.com\/index.php?rest_route=\/wp\/v2\/posts\/6620\/revisions\/6622"}],"wp:featuredmedia":[{"embeddable":true,"href":"https:\/\/pornuestrolaredo.com\/index.php?rest_route=\/wp\/v2\/media\/6621"}],"wp:attachment":[{"href":"https:\/\/pornuestrolaredo.com\/index.php?rest_route=%2Fwp%2Fv2%2Fmedia&parent=6620"}],"wp:term":[{"taxonomy":"category","embeddable":true,"href":"https:\/\/pornuestrolaredo.com\/index.php?rest_route=%2Fwp%2Fv2%2Fcategories&post=6620"},{"taxonomy":"post_tag","embeddable":true,"href":"https:\/\/pornuestrolaredo.com\/index.php?rest_route=%2Fwp%2Fv2%2Ftags&post=6620"}],"curies":[{"name":"wp","href":"https:\/\/api.w.org\/{rel}","templated":true}]}}