{"id":6643,"date":"2025-05-14T21:45:24","date_gmt":"2025-05-15T02:45:24","guid":{"rendered":"https:\/\/pornuestrolaredo.com\/?p=6643"},"modified":"2025-05-14T21:45:24","modified_gmt":"2025-05-15T02:45:24","slug":"despide-uruguay-a-jose-pepe-mujica","status":"publish","type":"post","link":"https:\/\/pornuestrolaredo.com\/?p=6643","title":{"rendered":"Despide Uruguay a Jos\u00e9 \u201cPepe\u201d Mujica"},"content":{"rendered":"<p><strong>MONTEVIDEO.-<\/strong> Guirlandas, fotograf\u00edas, graffitis plasmados en muros, colas de hasta tres horas. Entre l\u00e1grimas y una inmensa conmoci\u00f3n, miles de uruguayos dieron el mi\u00e9rcoles su \u00faltimo adi\u00f3s al expresidente Jos\u00e9 \u201cPepe\u201d Mujica, uno de los grandes referentes pol\u00edticos de la historia reciente de Am\u00e9rica Latina y quien falleci\u00f3 la v\u00edspera a los 89 a\u00f1os a consecuencia de un c\u00e1ncer.<\/p>\n<p>La jornada de luto empez\u00f3 con un cortejo f\u00fanebre encabezado por la viuda de Mujica, la exsenadora y exvicepresidenta Luc\u00eda Topolansky, y por Yamand\u00fa Orsi, actual presidente uruguayo y disc\u00edpulo pol\u00edtico del exjefe de Estado.<\/p>\n<p>Desde las primeras horas de la ma\u00f1ana, miles de personas se aglomeraban en las calles de Montevideo para acompa\u00f1ar el paso de la carroza negra que, tirada por seis caballos, transportaba el f\u00e9retro con el cuerpo de Mujica, cerrado y envuelto en la bandera uruguaya.<\/p>\n<p>Canciones espont\u00e1neas y poes\u00edas recitadas sal\u00edan de la multitud que acompa\u00f1aba conmocionada el trayecto desde la Torre Ejecutiva hacia la sede del Congreso en un recorrido de poco m\u00e1s de tres kil\u00f3metros pero que se alarg\u00f3 por casi cuatro horas.<\/p>\n<blockquote><p>Acompa\u00f1\u00e9 todo el trayecto y ahora vine a dar mi adi\u00f3s definitivo\u201d, cont\u00f3 a The Associated Press la enfermera Estela Piriz, de 69 a\u00f1os. \u201cPepe fue una persona que ha dedicado su vida al pueblo, m\u00e1s all\u00e1 de tendencias pol\u00edticas. Es como perder a un familiar\u201d.<\/p><\/blockquote>\n<p>Mujica, quien gobern\u00f3 Uruguay entre 2010 y 2015, muri\u00f3 muy pocos d\u00edas antes de cumplir los 90 a\u00f1os. A lo largo de sus nueve d\u00e9cadas de vida, acumul\u00f3 batallas y controversias que lo han convertido en uno de los pol\u00edticos m\u00e1s influyentes de Uruguay y uno de los principales exponentes de la izquierda latinoamericana.<\/p>\n<blockquote><p>Tuvimos muchas discrepancias, pero en la vida siempre es mejor quedarse en lo bueno\u201d, se\u00f1al\u00f3 a los periodistas el expresidente Luis Lacalle Pou (2020-2025), adversario pol\u00edtico de Mujica y uno de los primeros mandatarios en expresar sus condolencias en el Sal\u00f3n de los Pasos Perdidos del Palacio Legislativo de Montevideo.<\/p><\/blockquote>\n<p>Adem\u00e1s de Lacalle Pou, quien dej\u00f3 la presidencia en marzo, han despedido al pol\u00edtico los exmandatarios Luis Lacalle Herrera (1990-1995) y Julio Mar\u00eda Sanguinetti (1985-1990 y 1995-2000), de los partidos derechistas Nacional y Colorado, respectivamente.<\/p>\n<blockquote><p>Somos la misma generaci\u00f3n que vivi\u00f3 todas las peripecias del pa\u00eds en los \u00faltimos 70 a\u00f1os, pero en lados adversos\u201d, explic\u00f3 Sanguinetti, de 89 a\u00f1os, sobre la larga trayectoria compartida con Mujica.<\/p><\/blockquote>\n<p>Ambos, continu\u00f3, empezaron como \u201cenemigos\u201d pero \u201cdespu\u00e9s \u201dvino la dictadura que de alg\u00fan modo nos aproxim\u00f3 a todos\u201d, dijo del r\u00e9gimen militar entre 1973 y 1985. \u201cLa paz se hace con los adversarios\u201d, matiz\u00f3.<\/p>\n<p>La nonagenaria Beatriz Benzano, exmaestra de una joven Luc\u00eda Topolansky hace m\u00e1s de seis d\u00e9cadas, recuerda bien los a\u00f1os de militancia y el papel de Mujica \u2014y de su compa\u00f1era de vida\u2014 moldeando la historia moderna de Uruguay.<\/p>\n<p>En los a\u00f1os de dictadura, Benzano decidi\u00f3 unirse al movimiento por el regreso de la democracia y volvi\u00f3 a reencontrarse con Mujica y Topolansky. A partir de entonces pasaron a compartir tambi\u00e9n la militancia, unos lazos que se fueron profundizando m\u00e1s all\u00e1 del campo pol\u00edtico y se consolidaron con la redemocratizaci\u00f3n.<\/p>\n","protected":false},"excerpt":{"rendered":"<p>El expresidente fue uno de los grandes referentes pol\u00edticos de la historia reciente de Am\u00e9rica Latina conocido por su austeridad<\/p>\n","protected":false},"author":1,"featured_media":6644,"comment_status":"closed","ping_status":"closed","sticky":false,"template":"","format":"standard","meta":{"_crdt_document":"","_jetpack_memberships_contains_paid_content":false,"footnotes":"","jetpack_publicize_message":"","jetpack_publicize_feature_enabled":true,"jetpack_social_post_already_shared":true,"jetpack_social_options":{"image_generator_settings":{"template":"highway","default_image_id":0,"font":"","enabled":false},"version":2},"_wpas_customize_per_network":false},"categories":[9],"tags":[],"class_list":["post-6643","post","type-post","status-publish","format-standard","has-post-thumbnail","hentry","category-el-mundo"],"magazineBlocksPostFeaturedMedia":{"thumbnail":"https:\/\/pornuestrolaredo.com\/wp-content\/uploads\/2025\/05\/Stereo91-20250514-2-150x150.jpg","medium":"https:\/\/pornuestrolaredo.com\/wp-content\/uploads\/2025\/05\/Stereo91-20250514-2-300x170.jpg","medium_large":"https:\/\/pornuestrolaredo.com\/wp-content\/uploads\/2025\/05\/Stereo91-20250514-2-768x436.jpg","large":"https:\/\/pornuestrolaredo.com\/wp-content\/uploads\/2025\/05\/Stereo91-20250514-2.jpg","1536x1536":"https:\/\/pornuestrolaredo.com\/wp-content\/uploads\/2025\/05\/Stereo91-20250514-2.jpg","2048x2048":"https:\/\/pornuestrolaredo.com\/wp-content\/uploads\/2025\/05\/Stereo91-20250514-2.jpg","morenews-large":"https:\/\/pornuestrolaredo.com\/wp-content\/uploads\/2025\/05\/Stereo91-20250514-2.jpg","morenews-medium":"https:\/\/pornuestrolaredo.com\/wp-content\/uploads\/2025\/05\/Stereo91-20250514-2.jpg"},"magazineBlocksPostAuthor":{"name":"Redactor","avatar":"https:\/\/pornuestrolaredo.com\/wp-content\/litespeed\/avatar\/dca1d7ec750c399f025f23b0b314f4cf.jpg?ver=1777612120"},"magazineBlocksPostCommentsNumber":false,"magazineBlocksPostExcerpt":"El expresidente fue uno de los grandes referentes pol\u00edticos de la historia reciente de Am\u00e9rica Latina conocido por su austeridad","magazineBlocksPostCategories":["El Mundo"],"magazineBlocksPostViewCount":126,"magazineBlocksPostReadTime":3,"magazine_blocks_featured_image_url":{"full":["https:\/\/pornuestrolaredo.com\/wp-content\/uploads\/2025\/05\/Stereo91-20250514-2.jpg",850,483,false],"medium":["https:\/\/pornuestrolaredo.com\/wp-content\/uploads\/2025\/05\/Stereo91-20250514-2-300x170.jpg",300,170,true],"thumbnail":["https:\/\/pornuestrolaredo.com\/wp-content\/uploads\/2025\/05\/Stereo91-20250514-2-150x150.jpg",150,150,true]},"magazine_blocks_author":{"display_name":"Redactor","author_link":"https:\/\/pornuestrolaredo.com\/?author=1"},"magazine_blocks_comment":0,"magazine_blocks_author_image":"https:\/\/pornuestrolaredo.com\/wp-content\/litespeed\/avatar\/dca1d7ec750c399f025f23b0b314f4cf.jpg?ver=1777612120","magazine_blocks_category":"<a href=\"#\" class=\"category-link category-link-9\">El Mundo<\/a>","jetpack_publicize_connections":[],"featured_image_urls":{"full":["https:\/\/pornuestrolaredo.com\/wp-content\/uploads\/2025\/05\/Stereo91-20250514-2.jpg",850,483,false],"thumbnail":["https:\/\/pornuestrolaredo.com\/wp-content\/uploads\/2025\/05\/Stereo91-20250514-2-150x150.jpg",150,150,true],"medium":["https:\/\/pornuestrolaredo.com\/wp-content\/uploads\/2025\/05\/Stereo91-20250514-2-300x170.jpg",300,170,true],"medium_large":["https:\/\/pornuestrolaredo.com\/wp-content\/uploads\/2025\/05\/Stereo91-20250514-2-768x436.jpg",640,363,true],"large":["https:\/\/pornuestrolaredo.com\/wp-content\/uploads\/2025\/05\/Stereo91-20250514-2.jpg",640,364,false],"1536x1536":["https:\/\/pornuestrolaredo.com\/wp-content\/uploads\/2025\/05\/Stereo91-20250514-2.jpg",850,483,false],"2048x2048":["https:\/\/pornuestrolaredo.com\/wp-content\/uploads\/2025\/05\/Stereo91-20250514-2.jpg",850,483,false],"morenews-large":["https:\/\/pornuestrolaredo.com\/wp-content\/uploads\/2025\/05\/Stereo91-20250514-2.jpg",825,469,false],"morenews-medium":["https:\/\/pornuestrolaredo.com\/wp-content\/uploads\/2025\/05\/Stereo91-20250514-2.jpg",590,335,false]},"author_info":{"info":["Redactor"]},"category_info":"<a href=\"https:\/\/pornuestrolaredo.com\/?cat=9\" rel=\"category\">El Mundo<\/a>","tag_info":"El Mundo","comment_count":"0","jetpack_featured_media_url":"https:\/\/pornuestrolaredo.com\/wp-content\/uploads\/2025\/05\/Stereo91-20250514-2.jpg","jetpack_sharing_enabled":true,"_links":{"self":[{"href":"https:\/\/pornuestrolaredo.com\/index.php?rest_route=\/wp\/v2\/posts\/6643","targetHints":{"allow":["GET"]}}],"collection":[{"href":"https:\/\/pornuestrolaredo.com\/index.php?rest_route=\/wp\/v2\/posts"}],"about":[{"href":"https:\/\/pornuestrolaredo.com\/index.php?rest_route=\/wp\/v2\/types\/post"}],"author":[{"embeddable":true,"href":"https:\/\/pornuestrolaredo.com\/index.php?rest_route=\/wp\/v2\/users\/1"}],"replies":[{"embeddable":true,"href":"https:\/\/pornuestrolaredo.com\/index.php?rest_route=%2Fwp%2Fv2%2Fcomments&post=6643"}],"version-history":[{"count":1,"href":"https:\/\/pornuestrolaredo.com\/index.php?rest_route=\/wp\/v2\/posts\/6643\/revisions"}],"predecessor-version":[{"id":6645,"href":"https:\/\/pornuestrolaredo.com\/index.php?rest_route=\/wp\/v2\/posts\/6643\/revisions\/6645"}],"wp:featuredmedia":[{"embeddable":true,"href":"https:\/\/pornuestrolaredo.com\/index.php?rest_route=\/wp\/v2\/media\/6644"}],"wp:attachment":[{"href":"https:\/\/pornuestrolaredo.com\/index.php?rest_route=%2Fwp%2Fv2%2Fmedia&parent=6643"}],"wp:term":[{"taxonomy":"category","embeddable":true,"href":"https:\/\/pornuestrolaredo.com\/index.php?rest_route=%2Fwp%2Fv2%2Fcategories&post=6643"},{"taxonomy":"post_tag","embeddable":true,"href":"https:\/\/pornuestrolaredo.com\/index.php?rest_route=%2Fwp%2Fv2%2Ftags&post=6643"}],"curies":[{"name":"wp","href":"https:\/\/api.w.org\/{rel}","templated":true}]}}