{"id":6646,"date":"2025-05-14T21:55:25","date_gmt":"2025-05-15T02:55:25","guid":{"rendered":"https:\/\/pornuestrolaredo.com\/?p=6646"},"modified":"2025-05-14T21:55:25","modified_gmt":"2025-05-15T02:55:25","slug":"carreterazo-deja-21-victimas-en-puebla","status":"publish","type":"post","link":"https:\/\/pornuestrolaredo.com\/?p=6646","title":{"rendered":"Carreterazo deja 21 v\u00edctimas en Puebla"},"content":{"rendered":"<p>PUEBLA.- Un accidente en la supercarretera Cuacnopalan-Oaxaca dej\u00f3 un saldo preliminar de 21 personas fallecidas, informaron autoridades estatales.<\/p>\n<p>El incidente vial ocurrido en el kil\u00f3metro 31, en el Estado de Puebla, involucr\u00f3 a tres veh\u00edculos: un autob\u00fas Volvo 9700 de la L\u00ednea AU (servicio directo), una pipa y una camioneta de transporte de personal, lo que deriv\u00f3 en un incendio en la zona y llev\u00f3 al cierre total de la autopista en ambos sentidos, causando tr\u00e1nsito lento y generando una intensa movilizaci\u00f3n de cuerpos de emergencia.<\/p>\n<p>Samuel Aguilar Pala, Secretario de Gobernaci\u00f3n de Puebla, detall\u00f3 a trav\u00e9s de sus redes sociales que 18 personas fallecieron en el lugar del accidente, mientras que otras tres perdieron la vida en el hospital.<\/p>\n<p>Adem\u00e1s, varias personas resultaron lesionadas y est\u00e1n recibiendo atenci\u00f3n m\u00e9dica en centros hospitalarios cercanos.<br \/>\nLa Coordinaci\u00f3n Estatal de Protecci\u00f3n Civil de Puebla advirti\u00f3 a los conductores extremar precauciones al transitar por v\u00edas alternas y estar atentos a los reportes oficiales para conocer el momento en que se reabra la autopista.<\/p>\n<p>La supercarretera Cuacnopalan-Oaxaca permanece cerrada a la circulaci\u00f3n en ambos sentidos debido a las labores en curso, lo que ha generado afectaciones viales significativas.<\/p>\n","protected":false},"excerpt":{"rendered":"<p>Chocan un autob\u00fas, una pipa y una camioneta de transporte de personal en la supercarretera Cuacnopalan-Oaxaca<\/p>\n","protected":false},"author":1,"featured_media":6647,"comment_status":"closed","ping_status":"closed","sticky":false,"template":"","format":"standard","meta":{"_crdt_document":"","_jetpack_memberships_contains_paid_content":false,"footnotes":"","jetpack_publicize_message":"","jetpack_publicize_feature_enabled":true,"jetpack_social_post_already_shared":true,"jetpack_social_options":{"image_generator_settings":{"template":"highway","default_image_id":0,"font":"","enabled":false},"version":2},"_wpas_customize_per_network":false},"categories":[33],"tags":[],"class_list":["post-6646","post","type-post","status-publish","format-standard","has-post-thumbnail","hentry","category-mexico"],"magazineBlocksPostFeaturedMedia":{"thumbnail":"https:\/\/pornuestrolaredo.com\/wp-content\/uploads\/2025\/05\/Stereo91-20250514-3-150x150.jpg","medium":"https:\/\/pornuestrolaredo.com\/wp-content\/uploads\/2025\/05\/Stereo91-20250514-3-300x197.jpg","medium_large":"https:\/\/pornuestrolaredo.com\/wp-content\/uploads\/2025\/05\/Stereo91-20250514-3-768x504.jpg","large":"https:\/\/pornuestrolaredo.com\/wp-content\/uploads\/2025\/05\/Stereo91-20250514-3.jpg","1536x1536":"https:\/\/pornuestrolaredo.com\/wp-content\/uploads\/2025\/05\/Stereo91-20250514-3.jpg","2048x2048":"https:\/\/pornuestrolaredo.com\/wp-content\/uploads\/2025\/05\/Stereo91-20250514-3.jpg","morenews-large":"https:\/\/pornuestrolaredo.com\/wp-content\/uploads\/2025\/05\/Stereo91-20250514-3.jpg","morenews-medium":"https:\/\/pornuestrolaredo.com\/wp-content\/uploads\/2025\/05\/Stereo91-20250514-3.jpg"},"magazineBlocksPostAuthor":{"name":"Redactor","avatar":"https:\/\/pornuestrolaredo.com\/wp-content\/litespeed\/avatar\/dca1d7ec750c399f025f23b0b314f4cf.jpg?ver=1777612120"},"magazineBlocksPostCommentsNumber":false,"magazineBlocksPostExcerpt":"Chocan un autob\u00fas, una pipa y una camioneta de transporte de personal en la supercarretera Cuacnopalan-Oaxaca","magazineBlocksPostCategories":["Mexico"],"magazineBlocksPostViewCount":156,"magazineBlocksPostReadTime":2,"magazine_blocks_featured_image_url":{"full":["https:\/\/pornuestrolaredo.com\/wp-content\/uploads\/2025\/05\/Stereo91-20250514-3.jpg",850,558,false],"medium":["https:\/\/pornuestrolaredo.com\/wp-content\/uploads\/2025\/05\/Stereo91-20250514-3-300x197.jpg",300,197,true],"thumbnail":["https:\/\/pornuestrolaredo.com\/wp-content\/uploads\/2025\/05\/Stereo91-20250514-3-150x150.jpg",150,150,true]},"magazine_blocks_author":{"display_name":"Redactor","author_link":"https:\/\/pornuestrolaredo.com\/?author=1"},"magazine_blocks_comment":0,"magazine_blocks_author_image":"https:\/\/pornuestrolaredo.com\/wp-content\/litespeed\/avatar\/dca1d7ec750c399f025f23b0b314f4cf.jpg?ver=1777612120","magazine_blocks_category":"<a href=\"#\" class=\"category-link category-link-33\">Mexico<\/a>","jetpack_publicize_connections":[],"featured_image_urls":{"full":["https:\/\/pornuestrolaredo.com\/wp-content\/uploads\/2025\/05\/Stereo91-20250514-3.jpg",850,558,false],"thumbnail":["https:\/\/pornuestrolaredo.com\/wp-content\/uploads\/2025\/05\/Stereo91-20250514-3-150x150.jpg",150,150,true],"medium":["https:\/\/pornuestrolaredo.com\/wp-content\/uploads\/2025\/05\/Stereo91-20250514-3-300x197.jpg",300,197,true],"medium_large":["https:\/\/pornuestrolaredo.com\/wp-content\/uploads\/2025\/05\/Stereo91-20250514-3-768x504.jpg",640,420,true],"large":["https:\/\/pornuestrolaredo.com\/wp-content\/uploads\/2025\/05\/Stereo91-20250514-3.jpg",640,420,false],"1536x1536":["https:\/\/pornuestrolaredo.com\/wp-content\/uploads\/2025\/05\/Stereo91-20250514-3.jpg",850,558,false],"2048x2048":["https:\/\/pornuestrolaredo.com\/wp-content\/uploads\/2025\/05\/Stereo91-20250514-3.jpg",850,558,false],"morenews-large":["https:\/\/pornuestrolaredo.com\/wp-content\/uploads\/2025\/05\/Stereo91-20250514-3.jpg",825,542,false],"morenews-medium":["https:\/\/pornuestrolaredo.com\/wp-content\/uploads\/2025\/05\/Stereo91-20250514-3.jpg",590,387,false]},"author_info":{"info":["Redactor"]},"category_info":"<a href=\"https:\/\/pornuestrolaredo.com\/?cat=33\" rel=\"category\">Mexico<\/a>","tag_info":"Mexico","comment_count":"0","jetpack_featured_media_url":"https:\/\/pornuestrolaredo.com\/wp-content\/uploads\/2025\/05\/Stereo91-20250514-3.jpg","jetpack_sharing_enabled":true,"_links":{"self":[{"href":"https:\/\/pornuestrolaredo.com\/index.php?rest_route=\/wp\/v2\/posts\/6646","targetHints":{"allow":["GET"]}}],"collection":[{"href":"https:\/\/pornuestrolaredo.com\/index.php?rest_route=\/wp\/v2\/posts"}],"about":[{"href":"https:\/\/pornuestrolaredo.com\/index.php?rest_route=\/wp\/v2\/types\/post"}],"author":[{"embeddable":true,"href":"https:\/\/pornuestrolaredo.com\/index.php?rest_route=\/wp\/v2\/users\/1"}],"replies":[{"embeddable":true,"href":"https:\/\/pornuestrolaredo.com\/index.php?rest_route=%2Fwp%2Fv2%2Fcomments&post=6646"}],"version-history":[{"count":1,"href":"https:\/\/pornuestrolaredo.com\/index.php?rest_route=\/wp\/v2\/posts\/6646\/revisions"}],"predecessor-version":[{"id":6648,"href":"https:\/\/pornuestrolaredo.com\/index.php?rest_route=\/wp\/v2\/posts\/6646\/revisions\/6648"}],"wp:featuredmedia":[{"embeddable":true,"href":"https:\/\/pornuestrolaredo.com\/index.php?rest_route=\/wp\/v2\/media\/6647"}],"wp:attachment":[{"href":"https:\/\/pornuestrolaredo.com\/index.php?rest_route=%2Fwp%2Fv2%2Fmedia&parent=6646"}],"wp:term":[{"taxonomy":"category","embeddable":true,"href":"https:\/\/pornuestrolaredo.com\/index.php?rest_route=%2Fwp%2Fv2%2Fcategories&post=6646"},{"taxonomy":"post_tag","embeddable":true,"href":"https:\/\/pornuestrolaredo.com\/index.php?rest_route=%2Fwp%2Fv2%2Ftags&post=6646"}],"curies":[{"name":"wp","href":"https:\/\/api.w.org\/{rel}","templated":true}]}}