{"id":6657,"date":"2025-05-15T14:41:10","date_gmt":"2025-05-15T19:41:10","guid":{"rendered":"https:\/\/pornuestrolaredo.com\/?p=6657"},"modified":"2025-05-15T14:41:10","modified_gmt":"2025-05-15T19:41:10","slug":"se-alista-nld-para-la-temporada-de-huracanes","status":"publish","type":"post","link":"https:\/\/pornuestrolaredo.com\/?p=6657","title":{"rendered":"Se alista NLD para la temporada de huracanes"},"content":{"rendered":"<p><strong><em>NUEVO LAREDO.-<\/em><\/strong> Nuevo Laredo se prepara con tiempo para enfrentar la temporada de huracanes. Este jueves, se realiz\u00f3 la primera Sesi\u00f3n Ordinaria del Consejo Municipal de Protecci\u00f3n Civil 2025.<\/p>\n<p>La idea es prepararse con anticipaci\u00f3n para proteger la vida, el patrimonio y el entorno ecol\u00f3gico de los habitantes de Nuevo Laredo.<\/p>\n<p>El Consejo Municipal de Protecci\u00f3n Civil est\u00e1 integrado por dependencias como la Secretar\u00eda de Servicios P\u00fablicos Primarios, la Direcci\u00f3n de Salud, Tr\u00e1nsito y Vialidad, Migraci\u00f3n, Aduanas, COMAPA, dependencias estatales, federales e integrantes del sector empresarial, profesional y educativo.<\/p>\n<p>Durante la reuni\u00f3n, se destac\u00f3 la importancia de la cultura de la prevenci\u00f3n y la inversi\u00f3n del Gobierno Municipal en infraestructura hidr\u00e1ulica, como los colectores pluviales, que ayudar\u00e1n a mitigar los efectos de lluvias torrenciales.<\/p>\n<p>El director de Protecci\u00f3n Civil y Bomberos, Humberto Fern\u00e1ndez Diez de Pino, expuso que la temporada de huracanes en el oc\u00e9ano Pac\u00edfico inicia el 15 de mayo, mientras que en el Atl\u00e1ntico comienza el 1 de junio y concluye el 30 de noviembre.<\/p>\n<blockquote><p>Se pronostican entre 16 y 20 fen\u00f3menos tropicales para el Pac\u00edfico y entre 13 y 17 para el Atl\u00e1ntico\u201d, seg\u00fan inform\u00f3 Humberto Diez de Pino, lo que representa un total estimado de hasta 37 eventos con posibilidad de evolucionar a huracanes de categor\u00edas del 1 al 5.<\/p><\/blockquote>\n<p>La Direcci\u00f3n de Protecci\u00f3n Civil y Bomberos detall\u00f3 tambi\u00e9n que cuenta con 10 unidades operativas, entre ellas tres ambulancias, tres veh\u00edculos de ataque r\u00e1pido, dos camiones de bomberos, dos pipas, dos lanchas y equipos de comunicaci\u00f3n con autonom\u00eda. El equipo est\u00e1 conformado por 60 elementos, 20 voluntarios, 68 integrantes del \u00e1rea de bomberos y 22 param\u00e9dicos.<\/p>\n<p>Finalmente, se hizo un llamado a la ciudadan\u00eda a mantenerse informada a trav\u00e9s de los canales oficiales y a mantener limpias sus viviendas para evitar obstrucciones en las alcantarillas. La prevenci\u00f3n, reiteraron las autoridades, es clave para proteger vidas y propiedades ante posibles contingencias.<\/p>\n","protected":false},"excerpt":{"rendered":"<p>Realizan la primera Sesi\u00f3n Ordinaria del Consejo Municipal de Protecci\u00f3n Civil 2025<\/p>\n","protected":false},"author":1,"featured_media":6658,"comment_status":"closed","ping_status":"closed","sticky":false,"template":"","format":"standard","meta":{"_crdt_document":"","_jetpack_memberships_contains_paid_content":false,"footnotes":"","jetpack_publicize_message":"","jetpack_publicize_feature_enabled":true,"jetpack_social_post_already_shared":true,"jetpack_social_options":{"image_generator_settings":{"template":"highway","default_image_id":0,"font":"","enabled":false},"version":2},"_wpas_customize_per_network":false},"categories":[4],"tags":[],"class_list":["post-6657","post","type-post","status-publish","format-standard","has-post-thumbnail","hentry","category-los-dos-laredos"],"magazineBlocksPostFeaturedMedia":{"thumbnail":"https:\/\/pornuestrolaredo.com\/wp-content\/uploads\/2025\/05\/Stereo91-20250515-2-150x150.jpeg","medium":"https:\/\/pornuestrolaredo.com\/wp-content\/uploads\/2025\/05\/Stereo91-20250515-2-300x200.jpeg","medium_large":"https:\/\/pornuestrolaredo.com\/wp-content\/uploads\/2025\/05\/Stereo91-20250515-2-768x512.jpeg","large":"https:\/\/pornuestrolaredo.com\/wp-content\/uploads\/2025\/05\/Stereo91-20250515-2-1000x667.jpeg","1536x1536":"https:\/\/pornuestrolaredo.com\/wp-content\/uploads\/2025\/05\/Stereo91-20250515-2-1536x1024.jpeg","2048x2048":"https:\/\/pornuestrolaredo.com\/wp-content\/uploads\/2025\/05\/Stereo91-20250515-2.jpeg","morenews-large":"https:\/\/pornuestrolaredo.com\/wp-content\/uploads\/2025\/05\/Stereo91-20250515-2.jpeg","morenews-medium":"https:\/\/pornuestrolaredo.com\/wp-content\/uploads\/2025\/05\/Stereo91-20250515-2.jpeg"},"magazineBlocksPostAuthor":{"name":"Redactor","avatar":"https:\/\/pornuestrolaredo.com\/wp-content\/litespeed\/avatar\/dca1d7ec750c399f025f23b0b314f4cf.jpg?ver=1777612120"},"magazineBlocksPostCommentsNumber":false,"magazineBlocksPostExcerpt":"Realizan la primera Sesi\u00f3n Ordinaria del Consejo Municipal de Protecci\u00f3n Civil 2025","magazineBlocksPostCategories":["Los dos Laredos"],"magazineBlocksPostViewCount":115,"magazineBlocksPostReadTime":2,"magazine_blocks_featured_image_url":{"full":["https:\/\/pornuestrolaredo.com\/wp-content\/uploads\/2025\/05\/Stereo91-20250515-2.jpeg",1600,1067,false],"medium":["https:\/\/pornuestrolaredo.com\/wp-content\/uploads\/2025\/05\/Stereo91-20250515-2-300x200.jpeg",300,200,true],"thumbnail":["https:\/\/pornuestrolaredo.com\/wp-content\/uploads\/2025\/05\/Stereo91-20250515-2-150x150.jpeg",150,150,true]},"magazine_blocks_author":{"display_name":"Redactor","author_link":"https:\/\/pornuestrolaredo.com\/?author=1"},"magazine_blocks_comment":0,"magazine_blocks_author_image":"https:\/\/pornuestrolaredo.com\/wp-content\/litespeed\/avatar\/dca1d7ec750c399f025f23b0b314f4cf.jpg?ver=1777612120","magazine_blocks_category":"<a href=\"#\" class=\"category-link category-link-4\">Los dos Laredos<\/a>","jetpack_publicize_connections":[],"featured_image_urls":{"full":["https:\/\/pornuestrolaredo.com\/wp-content\/uploads\/2025\/05\/Stereo91-20250515-2.jpeg",1600,1067,false],"thumbnail":["https:\/\/pornuestrolaredo.com\/wp-content\/uploads\/2025\/05\/Stereo91-20250515-2-150x150.jpeg",150,150,true],"medium":["https:\/\/pornuestrolaredo.com\/wp-content\/uploads\/2025\/05\/Stereo91-20250515-2-300x200.jpeg",300,200,true],"medium_large":["https:\/\/pornuestrolaredo.com\/wp-content\/uploads\/2025\/05\/Stereo91-20250515-2-768x512.jpeg",640,427,true],"large":["https:\/\/pornuestrolaredo.com\/wp-content\/uploads\/2025\/05\/Stereo91-20250515-2-1000x667.jpeg",640,427,true],"1536x1536":["https:\/\/pornuestrolaredo.com\/wp-content\/uploads\/2025\/05\/Stereo91-20250515-2-1536x1024.jpeg",1536,1024,true],"2048x2048":["https:\/\/pornuestrolaredo.com\/wp-content\/uploads\/2025\/05\/Stereo91-20250515-2.jpeg",1600,1067,false],"morenews-large":["https:\/\/pornuestrolaredo.com\/wp-content\/uploads\/2025\/05\/Stereo91-20250515-2.jpeg",825,550,false],"morenews-medium":["https:\/\/pornuestrolaredo.com\/wp-content\/uploads\/2025\/05\/Stereo91-20250515-2.jpeg",590,393,false]},"author_info":{"info":["Redactor"]},"category_info":"<a href=\"https:\/\/pornuestrolaredo.com\/?cat=4\" rel=\"category\">Los dos Laredos<\/a>","tag_info":"Los dos Laredos","comment_count":"0","jetpack_featured_media_url":"https:\/\/pornuestrolaredo.com\/wp-content\/uploads\/2025\/05\/Stereo91-20250515-2.jpeg","jetpack_sharing_enabled":true,"_links":{"self":[{"href":"https:\/\/pornuestrolaredo.com\/index.php?rest_route=\/wp\/v2\/posts\/6657","targetHints":{"allow":["GET"]}}],"collection":[{"href":"https:\/\/pornuestrolaredo.com\/index.php?rest_route=\/wp\/v2\/posts"}],"about":[{"href":"https:\/\/pornuestrolaredo.com\/index.php?rest_route=\/wp\/v2\/types\/post"}],"author":[{"embeddable":true,"href":"https:\/\/pornuestrolaredo.com\/index.php?rest_route=\/wp\/v2\/users\/1"}],"replies":[{"embeddable":true,"href":"https:\/\/pornuestrolaredo.com\/index.php?rest_route=%2Fwp%2Fv2%2Fcomments&post=6657"}],"version-history":[{"count":1,"href":"https:\/\/pornuestrolaredo.com\/index.php?rest_route=\/wp\/v2\/posts\/6657\/revisions"}],"predecessor-version":[{"id":6659,"href":"https:\/\/pornuestrolaredo.com\/index.php?rest_route=\/wp\/v2\/posts\/6657\/revisions\/6659"}],"wp:featuredmedia":[{"embeddable":true,"href":"https:\/\/pornuestrolaredo.com\/index.php?rest_route=\/wp\/v2\/media\/6658"}],"wp:attachment":[{"href":"https:\/\/pornuestrolaredo.com\/index.php?rest_route=%2Fwp%2Fv2%2Fmedia&parent=6657"}],"wp:term":[{"taxonomy":"category","embeddable":true,"href":"https:\/\/pornuestrolaredo.com\/index.php?rest_route=%2Fwp%2Fv2%2Fcategories&post=6657"},{"taxonomy":"post_tag","embeddable":true,"href":"https:\/\/pornuestrolaredo.com\/index.php?rest_route=%2Fwp%2Fv2%2Ftags&post=6657"}],"curies":[{"name":"wp","href":"https:\/\/api.w.org\/{rel}","templated":true}]}}