{"id":6663,"date":"2025-05-15T22:39:03","date_gmt":"2025-05-16T03:39:03","guid":{"rendered":"https:\/\/pornuestrolaredo.com\/?p=6663"},"modified":"2025-05-15T22:39:03","modified_gmt":"2025-05-16T03:39:03","slug":"tendran-maestros-aumento-salarial-de-10","status":"publish","type":"post","link":"https:\/\/pornuestrolaredo.com\/?p=6663","title":{"rendered":"Tendr\u00e1n maestros aumento salarial de 10%"},"content":{"rendered":"<p><strong>CIUDAD DE M\u00c9XICO.- <\/strong>Maestros de M\u00e9xico recibir\u00e1n un aumento en su salario de 10 por ciento este a\u00f1o; 9 por ciento retroactivo al 1 de enero y el resto en septiembre, anunci\u00f3 la ma\u00f1ana de este jueves la presidenta Claudia Sheinbaum.<\/p>\n<p>El anuncio se hizo en el marco del D\u00eda de la Maestra y el Maestro y frente a docentes del Sindicato Nacional de Trabajadores de la Educaci\u00f3n (SNTE).<\/p>\n<blockquote><p>El planteamiento es el siguiente, en este momento, retroactivo al 1 de enero, vamos a dar 9% de aumento salarial, con un adicional a partir de septiembre 1% m\u00e1s, como reconocimiento a las maestras y a los maestros&#8221;, dijo.<\/p><\/blockquote>\n<p>Expres\u00f3 que aunque quisiera dar m\u00e1s aumento, el anuncio representa un presupuesto anual adicional de 36 mil millones de pesos.<\/p>\n<p>Sheinbaum tambi\u00e9n inform\u00f3 que los maestros tendr\u00e1n una semana de vacaciones adicional.<\/p>\n<blockquote><p>Los maestros y los maestros casi no tienen vacaciones porque cambi\u00f3 el calendario escolar y normalmente acaban las clases y todav\u00eda se quedan, y antes de que inicie el calendario escolar, entran antes, entonces le suger\u00ed al secretario de Educaci\u00f3n P\u00fablica y le pareci\u00f3 bien, y adem\u00e1s hicimos un an\u00e1lisis de los calendarios escolares en todas partes del mundo, entonces les estamos dando una semana m\u00e1s de vacaciones a las maestras y a las maestras como parte de su trabajo.<\/p><\/blockquote>\n<blockquote><p>Porque, adem\u00e1s, no me dejar\u00e1n mentir, la \u00faltima semana de clases con las ni\u00f1as y los ni\u00f1os ya se acab\u00f3 toda la curr\u00edcula escolar, y ya ni sabemos ni c\u00f3mo llenar la \u00faltima semana, entonces es bueno tambi\u00e9n para las ni\u00f1as y los ni\u00f1os que est\u00e9n con la familia, entonces este es un adicional que estamos presentando&#8221;, anunci\u00f3.<\/p><\/blockquote>\n<p>Tambi\u00e9n asegur\u00f3 que desaparecer\u00e1 la Unidad del Sistema para la Carrera de las Maestras y Maestros (Usicamm) y la idea es que la evaluaci\u00f3n est\u00e9 hecha por pares.<\/p>\n<p>Indic\u00f3 que en campa\u00f1a maestras y maestros le aseguraron que una de las principales afectaciones del Usicamm es la movilidad.<\/p>\n<blockquote><p>Le he pedido a Mario (Delgado), vamos a firmar un decreto para que cambie por completo el proceso de movilidad de las maestras y los maestros en lo que decidimos, juntas y juntos, qu\u00e9 va a sustituir (al Usicamm)&#8221;.<\/p><\/blockquote>\n<p>En el evento conmemorativo por el D\u00eda de la Maestra y el Maestro, el l\u00edder del SNTE, Alfonso Cepeda, pidi\u00f3 un minuto de silencio por ocho docentes que perdieron la vida en un accidente en Puebla; explic\u00f3 que se dirig\u00edan a la capital del estado para realizar tr\u00e1mites administrativos.<\/p>\n","protected":false},"excerpt":{"rendered":"<p>Anuncia la presidenta Claudia Sheinbaum que 9 por ciento ser\u00e1 retroactivo al 1 de enero y el resto, en septiembre<\/p>\n","protected":false},"author":1,"featured_media":6664,"comment_status":"closed","ping_status":"closed","sticky":false,"template":"","format":"standard","meta":{"_crdt_document":"","_jetpack_memberships_contains_paid_content":false,"footnotes":"","jetpack_publicize_message":"","jetpack_publicize_feature_enabled":true,"jetpack_social_post_already_shared":true,"jetpack_social_options":{"image_generator_settings":{"template":"highway","default_image_id":0,"font":"","enabled":false},"version":2},"_wpas_customize_per_network":false},"categories":[33],"tags":[],"class_list":["post-6663","post","type-post","status-publish","format-standard","has-post-thumbnail","hentry","category-mexico"],"magazineBlocksPostFeaturedMedia":{"thumbnail":"https:\/\/pornuestrolaredo.com\/wp-content\/uploads\/2025\/05\/Stereo91-20250515-5-150x150.jpg","medium":"https:\/\/pornuestrolaredo.com\/wp-content\/uploads\/2025\/05\/Stereo91-20250515-5-300x175.jpg","medium_large":"https:\/\/pornuestrolaredo.com\/wp-content\/uploads\/2025\/05\/Stereo91-20250515-5-768x448.jpg","large":"https:\/\/pornuestrolaredo.com\/wp-content\/uploads\/2025\/05\/Stereo91-20250515-5-1000x583.jpg","1536x1536":"https:\/\/pornuestrolaredo.com\/wp-content\/uploads\/2025\/05\/Stereo91-20250515-5.jpg","2048x2048":"https:\/\/pornuestrolaredo.com\/wp-content\/uploads\/2025\/05\/Stereo91-20250515-5.jpg","morenews-large":"https:\/\/pornuestrolaredo.com\/wp-content\/uploads\/2025\/05\/Stereo91-20250515-5.jpg","morenews-medium":"https:\/\/pornuestrolaredo.com\/wp-content\/uploads\/2025\/05\/Stereo91-20250515-5.jpg"},"magazineBlocksPostAuthor":{"name":"Redactor","avatar":"https:\/\/pornuestrolaredo.com\/wp-content\/litespeed\/avatar\/dca1d7ec750c399f025f23b0b314f4cf.jpg?ver=1777612120"},"magazineBlocksPostCommentsNumber":false,"magazineBlocksPostExcerpt":"Anuncia la presidenta Claudia Sheinbaum que 9 por ciento ser\u00e1 retroactivo al 1 de enero y el resto, en septiembre","magazineBlocksPostCategories":["Mexico"],"magazineBlocksPostViewCount":138,"magazineBlocksPostReadTime":3,"magazine_blocks_featured_image_url":{"full":["https:\/\/pornuestrolaredo.com\/wp-content\/uploads\/2025\/05\/Stereo91-20250515-5.jpg",1440,840,false],"medium":["https:\/\/pornuestrolaredo.com\/wp-content\/uploads\/2025\/05\/Stereo91-20250515-5-300x175.jpg",300,175,true],"thumbnail":["https:\/\/pornuestrolaredo.com\/wp-content\/uploads\/2025\/05\/Stereo91-20250515-5-150x150.jpg",150,150,true]},"magazine_blocks_author":{"display_name":"Redactor","author_link":"https:\/\/pornuestrolaredo.com\/?author=1"},"magazine_blocks_comment":0,"magazine_blocks_author_image":"https:\/\/pornuestrolaredo.com\/wp-content\/litespeed\/avatar\/dca1d7ec750c399f025f23b0b314f4cf.jpg?ver=1777612120","magazine_blocks_category":"<a href=\"#\" class=\"category-link category-link-33\">Mexico<\/a>","jetpack_publicize_connections":[],"featured_image_urls":{"full":["https:\/\/pornuestrolaredo.com\/wp-content\/uploads\/2025\/05\/Stereo91-20250515-5.jpg",1440,840,false],"thumbnail":["https:\/\/pornuestrolaredo.com\/wp-content\/uploads\/2025\/05\/Stereo91-20250515-5-150x150.jpg",150,150,true],"medium":["https:\/\/pornuestrolaredo.com\/wp-content\/uploads\/2025\/05\/Stereo91-20250515-5-300x175.jpg",300,175,true],"medium_large":["https:\/\/pornuestrolaredo.com\/wp-content\/uploads\/2025\/05\/Stereo91-20250515-5-768x448.jpg",640,373,true],"large":["https:\/\/pornuestrolaredo.com\/wp-content\/uploads\/2025\/05\/Stereo91-20250515-5-1000x583.jpg",640,373,true],"1536x1536":["https:\/\/pornuestrolaredo.com\/wp-content\/uploads\/2025\/05\/Stereo91-20250515-5.jpg",1440,840,false],"2048x2048":["https:\/\/pornuestrolaredo.com\/wp-content\/uploads\/2025\/05\/Stereo91-20250515-5.jpg",1440,840,false],"morenews-large":["https:\/\/pornuestrolaredo.com\/wp-content\/uploads\/2025\/05\/Stereo91-20250515-5.jpg",825,481,false],"morenews-medium":["https:\/\/pornuestrolaredo.com\/wp-content\/uploads\/2025\/05\/Stereo91-20250515-5.jpg",590,344,false]},"author_info":{"info":["Redactor"]},"category_info":"<a href=\"https:\/\/pornuestrolaredo.com\/?cat=33\" rel=\"category\">Mexico<\/a>","tag_info":"Mexico","comment_count":"0","jetpack_featured_media_url":"https:\/\/pornuestrolaredo.com\/wp-content\/uploads\/2025\/05\/Stereo91-20250515-5.jpg","jetpack_sharing_enabled":true,"_links":{"self":[{"href":"https:\/\/pornuestrolaredo.com\/index.php?rest_route=\/wp\/v2\/posts\/6663","targetHints":{"allow":["GET"]}}],"collection":[{"href":"https:\/\/pornuestrolaredo.com\/index.php?rest_route=\/wp\/v2\/posts"}],"about":[{"href":"https:\/\/pornuestrolaredo.com\/index.php?rest_route=\/wp\/v2\/types\/post"}],"author":[{"embeddable":true,"href":"https:\/\/pornuestrolaredo.com\/index.php?rest_route=\/wp\/v2\/users\/1"}],"replies":[{"embeddable":true,"href":"https:\/\/pornuestrolaredo.com\/index.php?rest_route=%2Fwp%2Fv2%2Fcomments&post=6663"}],"version-history":[{"count":1,"href":"https:\/\/pornuestrolaredo.com\/index.php?rest_route=\/wp\/v2\/posts\/6663\/revisions"}],"predecessor-version":[{"id":6665,"href":"https:\/\/pornuestrolaredo.com\/index.php?rest_route=\/wp\/v2\/posts\/6663\/revisions\/6665"}],"wp:featuredmedia":[{"embeddable":true,"href":"https:\/\/pornuestrolaredo.com\/index.php?rest_route=\/wp\/v2\/media\/6664"}],"wp:attachment":[{"href":"https:\/\/pornuestrolaredo.com\/index.php?rest_route=%2Fwp%2Fv2%2Fmedia&parent=6663"}],"wp:term":[{"taxonomy":"category","embeddable":true,"href":"https:\/\/pornuestrolaredo.com\/index.php?rest_route=%2Fwp%2Fv2%2Fcategories&post=6663"},{"taxonomy":"post_tag","embeddable":true,"href":"https:\/\/pornuestrolaredo.com\/index.php?rest_route=%2Fwp%2Fv2%2Ftags&post=6663"}],"curies":[{"name":"wp","href":"https:\/\/api.w.org\/{rel}","templated":true}]}}