{"id":6672,"date":"2025-05-17T14:22:20","date_gmt":"2025-05-17T19:22:20","guid":{"rendered":"https:\/\/pornuestrolaredo.com\/?p=6672"},"modified":"2025-05-17T14:22:20","modified_gmt":"2025-05-17T19:22:20","slug":"abren-registro-para-apoyo-economico-a-docentes","status":"publish","type":"post","link":"https:\/\/pornuestrolaredo.com\/?p=6672","title":{"rendered":"Abren registro para apoyo econ\u00f3mico a docentes"},"content":{"rendered":"<p><strong><em>NUEVO LAREDO.-<\/em><\/strong> Si eres maestro, tienes derecho a un apoyo econ\u00f3mico y ya est\u00e1 abierto el registro.<\/p>\n<p>El Gobierno Municipal de Nuevo Laredo dijo que maestras y maestros activos, as\u00ed como personal administrativo del sector educativo, pueden acceder al Programa de Apoyo al Trabajo Docente, una iniciativa que otorga un bono econ\u00f3mico como reconocimiento a su invaluable labor.<\/p>\n<p>El programa est\u00e1 dirigido a docentes frente a grupo, directores, subdirectores, prefectos, asesores t\u00e9cnicos pedag\u00f3gicos, supervisores de zona escolar y jefes de sector educativo, de todos los niveles escolares y tanto de instituciones p\u00fablicas como privadas.<\/p>\n<p>El registro se puede realizar en l\u00ednea a trav\u00e9s del portal oficial del municipio: www.nld.gob.mx, y estar\u00e1 disponible hasta el 1 de junio de 2025.<\/p>\n<p>Este programa, impulsado por la alcaldesa Carmen Lilia Canturosas Villarreal, se ha consolidado como una acci\u00f3n sin precedentes en el pa\u00eds. Nuevo Laredo fue el primer municipio en M\u00e9xico en otorgar este tipo de apoyo directo a la comunidad docente, y gracias a su impacto positivo, ha sido replicado en otras ciudades.<\/p>\n<p>Para m\u00e1s informaci\u00f3n sobre los requisitos o en caso de dudas, las y los interesados pueden comunicarse con la Secretar\u00eda de Educaci\u00f3n, Cultura y Deporte, o llamar al <strong>867 711-3505<\/strong>.<\/p>\n<p>Con este tipo de acciones, el Gobierno de Nuevo Laredo refrenda su compromiso con la educaci\u00f3n y con quienes la hacen posible d\u00eda a d\u00eda.<\/p>\n","protected":false},"excerpt":{"rendered":"<p>Se otorgar\u00e1 ayuda a maestros frente a grupo, directores, subdirectores, prefectos, asesores t\u00e9cnicos pedag\u00f3gicos, supervisores de zona escolar y jefes de sector educativo, de todos los niveles escolares p\u00fablicos y privados<\/p>\n","protected":false},"author":1,"featured_media":6673,"comment_status":"closed","ping_status":"closed","sticky":false,"template":"","format":"standard","meta":{"_crdt_document":"","_jetpack_memberships_contains_paid_content":false,"footnotes":"","jetpack_publicize_message":"","jetpack_publicize_feature_enabled":true,"jetpack_social_post_already_shared":true,"jetpack_social_options":{"image_generator_settings":{"template":"highway","default_image_id":0,"font":"","enabled":false},"version":2},"_wpas_customize_per_network":false},"categories":[4],"tags":[],"class_list":["post-6672","post","type-post","status-publish","format-standard","has-post-thumbnail","hentry","category-los-dos-laredos"],"magazineBlocksPostFeaturedMedia":{"thumbnail":"https:\/\/pornuestrolaredo.com\/wp-content\/uploads\/2025\/05\/Stereo91-20250517-2-150x150.jpeg","medium":"https:\/\/pornuestrolaredo.com\/wp-content\/uploads\/2025\/05\/Stereo91-20250517-2-300x216.jpeg","medium_large":"https:\/\/pornuestrolaredo.com\/wp-content\/uploads\/2025\/05\/Stereo91-20250517-2-768x554.jpeg","large":"https:\/\/pornuestrolaredo.com\/wp-content\/uploads\/2025\/05\/Stereo91-20250517-2.jpeg","1536x1536":"https:\/\/pornuestrolaredo.com\/wp-content\/uploads\/2025\/05\/Stereo91-20250517-2.jpeg","2048x2048":"https:\/\/pornuestrolaredo.com\/wp-content\/uploads\/2025\/05\/Stereo91-20250517-2.jpeg","morenews-large":"https:\/\/pornuestrolaredo.com\/wp-content\/uploads\/2025\/05\/Stereo91-20250517-2.jpeg","morenews-medium":"https:\/\/pornuestrolaredo.com\/wp-content\/uploads\/2025\/05\/Stereo91-20250517-2.jpeg"},"magazineBlocksPostAuthor":{"name":"Redactor","avatar":"https:\/\/pornuestrolaredo.com\/wp-content\/litespeed\/avatar\/dca1d7ec750c399f025f23b0b314f4cf.jpg?ver=1777612120"},"magazineBlocksPostCommentsNumber":false,"magazineBlocksPostExcerpt":"Se otorgar\u00e1 ayuda a maestros frente a grupo, directores, subdirectores, prefectos, asesores t\u00e9cnicos pedag\u00f3gicos, supervisores de zona escolar y jefes de sector educativo, de todos los niveles escolares p\u00fablicos y privados","magazineBlocksPostCategories":["Los dos Laredos"],"magazineBlocksPostViewCount":100,"magazineBlocksPostReadTime":2,"magazine_blocks_featured_image_url":{"full":["https:\/\/pornuestrolaredo.com\/wp-content\/uploads\/2025\/05\/Stereo91-20250517-2.jpeg",850,613,false],"medium":["https:\/\/pornuestrolaredo.com\/wp-content\/uploads\/2025\/05\/Stereo91-20250517-2-300x216.jpeg",300,216,true],"thumbnail":["https:\/\/pornuestrolaredo.com\/wp-content\/uploads\/2025\/05\/Stereo91-20250517-2-150x150.jpeg",150,150,true]},"magazine_blocks_author":{"display_name":"Redactor","author_link":"https:\/\/pornuestrolaredo.com\/?author=1"},"magazine_blocks_comment":0,"magazine_blocks_author_image":"https:\/\/pornuestrolaredo.com\/wp-content\/litespeed\/avatar\/dca1d7ec750c399f025f23b0b314f4cf.jpg?ver=1777612120","magazine_blocks_category":"<a href=\"#\" class=\"category-link category-link-4\">Los dos Laredos<\/a>","jetpack_publicize_connections":[],"featured_image_urls":{"full":["https:\/\/pornuestrolaredo.com\/wp-content\/uploads\/2025\/05\/Stereo91-20250517-2.jpeg",850,613,false],"thumbnail":["https:\/\/pornuestrolaredo.com\/wp-content\/uploads\/2025\/05\/Stereo91-20250517-2-150x150.jpeg",150,150,true],"medium":["https:\/\/pornuestrolaredo.com\/wp-content\/uploads\/2025\/05\/Stereo91-20250517-2-300x216.jpeg",300,216,true],"medium_large":["https:\/\/pornuestrolaredo.com\/wp-content\/uploads\/2025\/05\/Stereo91-20250517-2-768x554.jpeg",640,462,true],"large":["https:\/\/pornuestrolaredo.com\/wp-content\/uploads\/2025\/05\/Stereo91-20250517-2.jpeg",640,462,false],"1536x1536":["https:\/\/pornuestrolaredo.com\/wp-content\/uploads\/2025\/05\/Stereo91-20250517-2.jpeg",850,613,false],"2048x2048":["https:\/\/pornuestrolaredo.com\/wp-content\/uploads\/2025\/05\/Stereo91-20250517-2.jpeg",850,613,false],"morenews-large":["https:\/\/pornuestrolaredo.com\/wp-content\/uploads\/2025\/05\/Stereo91-20250517-2.jpeg",797,575,false],"morenews-medium":["https:\/\/pornuestrolaredo.com\/wp-content\/uploads\/2025\/05\/Stereo91-20250517-2.jpeg",569,410,false]},"author_info":{"info":["Redactor"]},"category_info":"<a href=\"https:\/\/pornuestrolaredo.com\/?cat=4\" rel=\"category\">Los dos Laredos<\/a>","tag_info":"Los dos Laredos","comment_count":"0","jetpack_featured_media_url":"https:\/\/pornuestrolaredo.com\/wp-content\/uploads\/2025\/05\/Stereo91-20250517-2.jpeg","jetpack_sharing_enabled":true,"_links":{"self":[{"href":"https:\/\/pornuestrolaredo.com\/index.php?rest_route=\/wp\/v2\/posts\/6672","targetHints":{"allow":["GET"]}}],"collection":[{"href":"https:\/\/pornuestrolaredo.com\/index.php?rest_route=\/wp\/v2\/posts"}],"about":[{"href":"https:\/\/pornuestrolaredo.com\/index.php?rest_route=\/wp\/v2\/types\/post"}],"author":[{"embeddable":true,"href":"https:\/\/pornuestrolaredo.com\/index.php?rest_route=\/wp\/v2\/users\/1"}],"replies":[{"embeddable":true,"href":"https:\/\/pornuestrolaredo.com\/index.php?rest_route=%2Fwp%2Fv2%2Fcomments&post=6672"}],"version-history":[{"count":1,"href":"https:\/\/pornuestrolaredo.com\/index.php?rest_route=\/wp\/v2\/posts\/6672\/revisions"}],"predecessor-version":[{"id":6674,"href":"https:\/\/pornuestrolaredo.com\/index.php?rest_route=\/wp\/v2\/posts\/6672\/revisions\/6674"}],"wp:featuredmedia":[{"embeddable":true,"href":"https:\/\/pornuestrolaredo.com\/index.php?rest_route=\/wp\/v2\/media\/6673"}],"wp:attachment":[{"href":"https:\/\/pornuestrolaredo.com\/index.php?rest_route=%2Fwp%2Fv2%2Fmedia&parent=6672"}],"wp:term":[{"taxonomy":"category","embeddable":true,"href":"https:\/\/pornuestrolaredo.com\/index.php?rest_route=%2Fwp%2Fv2%2Fcategories&post=6672"},{"taxonomy":"post_tag","embeddable":true,"href":"https:\/\/pornuestrolaredo.com\/index.php?rest_route=%2Fwp%2Fv2%2Ftags&post=6672"}],"curies":[{"name":"wp","href":"https:\/\/api.w.org\/{rel}","templated":true}]}}