{"id":6678,"date":"2025-05-19T14:44:16","date_gmt":"2025-05-19T19:44:16","guid":{"rendered":"https:\/\/pornuestrolaredo.com\/?p=6678"},"modified":"2025-05-19T14:44:16","modified_gmt":"2025-05-19T19:44:16","slug":"inician-ampliacion-del-cuerpo-de-bomberos","status":"publish","type":"post","link":"https:\/\/pornuestrolaredo.com\/?p=6678","title":{"rendered":"Inician ampliaci\u00f3n del cuerpo de bomberos"},"content":{"rendered":"<p><strong><em>NUEVO LAREDO.-<\/em><\/strong> Para fortalecer y ampliar el cuerpo de bomberos ante el crecimiento urbano de la ciudad, el Gobierno Municipal de Nuevo Laredo, por instrucci\u00f3n de la alcaldesa Carmen Lilia Canturosas Villarreal, lanza la convocatoria al Curso de Inducci\u00f3n a la Academia de Bomberos, dirigido a personas interesadas en formar parte de esta noble y vital labor de servicio.<\/p>\n<blockquote><p>El crecimiento constante de nuestra ciudad nos exige contar con una fuerza de bomberos m\u00e1s robusta y capacitada para atender de forma oportuna los incendios y emergencias que se presentan. Por ello, por instrucci\u00f3n precisa de nuestra alcaldesa Carmen Lilia Canturosas Villarreal, hemos preparado esta convocatoria para seguir fortaleciendo esta \u00e1rea tan importante para Nuevo Laredo\u201d, se\u00f1al\u00f3 el secretario del Ayuntamiento, Juan \u00c1ngel Mart\u00ednez Salazar.<\/p><\/blockquote>\n<p>Las fechas clave del proceso de admisi\u00f3n son las siguientes, la recepci\u00f3n de documentos ser\u00e1 a partir del 20 de mayo, en las instalaciones de la Direcci\u00f3n de Protecci\u00f3n Civil y Bomberos, el examen de admisi\u00f3n, psicom\u00e9trico, entrevista y prueba f\u00edsica el 9 de agosto.<\/p>\n<p>Posteriormente la publicaci\u00f3n de resultados se estima para el 13 de agosto y el inicio de clases el 16 de agosto.El curso de inducci\u00f3n tendr\u00e1 una duraci\u00f3n de tres meses, y las clases se impartir\u00e1n todos los s\u00e1bados de 1:00 p.m. a 8:00 p.m.<\/p>\n<p>Humberto Fern\u00e1ndez Diez de Pinos, director de Protecci\u00f3n Civil y Bomberos de Nuevo Laredo se\u00f1al\u00f3 que ser\u00e1n alrededor de 35 personas las que puedan acceder a la Academia y se estima sean contratados conforme a sus cualidades para formar parte de la corporaci\u00f3n. <\/p>\n<p>Los requisitos y documentaci\u00f3n requeridos son; ser mayor de 18 a\u00f1os, identificaci\u00f3n oficial con fotograf\u00eda, acta de nacimiento, certificado m\u00e9dico, comprobante de domicilio, certificado de preparatoria, carta de exposici\u00f3n de motivos y 2 cartas de recomendaci\u00f3n.<\/p>\n<p>Las y los interesados en formar parte del cuerpo de bomberos de Nuevo Laredo y contribuir a la seguridad de la ciudadan\u00eda, pueden comunicarse para mayor informaci\u00f3n al tel\u00e9fono: (867) 712-46-35.<\/p>\n","protected":false},"excerpt":{"rendered":"<p>Lanzan convocatoria al Curso de Inducci\u00f3n a la Academia de Bomberos, dirigido a interesados en formar parte de esta noble y vital labor<\/p>\n","protected":false},"author":1,"featured_media":6679,"comment_status":"closed","ping_status":"closed","sticky":false,"template":"","format":"standard","meta":{"_crdt_document":"","_jetpack_memberships_contains_paid_content":false,"footnotes":"","jetpack_publicize_message":"","jetpack_publicize_feature_enabled":true,"jetpack_social_post_already_shared":true,"jetpack_social_options":{"image_generator_settings":{"template":"highway","default_image_id":0,"font":"","enabled":false},"version":2},"_wpas_customize_per_network":false},"categories":[4],"tags":[],"class_list":["post-6678","post","type-post","status-publish","format-standard","has-post-thumbnail","hentry","category-los-dos-laredos"],"magazineBlocksPostFeaturedMedia":{"thumbnail":"https:\/\/pornuestrolaredo.com\/wp-content\/uploads\/2025\/05\/Stereo91-20250519-3-150x150.jpg","medium":"https:\/\/pornuestrolaredo.com\/wp-content\/uploads\/2025\/05\/Stereo91-20250519-3-300x200.jpg","medium_large":"https:\/\/pornuestrolaredo.com\/wp-content\/uploads\/2025\/05\/Stereo91-20250519-3-768x513.jpg","large":"https:\/\/pornuestrolaredo.com\/wp-content\/uploads\/2025\/05\/Stereo91-20250519-3.jpg","1536x1536":"https:\/\/pornuestrolaredo.com\/wp-content\/uploads\/2025\/05\/Stereo91-20250519-3.jpg","2048x2048":"https:\/\/pornuestrolaredo.com\/wp-content\/uploads\/2025\/05\/Stereo91-20250519-3.jpg","morenews-large":"https:\/\/pornuestrolaredo.com\/wp-content\/uploads\/2025\/05\/Stereo91-20250519-3.jpg","morenews-medium":"https:\/\/pornuestrolaredo.com\/wp-content\/uploads\/2025\/05\/Stereo91-20250519-3.jpg"},"magazineBlocksPostAuthor":{"name":"Redactor","avatar":"https:\/\/pornuestrolaredo.com\/wp-content\/litespeed\/avatar\/dca1d7ec750c399f025f23b0b314f4cf.jpg?ver=1777612120"},"magazineBlocksPostCommentsNumber":false,"magazineBlocksPostExcerpt":"Lanzan convocatoria al Curso de Inducci\u00f3n a la Academia de Bomberos, dirigido a interesados en formar parte de esta noble y vital labor","magazineBlocksPostCategories":["Los dos Laredos"],"magazineBlocksPostViewCount":96,"magazineBlocksPostReadTime":2,"magazine_blocks_featured_image_url":{"full":["https:\/\/pornuestrolaredo.com\/wp-content\/uploads\/2025\/05\/Stereo91-20250519-3.jpg",850,568,false],"medium":["https:\/\/pornuestrolaredo.com\/wp-content\/uploads\/2025\/05\/Stereo91-20250519-3-300x200.jpg",300,200,true],"thumbnail":["https:\/\/pornuestrolaredo.com\/wp-content\/uploads\/2025\/05\/Stereo91-20250519-3-150x150.jpg",150,150,true]},"magazine_blocks_author":{"display_name":"Redactor","author_link":"https:\/\/pornuestrolaredo.com\/?author=1"},"magazine_blocks_comment":0,"magazine_blocks_author_image":"https:\/\/pornuestrolaredo.com\/wp-content\/litespeed\/avatar\/dca1d7ec750c399f025f23b0b314f4cf.jpg?ver=1777612120","magazine_blocks_category":"<a href=\"#\" class=\"category-link category-link-4\">Los dos Laredos<\/a>","jetpack_publicize_connections":[],"featured_image_urls":{"full":["https:\/\/pornuestrolaredo.com\/wp-content\/uploads\/2025\/05\/Stereo91-20250519-3.jpg",850,568,false],"thumbnail":["https:\/\/pornuestrolaredo.com\/wp-content\/uploads\/2025\/05\/Stereo91-20250519-3-150x150.jpg",150,150,true],"medium":["https:\/\/pornuestrolaredo.com\/wp-content\/uploads\/2025\/05\/Stereo91-20250519-3-300x200.jpg",300,200,true],"medium_large":["https:\/\/pornuestrolaredo.com\/wp-content\/uploads\/2025\/05\/Stereo91-20250519-3-768x513.jpg",640,428,true],"large":["https:\/\/pornuestrolaredo.com\/wp-content\/uploads\/2025\/05\/Stereo91-20250519-3.jpg",640,428,false],"1536x1536":["https:\/\/pornuestrolaredo.com\/wp-content\/uploads\/2025\/05\/Stereo91-20250519-3.jpg",850,568,false],"2048x2048":["https:\/\/pornuestrolaredo.com\/wp-content\/uploads\/2025\/05\/Stereo91-20250519-3.jpg",850,568,false],"morenews-large":["https:\/\/pornuestrolaredo.com\/wp-content\/uploads\/2025\/05\/Stereo91-20250519-3.jpg",825,551,false],"morenews-medium":["https:\/\/pornuestrolaredo.com\/wp-content\/uploads\/2025\/05\/Stereo91-20250519-3.jpg",590,394,false]},"author_info":{"info":["Redactor"]},"category_info":"<a href=\"https:\/\/pornuestrolaredo.com\/?cat=4\" rel=\"category\">Los dos Laredos<\/a>","tag_info":"Los dos Laredos","comment_count":"0","jetpack_featured_media_url":"https:\/\/pornuestrolaredo.com\/wp-content\/uploads\/2025\/05\/Stereo91-20250519-3.jpg","jetpack_sharing_enabled":true,"_links":{"self":[{"href":"https:\/\/pornuestrolaredo.com\/index.php?rest_route=\/wp\/v2\/posts\/6678","targetHints":{"allow":["GET"]}}],"collection":[{"href":"https:\/\/pornuestrolaredo.com\/index.php?rest_route=\/wp\/v2\/posts"}],"about":[{"href":"https:\/\/pornuestrolaredo.com\/index.php?rest_route=\/wp\/v2\/types\/post"}],"author":[{"embeddable":true,"href":"https:\/\/pornuestrolaredo.com\/index.php?rest_route=\/wp\/v2\/users\/1"}],"replies":[{"embeddable":true,"href":"https:\/\/pornuestrolaredo.com\/index.php?rest_route=%2Fwp%2Fv2%2Fcomments&post=6678"}],"version-history":[{"count":1,"href":"https:\/\/pornuestrolaredo.com\/index.php?rest_route=\/wp\/v2\/posts\/6678\/revisions"}],"predecessor-version":[{"id":6680,"href":"https:\/\/pornuestrolaredo.com\/index.php?rest_route=\/wp\/v2\/posts\/6678\/revisions\/6680"}],"wp:featuredmedia":[{"embeddable":true,"href":"https:\/\/pornuestrolaredo.com\/index.php?rest_route=\/wp\/v2\/media\/6679"}],"wp:attachment":[{"href":"https:\/\/pornuestrolaredo.com\/index.php?rest_route=%2Fwp%2Fv2%2Fmedia&parent=6678"}],"wp:term":[{"taxonomy":"category","embeddable":true,"href":"https:\/\/pornuestrolaredo.com\/index.php?rest_route=%2Fwp%2Fv2%2Fcategories&post=6678"},{"taxonomy":"post_tag","embeddable":true,"href":"https:\/\/pornuestrolaredo.com\/index.php?rest_route=%2Fwp%2Fv2%2Ftags&post=6678"}],"curies":[{"name":"wp","href":"https:\/\/api.w.org\/{rel}","templated":true}]}}