{"id":6681,"date":"2025-05-19T15:03:50","date_gmt":"2025-05-19T20:03:50","guid":{"rendered":"https:\/\/pornuestrolaredo.com\/?p=6681"},"modified":"2025-05-19T15:03:50","modified_gmt":"2025-05-19T20:03:50","slug":"arriba-a-mexico-tripulacion-del-buque-escuela-cuauhtemoc","status":"publish","type":"post","link":"https:\/\/pornuestrolaredo.com\/?p=6681","title":{"rendered":"Arriba a M\u00e9xico tripulaci\u00f3n del buque Escuela Cuauht\u00e9moc"},"content":{"rendered":"<p><strong>VERACRUZ.-<\/strong> La madrugada de este lunes arribaron al puerto de Veracruz, Veracruz, 179 integrantes de la tripulaci\u00f3n del Buque Escuela Cuauht\u00e9moc, mientras que dos cadetes m\u00e1s permanecen hospitalizados en Nueva York tras el choque registrado el fin de semana con el puente de Brooklyn, inform\u00f3 la Secretar\u00eda de Marina-Armada de M\u00e9xico.<\/p>\n<p>En un comunicado en su cuenta oficial de la red social X, la dependencia agradeci\u00f3 a la aerol\u00ednea que colabor\u00f3 para el traslado de los cadetes de la Heroica Escuela Naval Militar y dos de sus oficiales, un capit\u00e1n, un oficial y tres clases.<\/p>\n<blockquote><p>Esta madrugada arribaron al puerto de Veracruz 172 cadetes y dos oficiales de la Heroica Escuela Naval Militar, as\u00ed como un capit\u00e1n, un oficial y tres clases, pertenecientes a la tripulaci\u00f3n del Buque Escuela Velero Cuauht\u00e9moc.<\/p><\/blockquote>\n<blockquote><p>Dos cadetes a\u00fan permanecen en Nueva York, quienes se encuentran bajo atenci\u00f3n m\u00e9dica especializada y su condici\u00f3n es estable. Agradecemos el valioso apoyo de la @SRE_mx y a la aerol\u00ednea Aerom\u00e9xico para traer a casa a nuestro personal&#8221;, detall\u00f3 la dependencia.<\/p><\/blockquote>\n<p>El Buque Escuela Cuauht\u00e9moc, conocido como El Caballero de los Mares, sufri\u00f3 un in\u00e9dito accidente la tarde del s\u00e1bado al chocar con sus m\u00e1stiles en la base del puente de Brooklyn, en la ciudad de Nueva York, al realizar la maniobra de zarpe.<\/p>\n<p>De acuerdo con los reportes, por el percance murieron los cadetes Am\u00e9rica Yamilet S\u00e1nchez y Adal Jair Marcos, cuyos cuerpos ya fueron repatriados, y otros 22 integrantes de la tripulaci\u00f3n resultaron lesionados.<\/p>\n<p>El 29 de julio de 1982, el Velero Escuela Cuauht\u00e9moc inici\u00f3 su traves\u00eda como parte de la Armada de M\u00e9xico. Desde entonces, se ha consolidado como un s\u00edmbolo naval con el distintivo t\u00edtulo de Embajador y Caballero de los Mares, llevando el nombre de M\u00e9xico por el mundo a lo largo de 43 a\u00f1os y 45 viajes de instrucci\u00f3n.<\/p>\n<p>A pesar del paso del tiempo, la embarcaci\u00f3n hab\u00eda mantenido su estructura en condiciones casi impecables. Su casco, libre de raspones y da\u00f1os evidentes.<\/p>\n<p>Sin embargo, la historia del Cuauht\u00e9moc no s\u00f3lo est\u00e1 marcada por honores y desfiles. En 2017, durante el viaje de instrucci\u00f3n Centenario de la Constituci\u00f3n, una tragedia golpe\u00f3 a la tripulaci\u00f3n.<\/p>\n<p>El 11 de junio, mientras navegaba cerca del puerto de Goa, en India, una ola de gran tama\u00f1o barri\u00f3 la cubierta, arrastrando consigo a la cadete Eva Lidia Nava Guzm\u00e1n, de 21 a\u00f1os, originaria de Acapulco, Guerrero.<\/p>\n<p>Durante cinco d\u00edas se realizaron intensas labores de b\u00fasqueda, pero sin \u00e9xito. La embarcaci\u00f3n regres\u00f3 a M\u00e9xico el 21 de noviembre de ese mismo a\u00f1o, con una ausencia que dej\u00f3 una huella imborrable en la tripulaci\u00f3n.<\/p>\n","protected":false},"excerpt":{"rendered":"<p>Trasladan a Veracruz a 172 cadetes, dos oficiales de la Heroica Escuela Naval Militar, un capit\u00e1n, un oficial y tres clases<\/p>\n","protected":false},"author":1,"featured_media":6682,"comment_status":"closed","ping_status":"closed","sticky":false,"template":"","format":"standard","meta":{"_crdt_document":"","_jetpack_memberships_contains_paid_content":false,"footnotes":"","jetpack_publicize_message":"","jetpack_publicize_feature_enabled":true,"jetpack_social_post_already_shared":true,"jetpack_social_options":{"image_generator_settings":{"template":"highway","default_image_id":0,"font":"","enabled":false},"version":2},"_wpas_customize_per_network":false},"categories":[33],"tags":[],"class_list":["post-6681","post","type-post","status-publish","format-standard","has-post-thumbnail","hentry","category-mexico"],"magazineBlocksPostFeaturedMedia":{"thumbnail":"https:\/\/pornuestrolaredo.com\/wp-content\/uploads\/2025\/05\/Stereo91-20250519-2-150x150.jpg","medium":"https:\/\/pornuestrolaredo.com\/wp-content\/uploads\/2025\/05\/Stereo91-20250519-2-300x200.jpg","medium_large":"https:\/\/pornuestrolaredo.com\/wp-content\/uploads\/2025\/05\/Stereo91-20250519-2-768x512.jpg","large":"https:\/\/pornuestrolaredo.com\/wp-content\/uploads\/2025\/05\/Stereo91-20250519-2.jpg","1536x1536":"https:\/\/pornuestrolaredo.com\/wp-content\/uploads\/2025\/05\/Stereo91-20250519-2.jpg","2048x2048":"https:\/\/pornuestrolaredo.com\/wp-content\/uploads\/2025\/05\/Stereo91-20250519-2.jpg","morenews-large":"https:\/\/pornuestrolaredo.com\/wp-content\/uploads\/2025\/05\/Stereo91-20250519-2.jpg","morenews-medium":"https:\/\/pornuestrolaredo.com\/wp-content\/uploads\/2025\/05\/Stereo91-20250519-2.jpg"},"magazineBlocksPostAuthor":{"name":"Redactor","avatar":"https:\/\/pornuestrolaredo.com\/wp-content\/litespeed\/avatar\/dca1d7ec750c399f025f23b0b314f4cf.jpg?ver=1777612120"},"magazineBlocksPostCommentsNumber":false,"magazineBlocksPostExcerpt":"Trasladan a Veracruz a 172 cadetes, dos oficiales de la Heroica Escuela Naval Militar, un capit\u00e1n, un oficial y tres clases","magazineBlocksPostCategories":["Mexico"],"magazineBlocksPostViewCount":134,"magazineBlocksPostReadTime":3,"magazine_blocks_featured_image_url":{"full":["https:\/\/pornuestrolaredo.com\/wp-content\/uploads\/2025\/05\/Stereo91-20250519-2.jpg",980,653,false],"medium":["https:\/\/pornuestrolaredo.com\/wp-content\/uploads\/2025\/05\/Stereo91-20250519-2-300x200.jpg",300,200,true],"thumbnail":["https:\/\/pornuestrolaredo.com\/wp-content\/uploads\/2025\/05\/Stereo91-20250519-2-150x150.jpg",150,150,true]},"magazine_blocks_author":{"display_name":"Redactor","author_link":"https:\/\/pornuestrolaredo.com\/?author=1"},"magazine_blocks_comment":0,"magazine_blocks_author_image":"https:\/\/pornuestrolaredo.com\/wp-content\/litespeed\/avatar\/dca1d7ec750c399f025f23b0b314f4cf.jpg?ver=1777612120","magazine_blocks_category":"<a href=\"#\" class=\"category-link category-link-33\">Mexico<\/a>","jetpack_publicize_connections":[],"featured_image_urls":{"full":["https:\/\/pornuestrolaredo.com\/wp-content\/uploads\/2025\/05\/Stereo91-20250519-2.jpg",980,653,false],"thumbnail":["https:\/\/pornuestrolaredo.com\/wp-content\/uploads\/2025\/05\/Stereo91-20250519-2-150x150.jpg",150,150,true],"medium":["https:\/\/pornuestrolaredo.com\/wp-content\/uploads\/2025\/05\/Stereo91-20250519-2-300x200.jpg",300,200,true],"medium_large":["https:\/\/pornuestrolaredo.com\/wp-content\/uploads\/2025\/05\/Stereo91-20250519-2-768x512.jpg",640,427,true],"large":["https:\/\/pornuestrolaredo.com\/wp-content\/uploads\/2025\/05\/Stereo91-20250519-2.jpg",640,426,false],"1536x1536":["https:\/\/pornuestrolaredo.com\/wp-content\/uploads\/2025\/05\/Stereo91-20250519-2.jpg",980,653,false],"2048x2048":["https:\/\/pornuestrolaredo.com\/wp-content\/uploads\/2025\/05\/Stereo91-20250519-2.jpg",980,653,false],"morenews-large":["https:\/\/pornuestrolaredo.com\/wp-content\/uploads\/2025\/05\/Stereo91-20250519-2.jpg",825,550,false],"morenews-medium":["https:\/\/pornuestrolaredo.com\/wp-content\/uploads\/2025\/05\/Stereo91-20250519-2.jpg",590,393,false]},"author_info":{"info":["Redactor"]},"category_info":"<a href=\"https:\/\/pornuestrolaredo.com\/?cat=33\" rel=\"category\">Mexico<\/a>","tag_info":"Mexico","comment_count":"0","jetpack_featured_media_url":"https:\/\/pornuestrolaredo.com\/wp-content\/uploads\/2025\/05\/Stereo91-20250519-2.jpg","jetpack_sharing_enabled":true,"_links":{"self":[{"href":"https:\/\/pornuestrolaredo.com\/index.php?rest_route=\/wp\/v2\/posts\/6681","targetHints":{"allow":["GET"]}}],"collection":[{"href":"https:\/\/pornuestrolaredo.com\/index.php?rest_route=\/wp\/v2\/posts"}],"about":[{"href":"https:\/\/pornuestrolaredo.com\/index.php?rest_route=\/wp\/v2\/types\/post"}],"author":[{"embeddable":true,"href":"https:\/\/pornuestrolaredo.com\/index.php?rest_route=\/wp\/v2\/users\/1"}],"replies":[{"embeddable":true,"href":"https:\/\/pornuestrolaredo.com\/index.php?rest_route=%2Fwp%2Fv2%2Fcomments&post=6681"}],"version-history":[{"count":1,"href":"https:\/\/pornuestrolaredo.com\/index.php?rest_route=\/wp\/v2\/posts\/6681\/revisions"}],"predecessor-version":[{"id":6683,"href":"https:\/\/pornuestrolaredo.com\/index.php?rest_route=\/wp\/v2\/posts\/6681\/revisions\/6683"}],"wp:featuredmedia":[{"embeddable":true,"href":"https:\/\/pornuestrolaredo.com\/index.php?rest_route=\/wp\/v2\/media\/6682"}],"wp:attachment":[{"href":"https:\/\/pornuestrolaredo.com\/index.php?rest_route=%2Fwp%2Fv2%2Fmedia&parent=6681"}],"wp:term":[{"taxonomy":"category","embeddable":true,"href":"https:\/\/pornuestrolaredo.com\/index.php?rest_route=%2Fwp%2Fv2%2Fcategories&post=6681"},{"taxonomy":"post_tag","embeddable":true,"href":"https:\/\/pornuestrolaredo.com\/index.php?rest_route=%2Fwp%2Fv2%2Ftags&post=6681"}],"curies":[{"name":"wp","href":"https:\/\/api.w.org\/{rel}","templated":true}]}}