{"id":6688,"date":"2025-05-20T13:47:56","date_gmt":"2025-05-20T18:47:56","guid":{"rendered":"https:\/\/pornuestrolaredo.com\/?p=6688"},"modified":"2025-05-20T13:47:56","modified_gmt":"2025-05-20T18:47:56","slug":"haran-en-laredo-rodada-del-silencio","status":"publish","type":"post","link":"https:\/\/pornuestrolaredo.com\/?p=6688","title":{"rendered":"Har\u00e1n en Laredo \u2018Rodada del Silencio\u2019"},"content":{"rendered":"<p>LAREDO, TEXAS.- Ma\u00f1ana, mi\u00e9rcoles, por la tarde se realizar\u00e1 en Laredo, Texas, la \u201cRodada del Silencio\u201d, un evento que se realiza cada a\u00f1o y en el que los ciclistas exigen que se les respete su derecho a circular por las calles con seguridad, sanos y salvos.<\/p>\n<p>El evento es nacional y Laredo participa tambi\u00e9n como una forma de homenaje hacia aquellas personas que han perdido la vida al ser arrollados por veh\u00edculos que no respetaron su derecho de v\u00eda.<\/p>\n<p>En Laredo existe el Club Ciclista, que es encabezado por Fernando Baldazo y est\u00e1 formado por unos 400 miembros.<\/p>\n<p>Baldazo recorre cada a\u00f1o algunos medios de comunicaci\u00f3n para invitar a la ciudadan\u00eda a participar en este evento de car\u00e1cter nacional.<\/p>\n<p>La idea es recorrer 6.5 millas (10.46 kil\u00f3metros) en un circuito de McPherson, desde el Taco Tote y calles del residencial San Isidro y norte de Laredo.<\/p>\n<p>La cita es las 7:00 de la tarde, de este mi\u00e9rcoles para realizar la Rodada del Silencio, no tiene costo y pueden participar tantas personas como quieran, incluidas familias enteras. El registro se realizar\u00e1 desde las 5:30 de la tarde en el 10211 de McPherson.<\/p>\n<p>Baldazo pidi\u00f3 a los participantes llevar casco de seguridad y equipar sus bicicletas con luces trasera y delantera.<\/p>\n","protected":false},"excerpt":{"rendered":"<p>Invitan a ciclistas y a todas las personas que gustan andar en bicicleta a participar en este evento gratuito<\/p>\n","protected":false},"author":1,"featured_media":6689,"comment_status":"closed","ping_status":"closed","sticky":false,"template":"","format":"standard","meta":{"_crdt_document":"","_jetpack_memberships_contains_paid_content":false,"footnotes":"","jetpack_publicize_message":"","jetpack_publicize_feature_enabled":true,"jetpack_social_post_already_shared":true,"jetpack_social_options":{"image_generator_settings":{"template":"highway","default_image_id":0,"font":"","enabled":false},"version":2},"_wpas_customize_per_network":false},"categories":[4],"tags":[],"class_list":["post-6688","post","type-post","status-publish","format-standard","has-post-thumbnail","hentry","category-los-dos-laredos"],"magazineBlocksPostFeaturedMedia":{"thumbnail":"https:\/\/pornuestrolaredo.com\/wp-content\/uploads\/2025\/05\/Stereo91-20250520-3-150x150.jpeg","medium":"https:\/\/pornuestrolaredo.com\/wp-content\/uploads\/2025\/05\/Stereo91-20250520-3-300x199.jpeg","medium_large":"https:\/\/pornuestrolaredo.com\/wp-content\/uploads\/2025\/05\/Stereo91-20250520-3-768x509.jpeg","large":"https:\/\/pornuestrolaredo.com\/wp-content\/uploads\/2025\/05\/Stereo91-20250520-3.jpeg","1536x1536":"https:\/\/pornuestrolaredo.com\/wp-content\/uploads\/2025\/05\/Stereo91-20250520-3.jpeg","2048x2048":"https:\/\/pornuestrolaredo.com\/wp-content\/uploads\/2025\/05\/Stereo91-20250520-3.jpeg","morenews-large":"https:\/\/pornuestrolaredo.com\/wp-content\/uploads\/2025\/05\/Stereo91-20250520-3.jpeg","morenews-medium":"https:\/\/pornuestrolaredo.com\/wp-content\/uploads\/2025\/05\/Stereo91-20250520-3.jpeg"},"magazineBlocksPostAuthor":{"name":"Redactor","avatar":"https:\/\/pornuestrolaredo.com\/wp-content\/litespeed\/avatar\/dca1d7ec750c399f025f23b0b314f4cf.jpg?ver=1777612120"},"magazineBlocksPostCommentsNumber":false,"magazineBlocksPostExcerpt":"Invitan a ciclistas y a todas las personas que gustan andar en bicicleta a participar en este evento gratuito","magazineBlocksPostCategories":["Los dos Laredos"],"magazineBlocksPostViewCount":97,"magazineBlocksPostReadTime":2,"magazine_blocks_featured_image_url":{"full":["https:\/\/pornuestrolaredo.com\/wp-content\/uploads\/2025\/05\/Stereo91-20250520-3.jpeg",907,601,false],"medium":["https:\/\/pornuestrolaredo.com\/wp-content\/uploads\/2025\/05\/Stereo91-20250520-3-300x199.jpeg",300,199,true],"thumbnail":["https:\/\/pornuestrolaredo.com\/wp-content\/uploads\/2025\/05\/Stereo91-20250520-3-150x150.jpeg",150,150,true]},"magazine_blocks_author":{"display_name":"Redactor","author_link":"https:\/\/pornuestrolaredo.com\/?author=1"},"magazine_blocks_comment":0,"magazine_blocks_author_image":"https:\/\/pornuestrolaredo.com\/wp-content\/litespeed\/avatar\/dca1d7ec750c399f025f23b0b314f4cf.jpg?ver=1777612120","magazine_blocks_category":"<a href=\"#\" class=\"category-link category-link-4\">Los dos Laredos<\/a>","jetpack_publicize_connections":[],"featured_image_urls":{"full":["https:\/\/pornuestrolaredo.com\/wp-content\/uploads\/2025\/05\/Stereo91-20250520-3.jpeg",907,601,false],"thumbnail":["https:\/\/pornuestrolaredo.com\/wp-content\/uploads\/2025\/05\/Stereo91-20250520-3-150x150.jpeg",150,150,true],"medium":["https:\/\/pornuestrolaredo.com\/wp-content\/uploads\/2025\/05\/Stereo91-20250520-3-300x199.jpeg",300,199,true],"medium_large":["https:\/\/pornuestrolaredo.com\/wp-content\/uploads\/2025\/05\/Stereo91-20250520-3-768x509.jpeg",640,424,true],"large":["https:\/\/pornuestrolaredo.com\/wp-content\/uploads\/2025\/05\/Stereo91-20250520-3.jpeg",640,424,false],"1536x1536":["https:\/\/pornuestrolaredo.com\/wp-content\/uploads\/2025\/05\/Stereo91-20250520-3.jpeg",907,601,false],"2048x2048":["https:\/\/pornuestrolaredo.com\/wp-content\/uploads\/2025\/05\/Stereo91-20250520-3.jpeg",907,601,false],"morenews-large":["https:\/\/pornuestrolaredo.com\/wp-content\/uploads\/2025\/05\/Stereo91-20250520-3.jpeg",825,547,false],"morenews-medium":["https:\/\/pornuestrolaredo.com\/wp-content\/uploads\/2025\/05\/Stereo91-20250520-3.jpeg",590,391,false]},"author_info":{"info":["Redactor"]},"category_info":"<a href=\"https:\/\/pornuestrolaredo.com\/?cat=4\" rel=\"category\">Los dos Laredos<\/a>","tag_info":"Los dos Laredos","comment_count":"0","jetpack_featured_media_url":"https:\/\/pornuestrolaredo.com\/wp-content\/uploads\/2025\/05\/Stereo91-20250520-3.jpeg","jetpack_sharing_enabled":true,"_links":{"self":[{"href":"https:\/\/pornuestrolaredo.com\/index.php?rest_route=\/wp\/v2\/posts\/6688","targetHints":{"allow":["GET"]}}],"collection":[{"href":"https:\/\/pornuestrolaredo.com\/index.php?rest_route=\/wp\/v2\/posts"}],"about":[{"href":"https:\/\/pornuestrolaredo.com\/index.php?rest_route=\/wp\/v2\/types\/post"}],"author":[{"embeddable":true,"href":"https:\/\/pornuestrolaredo.com\/index.php?rest_route=\/wp\/v2\/users\/1"}],"replies":[{"embeddable":true,"href":"https:\/\/pornuestrolaredo.com\/index.php?rest_route=%2Fwp%2Fv2%2Fcomments&post=6688"}],"version-history":[{"count":1,"href":"https:\/\/pornuestrolaredo.com\/index.php?rest_route=\/wp\/v2\/posts\/6688\/revisions"}],"predecessor-version":[{"id":6690,"href":"https:\/\/pornuestrolaredo.com\/index.php?rest_route=\/wp\/v2\/posts\/6688\/revisions\/6690"}],"wp:featuredmedia":[{"embeddable":true,"href":"https:\/\/pornuestrolaredo.com\/index.php?rest_route=\/wp\/v2\/media\/6689"}],"wp:attachment":[{"href":"https:\/\/pornuestrolaredo.com\/index.php?rest_route=%2Fwp%2Fv2%2Fmedia&parent=6688"}],"wp:term":[{"taxonomy":"category","embeddable":true,"href":"https:\/\/pornuestrolaredo.com\/index.php?rest_route=%2Fwp%2Fv2%2Fcategories&post=6688"},{"taxonomy":"post_tag","embeddable":true,"href":"https:\/\/pornuestrolaredo.com\/index.php?rest_route=%2Fwp%2Fv2%2Ftags&post=6688"}],"curies":[{"name":"wp","href":"https:\/\/api.w.org\/{rel}","templated":true}]}}