{"id":6720,"date":"2025-05-26T18:43:44","date_gmt":"2025-05-26T23:43:44","guid":{"rendered":"https:\/\/pornuestrolaredo.com\/?p=6720"},"modified":"2025-05-26T18:43:44","modified_gmt":"2025-05-26T23:43:44","slug":"embiste-vehiculo-a-multitud-durante-festejo-en-liverpool","status":"publish","type":"post","link":"https:\/\/pornuestrolaredo.com\/?p=6720","title":{"rendered":"Embiste veh\u00edculo a multitud durante festejo en Liverpool"},"content":{"rendered":"<p><strong>LIVERPOOL.- <\/strong>La polic\u00eda de Liverpool inform\u00f3 que un conductor fue arrestado despu\u00e9s de que un veh\u00edculo embisti\u00f3 a una multitud de personas que celebraban el campeonato de la Liga Premier del club de futbol de la ciudad.<\/p>\n<p>Se detuvo a un autom\u00f3vil y un hombre fue arrestado, seg\u00fan la polic\u00eda de Merseyside, la cual confirm\u00f3 que se investigan informes de que varios peatones fueron atropellados.<\/p>\n<p>El incidente sigui\u00f3 a una gran festejo en el centro de la ciudad, donde decenas de miles de aficionados bailando, agitando bufandas y banderas desafiaron el clima h\u00famedo para llenar las calles y ver a los jugadores del Liverpool exhibir el trofeo de la Premier en la cima de dos autobuses con las palabras &#8220;Nuestro de Nuevo&#8221;.<\/p>\n<p>No hubo informaci\u00f3n inmediata de las autoridades sobre cu\u00e1ntas personas resultaron heridas. Un helic\u00f3ptero ambulancia y otros veh\u00edculos de emergencia acudieron en masa al lugar para responder a los informes de que varios peatones hab\u00edan sido atropellados.<br \/>\nHarry Rashid, quien estaba en el desfile con su esposa y sus dos hijas peque\u00f1as, dijo que el auto comenz\u00f3 a embestir a la gente a unos tres metros de distancia de \u00e9l.<\/p>\n<blockquote><p>Fue extremadamente r\u00e1pido&#8221;, expres\u00f3 Rashid. &#8220;Inicialmente, solo escuchamos el pop, pop, pop de personas siendo derribadas del cap\u00f3 de un coche&#8221;.<\/p><\/blockquote>\n<p>El primer ministro brit\u00e1nico Keir Starmer dijo que estaba siendo informado sobre la situaci\u00f3n y agradeci\u00f3 a la polic\u00eda por su r\u00e1pida respuesta.<\/p>\n<blockquote><p>Las escenas en Liverpool son espantosas. Mis pensamientos est\u00e1n con todos los heridos o afectados&#8221;, manifest\u00f3 Starmer.<\/p><\/blockquote>\n<p>La mayor fiesta tuvo lugar en el centro de Liverpool. Los Reds celebraron la conquista de su vig\u00e9simo campeonato de primera divisi\u00f3n, con lo que igualaron el r\u00e9cord de su ac\u00e9rrimo rival Manchester United.<\/p>\n<p>La procesi\u00f3n de varias horas -rodeada por una gruesa capa de polic\u00eda y seguridad- avanz\u00f3 lentamente a lo largo de una ruta de 16 kil\u00f3metros y a trav\u00e9s de un mar de humo rojo y lluvia. Fuegos artificiales explotaron desde el Royal Liver Building en el coraz\u00f3n de la ciudad.<\/p>\n<p>Fue una larga espera para los aficionados del Liverpool que no pudieron celebrar p\u00fablicamente el \u00faltimo t\u00edtulo de liga del equipo -en 2020- debido a las restricciones vigentes en ese momento durante la pandemia. El t\u00edtulo de liga anterior del Liverpool fue en 1990.<\/p>\n<blockquote><p>Solo queremos disfrutar este momento tanto como podamos porque sabemos c\u00f3mo en el futbol las cosas cambian r\u00e1pidamente. Ma\u00f1ana, cuando terminen las celebraciones, vamos por un nuevo desaf\u00edo. Pero celebramos ahora&#8221;, se\u00f1al\u00f3 Alisson Becker, el arquero brasile\u00f1o de Liverpool.<\/p><\/blockquote>\n","protected":false},"excerpt":{"rendered":"<p>Un grupo de aficionados celebraban el campeonato de la Liga Premier del club de futbol de la ciudad<\/p>\n","protected":false},"author":1,"featured_media":6721,"comment_status":"closed","ping_status":"closed","sticky":false,"template":"","format":"standard","meta":{"_crdt_document":"","_jetpack_memberships_contains_paid_content":false,"footnotes":"","jetpack_publicize_message":"","jetpack_publicize_feature_enabled":true,"jetpack_social_post_already_shared":true,"jetpack_social_options":{"image_generator_settings":{"template":"highway","default_image_id":0,"font":"","enabled":false},"version":2},"_wpas_customize_per_network":false},"categories":[9],"tags":[],"class_list":["post-6720","post","type-post","status-publish","format-standard","has-post-thumbnail","hentry","category-el-mundo"],"magazineBlocksPostFeaturedMedia":{"thumbnail":"https:\/\/pornuestrolaredo.com\/wp-content\/uploads\/2025\/05\/Stereo91-20250526-3-150x150.jpg","medium":"https:\/\/pornuestrolaredo.com\/wp-content\/uploads\/2025\/05\/Stereo91-20250526-3-300x200.jpg","medium_large":"https:\/\/pornuestrolaredo.com\/wp-content\/uploads\/2025\/05\/Stereo91-20250526-3-768x512.jpg","large":"https:\/\/pornuestrolaredo.com\/wp-content\/uploads\/2025\/05\/Stereo91-20250526-3.jpg","1536x1536":"https:\/\/pornuestrolaredo.com\/wp-content\/uploads\/2025\/05\/Stereo91-20250526-3.jpg","2048x2048":"https:\/\/pornuestrolaredo.com\/wp-content\/uploads\/2025\/05\/Stereo91-20250526-3.jpg","morenews-large":"https:\/\/pornuestrolaredo.com\/wp-content\/uploads\/2025\/05\/Stereo91-20250526-3.jpg","morenews-medium":"https:\/\/pornuestrolaredo.com\/wp-content\/uploads\/2025\/05\/Stereo91-20250526-3.jpg"},"magazineBlocksPostAuthor":{"name":"Redactor","avatar":"https:\/\/pornuestrolaredo.com\/wp-content\/litespeed\/avatar\/dca1d7ec750c399f025f23b0b314f4cf.jpg?ver=1777612120"},"magazineBlocksPostCommentsNumber":false,"magazineBlocksPostExcerpt":"Un grupo de aficionados celebraban el campeonato de la Liga Premier del club de futbol de la ciudad","magazineBlocksPostCategories":["El Mundo"],"magazineBlocksPostViewCount":95,"magazineBlocksPostReadTime":3,"magazine_blocks_featured_image_url":{"full":["https:\/\/pornuestrolaredo.com\/wp-content\/uploads\/2025\/05\/Stereo91-20250526-3.jpg",850,567,false],"medium":["https:\/\/pornuestrolaredo.com\/wp-content\/uploads\/2025\/05\/Stereo91-20250526-3-300x200.jpg",300,200,true],"thumbnail":["https:\/\/pornuestrolaredo.com\/wp-content\/uploads\/2025\/05\/Stereo91-20250526-3-150x150.jpg",150,150,true]},"magazine_blocks_author":{"display_name":"Redactor","author_link":"https:\/\/pornuestrolaredo.com\/?author=1"},"magazine_blocks_comment":0,"magazine_blocks_author_image":"https:\/\/pornuestrolaredo.com\/wp-content\/litespeed\/avatar\/dca1d7ec750c399f025f23b0b314f4cf.jpg?ver=1777612120","magazine_blocks_category":"<a href=\"#\" class=\"category-link category-link-9\">El Mundo<\/a>","jetpack_publicize_connections":[],"featured_image_urls":{"full":["https:\/\/pornuestrolaredo.com\/wp-content\/uploads\/2025\/05\/Stereo91-20250526-3.jpg",850,567,false],"thumbnail":["https:\/\/pornuestrolaredo.com\/wp-content\/uploads\/2025\/05\/Stereo91-20250526-3-150x150.jpg",150,150,true],"medium":["https:\/\/pornuestrolaredo.com\/wp-content\/uploads\/2025\/05\/Stereo91-20250526-3-300x200.jpg",300,200,true],"medium_large":["https:\/\/pornuestrolaredo.com\/wp-content\/uploads\/2025\/05\/Stereo91-20250526-3-768x512.jpg",640,427,true],"large":["https:\/\/pornuestrolaredo.com\/wp-content\/uploads\/2025\/05\/Stereo91-20250526-3.jpg",640,427,false],"1536x1536":["https:\/\/pornuestrolaredo.com\/wp-content\/uploads\/2025\/05\/Stereo91-20250526-3.jpg",850,567,false],"2048x2048":["https:\/\/pornuestrolaredo.com\/wp-content\/uploads\/2025\/05\/Stereo91-20250526-3.jpg",850,567,false],"morenews-large":["https:\/\/pornuestrolaredo.com\/wp-content\/uploads\/2025\/05\/Stereo91-20250526-3.jpg",825,550,false],"morenews-medium":["https:\/\/pornuestrolaredo.com\/wp-content\/uploads\/2025\/05\/Stereo91-20250526-3.jpg",590,394,false]},"author_info":{"info":["Redactor"]},"category_info":"<a href=\"https:\/\/pornuestrolaredo.com\/?cat=9\" rel=\"category\">El Mundo<\/a>","tag_info":"El Mundo","comment_count":"0","jetpack_featured_media_url":"https:\/\/pornuestrolaredo.com\/wp-content\/uploads\/2025\/05\/Stereo91-20250526-3.jpg","jetpack_sharing_enabled":true,"_links":{"self":[{"href":"https:\/\/pornuestrolaredo.com\/index.php?rest_route=\/wp\/v2\/posts\/6720","targetHints":{"allow":["GET"]}}],"collection":[{"href":"https:\/\/pornuestrolaredo.com\/index.php?rest_route=\/wp\/v2\/posts"}],"about":[{"href":"https:\/\/pornuestrolaredo.com\/index.php?rest_route=\/wp\/v2\/types\/post"}],"author":[{"embeddable":true,"href":"https:\/\/pornuestrolaredo.com\/index.php?rest_route=\/wp\/v2\/users\/1"}],"replies":[{"embeddable":true,"href":"https:\/\/pornuestrolaredo.com\/index.php?rest_route=%2Fwp%2Fv2%2Fcomments&post=6720"}],"version-history":[{"count":1,"href":"https:\/\/pornuestrolaredo.com\/index.php?rest_route=\/wp\/v2\/posts\/6720\/revisions"}],"predecessor-version":[{"id":6722,"href":"https:\/\/pornuestrolaredo.com\/index.php?rest_route=\/wp\/v2\/posts\/6720\/revisions\/6722"}],"wp:featuredmedia":[{"embeddable":true,"href":"https:\/\/pornuestrolaredo.com\/index.php?rest_route=\/wp\/v2\/media\/6721"}],"wp:attachment":[{"href":"https:\/\/pornuestrolaredo.com\/index.php?rest_route=%2Fwp%2Fv2%2Fmedia&parent=6720"}],"wp:term":[{"taxonomy":"category","embeddable":true,"href":"https:\/\/pornuestrolaredo.com\/index.php?rest_route=%2Fwp%2Fv2%2Fcategories&post=6720"},{"taxonomy":"post_tag","embeddable":true,"href":"https:\/\/pornuestrolaredo.com\/index.php?rest_route=%2Fwp%2Fv2%2Ftags&post=6720"}],"curies":[{"name":"wp","href":"https:\/\/api.w.org\/{rel}","templated":true}]}}