{"id":6747,"date":"2025-06-01T21:35:10","date_gmt":"2025-06-02T02:35:10","guid":{"rendered":"https:\/\/pornuestrolaredo.com\/?p=6747"},"modified":"2025-06-01T21:35:54","modified_gmt":"2025-06-02T02:35:54","slug":"reportan-que-afecta-viviendas-supermercados-restaurantes-y-otros-negocios","status":"publish","type":"post","link":"https:\/\/pornuestrolaredo.com\/?p=6747","title":{"rendered":"Deja apag\u00f3n gigante sin luz a la mitad de Nuevo Laredo"},"content":{"rendered":"<p>NUEVO LAREDO.- Un apag\u00f3n dej\u00f3 sin suministro el\u00e9ctrico a por lo menos la mitad de Nuevo Laredo, especialmente en la zona poniente.<br \/>\nDerivado de la falla en el suministro el\u00e9ctrico, tambi\u00e9n se interrumpi\u00f3 el servicio de agua potable casi toda la ciudad, sobre todo las viviendas y negocios que dependen de la Planta Centro, una de las afectadas con el apag\u00f3n.<\/p>\n<p>Reportes de usuarios de redes sociales dieron cuenta que afect\u00f3 numerosos negocios, como tiendas, supermercados y restaurantes, aunque a otros no, debido a que por ser domingo estaba cerrado.<\/p>\n<p>Poco antes de las 2:30 de la tarde, la energ\u00eda se interrumpi\u00f3 de pronto en colonias como el sector Centro, Ju\u00e1rez, Guerrero, Postal, Jard\u00edn, San Rafael, Ojo Caliente, Hidalgo, Ferrocarril, entre otras.<br \/>\nTambi\u00e9n colonias del oriente, como Victoria, Viveros y Mier y Ter\u00e1n sufrieron apagones, aunque en algunas zonas dur\u00f3 poco menos de media hora y en otros, la electricidad iba y ven\u00eda.<\/p>\n<p>Usuarios de las colonias del poniente, como Valles de An\u00e1huac, Solidaridad, Reservas Territoriales, Buenavista, Nueva Victoria, Bertha del Avellano, Uni\u00f3n del Recuerdo, Reforma Urbana, Los Artistas, Villas de San Miguel, Hip\u00f3dromo, Loma Bonita, Del Maestro, Villa de Oradel, Campanario, Voluntad 1, 2, 3 y 4, Militar, Alianza, J. Longoria, Nueva Era, entre muchas otras reportaron que se quedaron sin electricidad.<\/p>\n<p>En colonias del sur, como Infonavit, Benito Ju\u00e1rez, Primavera, San Agust\u00edn y algunas otras, el apag\u00f3n de apenas unos minutos, sin embargo, en algunos sectores reportaron que hubo intermitencia muy notoria.<\/p>\n","protected":false},"excerpt":{"rendered":"<p>Reportan que afecta viviendas, supermercados, restaurantes y otros negocios<\/p>\n","protected":false},"author":1,"featured_media":6748,"comment_status":"closed","ping_status":"closed","sticky":false,"template":"","format":"standard","meta":{"_crdt_document":"","_jetpack_memberships_contains_paid_content":false,"footnotes":"","jetpack_publicize_message":"","jetpack_publicize_feature_enabled":true,"jetpack_social_post_already_shared":true,"jetpack_social_options":{"image_generator_settings":{"template":"highway","default_image_id":0,"font":"","enabled":false},"version":2},"_wpas_customize_per_network":false},"categories":[4],"tags":[],"class_list":["post-6747","post","type-post","status-publish","format-standard","has-post-thumbnail","hentry","category-los-dos-laredos"],"magazineBlocksPostFeaturedMedia":{"thumbnail":"https:\/\/pornuestrolaredo.com\/wp-content\/uploads\/2025\/06\/Stereo91-20250601-2-150x150.jpg","medium":"https:\/\/pornuestrolaredo.com\/wp-content\/uploads\/2025\/06\/Stereo91-20250601-2-300x167.jpg","medium_large":"https:\/\/pornuestrolaredo.com\/wp-content\/uploads\/2025\/06\/Stereo91-20250601-2-768x427.jpg","large":"https:\/\/pornuestrolaredo.com\/wp-content\/uploads\/2025\/06\/Stereo91-20250601-2.jpg","1536x1536":"https:\/\/pornuestrolaredo.com\/wp-content\/uploads\/2025\/06\/Stereo91-20250601-2.jpg","2048x2048":"https:\/\/pornuestrolaredo.com\/wp-content\/uploads\/2025\/06\/Stereo91-20250601-2.jpg","morenews-large":"https:\/\/pornuestrolaredo.com\/wp-content\/uploads\/2025\/06\/Stereo91-20250601-2.jpg","morenews-medium":"https:\/\/pornuestrolaredo.com\/wp-content\/uploads\/2025\/06\/Stereo91-20250601-2.jpg"},"magazineBlocksPostAuthor":{"name":"Redactor","avatar":"https:\/\/pornuestrolaredo.com\/wp-content\/litespeed\/avatar\/dca1d7ec750c399f025f23b0b314f4cf.jpg?ver=1777612120"},"magazineBlocksPostCommentsNumber":false,"magazineBlocksPostExcerpt":"Reportan que afecta viviendas, supermercados, restaurantes y otros negocios","magazineBlocksPostCategories":["Los dos Laredos"],"magazineBlocksPostViewCount":163,"magazineBlocksPostReadTime":2,"magazine_blocks_featured_image_url":{"full":["https:\/\/pornuestrolaredo.com\/wp-content\/uploads\/2025\/06\/Stereo91-20250601-2.jpg",850,473,false],"medium":["https:\/\/pornuestrolaredo.com\/wp-content\/uploads\/2025\/06\/Stereo91-20250601-2-300x167.jpg",300,167,true],"thumbnail":["https:\/\/pornuestrolaredo.com\/wp-content\/uploads\/2025\/06\/Stereo91-20250601-2-150x150.jpg",150,150,true]},"magazine_blocks_author":{"display_name":"Redactor","author_link":"https:\/\/pornuestrolaredo.com\/?author=1"},"magazine_blocks_comment":0,"magazine_blocks_author_image":"https:\/\/pornuestrolaredo.com\/wp-content\/litespeed\/avatar\/dca1d7ec750c399f025f23b0b314f4cf.jpg?ver=1777612120","magazine_blocks_category":"<a href=\"#\" class=\"category-link category-link-4\">Los dos Laredos<\/a>","jetpack_publicize_connections":[],"featured_image_urls":{"full":["https:\/\/pornuestrolaredo.com\/wp-content\/uploads\/2025\/06\/Stereo91-20250601-2.jpg",850,473,false],"thumbnail":["https:\/\/pornuestrolaredo.com\/wp-content\/uploads\/2025\/06\/Stereo91-20250601-2-150x150.jpg",150,150,true],"medium":["https:\/\/pornuestrolaredo.com\/wp-content\/uploads\/2025\/06\/Stereo91-20250601-2-300x167.jpg",300,167,true],"medium_large":["https:\/\/pornuestrolaredo.com\/wp-content\/uploads\/2025\/06\/Stereo91-20250601-2-768x427.jpg",640,356,true],"large":["https:\/\/pornuestrolaredo.com\/wp-content\/uploads\/2025\/06\/Stereo91-20250601-2.jpg",640,356,false],"1536x1536":["https:\/\/pornuestrolaredo.com\/wp-content\/uploads\/2025\/06\/Stereo91-20250601-2.jpg",850,473,false],"2048x2048":["https:\/\/pornuestrolaredo.com\/wp-content\/uploads\/2025\/06\/Stereo91-20250601-2.jpg",850,473,false],"morenews-large":["https:\/\/pornuestrolaredo.com\/wp-content\/uploads\/2025\/06\/Stereo91-20250601-2.jpg",825,459,false],"morenews-medium":["https:\/\/pornuestrolaredo.com\/wp-content\/uploads\/2025\/06\/Stereo91-20250601-2.jpg",590,328,false]},"author_info":{"info":["Redactor"]},"category_info":"<a href=\"https:\/\/pornuestrolaredo.com\/?cat=4\" rel=\"category\">Los dos Laredos<\/a>","tag_info":"Los dos Laredos","comment_count":"0","jetpack_featured_media_url":"https:\/\/pornuestrolaredo.com\/wp-content\/uploads\/2025\/06\/Stereo91-20250601-2.jpg","jetpack_sharing_enabled":true,"_links":{"self":[{"href":"https:\/\/pornuestrolaredo.com\/index.php?rest_route=\/wp\/v2\/posts\/6747","targetHints":{"allow":["GET"]}}],"collection":[{"href":"https:\/\/pornuestrolaredo.com\/index.php?rest_route=\/wp\/v2\/posts"}],"about":[{"href":"https:\/\/pornuestrolaredo.com\/index.php?rest_route=\/wp\/v2\/types\/post"}],"author":[{"embeddable":true,"href":"https:\/\/pornuestrolaredo.com\/index.php?rest_route=\/wp\/v2\/users\/1"}],"replies":[{"embeddable":true,"href":"https:\/\/pornuestrolaredo.com\/index.php?rest_route=%2Fwp%2Fv2%2Fcomments&post=6747"}],"version-history":[{"count":2,"href":"https:\/\/pornuestrolaredo.com\/index.php?rest_route=\/wp\/v2\/posts\/6747\/revisions"}],"predecessor-version":[{"id":6750,"href":"https:\/\/pornuestrolaredo.com\/index.php?rest_route=\/wp\/v2\/posts\/6747\/revisions\/6750"}],"wp:featuredmedia":[{"embeddable":true,"href":"https:\/\/pornuestrolaredo.com\/index.php?rest_route=\/wp\/v2\/media\/6748"}],"wp:attachment":[{"href":"https:\/\/pornuestrolaredo.com\/index.php?rest_route=%2Fwp%2Fv2%2Fmedia&parent=6747"}],"wp:term":[{"taxonomy":"category","embeddable":true,"href":"https:\/\/pornuestrolaredo.com\/index.php?rest_route=%2Fwp%2Fv2%2Fcategories&post=6747"},{"taxonomy":"post_tag","embeddable":true,"href":"https:\/\/pornuestrolaredo.com\/index.php?rest_route=%2Fwp%2Fv2%2Ftags&post=6747"}],"curies":[{"name":"wp","href":"https:\/\/api.w.org\/{rel}","templated":true}]}}