{"id":6754,"date":"2025-06-02T22:52:35","date_gmt":"2025-06-03T03:52:35","guid":{"rendered":"https:\/\/pornuestrolaredo.com\/?p=6754"},"modified":"2025-06-02T22:52:35","modified_gmt":"2025-06-03T03:52:35","slug":"impulsa-economia-proyecto-de-aeropuerto-de-carga-en-nuevo-laredo","status":"publish","type":"post","link":"https:\/\/pornuestrolaredo.com\/?p=6754","title":{"rendered":"Impulsa Econom\u00eda proyecto de Aeropuerto de Carga en Nuevo Laredo"},"content":{"rendered":"<p>NUEVO LAREDO.- Con el objetivo de consolidar a Tamaulipas como plataforma log\u00edstica de M\u00e9xico, la secretaria de Econom\u00eda, Ninfa Cant\u00fa De\u00e1ndar sostuvo una reuni\u00f3n de trabajo con autoridades municipales, federales, l\u00edderes empresariales y representantes de sectores log\u00edsticos para retomar el proyecto estrat\u00e9gico del Aeropuerto de Carga en Nuevo Laredo<\/p>\n<p>Durante el encuentro en el cual estuvo presente la presidenta municipal Carmen Lilia Canturosas, se acord\u00f3 avanzar hacia una evaluaci\u00f3n t\u00e9cnica de la infraestructura existente, para determinar su factibilidad y construir, con base en evidencia, un Plan Maestro y un Plan de Negocios que permitan atraer inversi\u00f3n, detonar empleo y potenciar la competitividad de esta zona fronteriza.<\/p>\n<p>La secretaria Cant\u00fa De\u00e1ndar destac\u00f3 el compromiso del gobernador Am\u00e9rico Villarreal y la voluntad de los dirigentes empresariales y de los sectores productivos para hacer realidad esta iniciativa clave para el desarrollo de los Dos Laredos.<\/p>\n<blockquote><p>El gobernador nos instruy\u00f3 a impulsar este proyecto con visi\u00f3n de largo plazo. Tamaulipas requiere de planificaci\u00f3n estructurada para fortalecer sus cadenas log\u00edsticas, y el Aeropuerto de Carga de Nuevo Laredo es pieza clave en esa estrategia\u201d, indic\u00f3.<\/p><\/blockquote>\n<p>La titular de la dependencia estatal explic\u00f3 que las y los asistentes coincidieron en impulsar una ruta de trabajo conjunta basada en el di\u00e1logo con el municipio de Nuevo Laredo y con el sector privado, identificando a las y los empresarios, transportistas, operadores log\u00edsticos y representantes del comercio exterior como actores estrat\u00e9gicos.<\/p>\n<blockquote><p>Con base en evidencia, definiremos los alcances del proyecto y sus etapas de desarrollo. Nuestro objetivo es contar con un documento t\u00e9cnico robusto que sirva de gu\u00eda para los inversionistas y para las autoridades en sus tomas de decisi\u00f3n\u201d, agreg\u00f3 Cant\u00fa De\u00e1ndar.<\/p><\/blockquote>\n<p>En la reuni\u00f3n de trabajo participaron tambi\u00e9n el teniente coronel David Sandoval, subdirector general de Aeropuertos de GAFSACOMM; Ricardo Buenabad, administrador del Aeropuerto de NLD; Brenda Renter\u00eda, directora de COMCE Cap\u00edtulo Laredo; Enrique Mor\u00e1n Romero, presidente de INDEX Nuevo Laredo;  Agust\u00edn Sim\u00f3n Duarte, presidente  de CANACO Nuevo Laredo; Erika Talam\u00e1s, COPARMEX Nuevo Laredo; Miguel \u00c1ngel V\u00e1zquez Maldonado, presidente de CANACINTRA Nuevo Laredo; Abraham Rocha, CENSECAR y Carlos Fern\u00e1ndez, presidente de ATC.<\/p>\n","protected":false},"excerpt":{"rendered":"<p>Secretaria Ninfa Cant\u00fa De\u00e1ndar sostiene reuni\u00f3n con autoridades federales, estatales y municipales de la regi\u00f3n de Los Dos Laredos<\/p>\n","protected":false},"author":1,"featured_media":6755,"comment_status":"closed","ping_status":"closed","sticky":false,"template":"","format":"standard","meta":{"_crdt_document":"","_jetpack_memberships_contains_paid_content":false,"footnotes":"","jetpack_publicize_message":"","jetpack_publicize_feature_enabled":true,"jetpack_social_post_already_shared":true,"jetpack_social_options":{"image_generator_settings":{"template":"highway","default_image_id":0,"font":"","enabled":false},"version":2},"_wpas_customize_per_network":false},"categories":[4],"tags":[],"class_list":["post-6754","post","type-post","status-publish","format-standard","has-post-thumbnail","hentry","category-los-dos-laredos"],"magazineBlocksPostFeaturedMedia":{"thumbnail":"https:\/\/pornuestrolaredo.com\/wp-content\/uploads\/2025\/06\/Stereo91-20250602-3-150x150.jpg","medium":"https:\/\/pornuestrolaredo.com\/wp-content\/uploads\/2025\/06\/Stereo91-20250602-3-300x136.jpg","medium_large":"https:\/\/pornuestrolaredo.com\/wp-content\/uploads\/2025\/06\/Stereo91-20250602-3-768x348.jpg","large":"https:\/\/pornuestrolaredo.com\/wp-content\/uploads\/2025\/06\/Stereo91-20250602-3.jpg","1536x1536":"https:\/\/pornuestrolaredo.com\/wp-content\/uploads\/2025\/06\/Stereo91-20250602-3.jpg","2048x2048":"https:\/\/pornuestrolaredo.com\/wp-content\/uploads\/2025\/06\/Stereo91-20250602-3.jpg","morenews-large":"https:\/\/pornuestrolaredo.com\/wp-content\/uploads\/2025\/06\/Stereo91-20250602-3.jpg","morenews-medium":"https:\/\/pornuestrolaredo.com\/wp-content\/uploads\/2025\/06\/Stereo91-20250602-3.jpg"},"magazineBlocksPostAuthor":{"name":"Redactor","avatar":"https:\/\/pornuestrolaredo.com\/wp-content\/litespeed\/avatar\/dca1d7ec750c399f025f23b0b314f4cf.jpg?ver=1777612120"},"magazineBlocksPostCommentsNumber":false,"magazineBlocksPostExcerpt":"Secretaria Ninfa Cant\u00fa De\u00e1ndar sostiene reuni\u00f3n con autoridades federales, estatales y municipales de la regi\u00f3n de Los Dos Laredos\r\n\r\n","magazineBlocksPostCategories":["Los dos Laredos"],"magazineBlocksPostViewCount":114,"magazineBlocksPostReadTime":2,"magazine_blocks_featured_image_url":{"full":["https:\/\/pornuestrolaredo.com\/wp-content\/uploads\/2025\/06\/Stereo91-20250602-3.jpg",907,411,false],"medium":["https:\/\/pornuestrolaredo.com\/wp-content\/uploads\/2025\/06\/Stereo91-20250602-3-300x136.jpg",300,136,true],"thumbnail":["https:\/\/pornuestrolaredo.com\/wp-content\/uploads\/2025\/06\/Stereo91-20250602-3-150x150.jpg",150,150,true]},"magazine_blocks_author":{"display_name":"Redactor","author_link":"https:\/\/pornuestrolaredo.com\/?author=1"},"magazine_blocks_comment":0,"magazine_blocks_author_image":"https:\/\/pornuestrolaredo.com\/wp-content\/litespeed\/avatar\/dca1d7ec750c399f025f23b0b314f4cf.jpg?ver=1777612120","magazine_blocks_category":"<a href=\"#\" class=\"category-link category-link-4\">Los dos Laredos<\/a>","jetpack_publicize_connections":[],"featured_image_urls":{"full":["https:\/\/pornuestrolaredo.com\/wp-content\/uploads\/2025\/06\/Stereo91-20250602-3.jpg",907,411,false],"thumbnail":["https:\/\/pornuestrolaredo.com\/wp-content\/uploads\/2025\/06\/Stereo91-20250602-3-150x150.jpg",150,150,true],"medium":["https:\/\/pornuestrolaredo.com\/wp-content\/uploads\/2025\/06\/Stereo91-20250602-3-300x136.jpg",300,136,true],"medium_large":["https:\/\/pornuestrolaredo.com\/wp-content\/uploads\/2025\/06\/Stereo91-20250602-3-768x348.jpg",640,290,true],"large":["https:\/\/pornuestrolaredo.com\/wp-content\/uploads\/2025\/06\/Stereo91-20250602-3.jpg",640,290,false],"1536x1536":["https:\/\/pornuestrolaredo.com\/wp-content\/uploads\/2025\/06\/Stereo91-20250602-3.jpg",907,411,false],"2048x2048":["https:\/\/pornuestrolaredo.com\/wp-content\/uploads\/2025\/06\/Stereo91-20250602-3.jpg",907,411,false],"morenews-large":["https:\/\/pornuestrolaredo.com\/wp-content\/uploads\/2025\/06\/Stereo91-20250602-3.jpg",825,374,false],"morenews-medium":["https:\/\/pornuestrolaredo.com\/wp-content\/uploads\/2025\/06\/Stereo91-20250602-3.jpg",590,267,false]},"author_info":{"info":["Redactor"]},"category_info":"<a href=\"https:\/\/pornuestrolaredo.com\/?cat=4\" rel=\"category\">Los dos Laredos<\/a>","tag_info":"Los dos Laredos","comment_count":"0","jetpack_featured_media_url":"https:\/\/pornuestrolaredo.com\/wp-content\/uploads\/2025\/06\/Stereo91-20250602-3.jpg","jetpack_sharing_enabled":true,"_links":{"self":[{"href":"https:\/\/pornuestrolaredo.com\/index.php?rest_route=\/wp\/v2\/posts\/6754","targetHints":{"allow":["GET"]}}],"collection":[{"href":"https:\/\/pornuestrolaredo.com\/index.php?rest_route=\/wp\/v2\/posts"}],"about":[{"href":"https:\/\/pornuestrolaredo.com\/index.php?rest_route=\/wp\/v2\/types\/post"}],"author":[{"embeddable":true,"href":"https:\/\/pornuestrolaredo.com\/index.php?rest_route=\/wp\/v2\/users\/1"}],"replies":[{"embeddable":true,"href":"https:\/\/pornuestrolaredo.com\/index.php?rest_route=%2Fwp%2Fv2%2Fcomments&post=6754"}],"version-history":[{"count":1,"href":"https:\/\/pornuestrolaredo.com\/index.php?rest_route=\/wp\/v2\/posts\/6754\/revisions"}],"predecessor-version":[{"id":6756,"href":"https:\/\/pornuestrolaredo.com\/index.php?rest_route=\/wp\/v2\/posts\/6754\/revisions\/6756"}],"wp:featuredmedia":[{"embeddable":true,"href":"https:\/\/pornuestrolaredo.com\/index.php?rest_route=\/wp\/v2\/media\/6755"}],"wp:attachment":[{"href":"https:\/\/pornuestrolaredo.com\/index.php?rest_route=%2Fwp%2Fv2%2Fmedia&parent=6754"}],"wp:term":[{"taxonomy":"category","embeddable":true,"href":"https:\/\/pornuestrolaredo.com\/index.php?rest_route=%2Fwp%2Fv2%2Fcategories&post=6754"},{"taxonomy":"post_tag","embeddable":true,"href":"https:\/\/pornuestrolaredo.com\/index.php?rest_route=%2Fwp%2Fv2%2Ftags&post=6754"}],"curies":[{"name":"wp","href":"https:\/\/api.w.org\/{rel}","templated":true}]}}