{"id":6757,"date":"2025-06-03T13:31:26","date_gmt":"2025-06-03T18:31:26","guid":{"rendered":"https:\/\/pornuestrolaredo.com\/?p=6757"},"modified":"2025-06-03T13:31:26","modified_gmt":"2025-06-03T18:31:26","slug":"se-une-rheem-con-municipio-para-ofrecer-empleo","status":"publish","type":"post","link":"https:\/\/pornuestrolaredo.com\/?p=6757","title":{"rendered":"Se une Rheem con Municipio para ofrecer empleo"},"content":{"rendered":"<p><strong>NUEVO LAREDO.-<\/strong> El programa \u201cEmpleo en Tu Colonia\u201d contin\u00faa generando un impacto positivo en la comunidad, acercando oportunidades laborales a quienes m\u00e1s lo necesitan. Esta semana, se llev\u00f3 a cabo una jornada especial en colaboraci\u00f3n con la empresa Rheem, una destacada f\u00e1brica maquiladora que actualmente est\u00e1 ofertando 100 vacantes para el \u00e1rea de producci\u00f3n, espec\u00edficamente para el puesto de operador de producci\u00f3n.<\/p>\n<p>Paola De Luna, coordinadora de la Bolsa de Empleo Municipal se\u00f1al\u00f3 que desde las 8:00 de la ma\u00f1ana y hasta la 1:00 de la tarde los representantes de la empresa realizaron entrevistas y contrataciones directas. <\/p>\n<blockquote><p>Una de las ventajas principales de este programa es que muchos solicitantes reciben una respuesta inmediata sobre su contrataci\u00f3n, evitando largos procesos de espera y m\u00faltiples visitas.Hemos tenido una excelente respuesta. Lo mejor es que muchos candidatos ya salen con empleo, lo que representa un cambio inmediato en sus vidas\u201d, coment\u00f3 la coordinadora.<\/p><\/blockquote>\n<p>Actualmente, la Bolsa de Empleo del municipio cuenta con m\u00e1s de mil 400 vacantes activas, y 185 empresas participan activamente en la vinculaci\u00f3n laboral con los ciudadanos. El \u00e9xito de este programa ha motivado la planeaci\u00f3n de futuras ediciones en distintos puntos del municipio.<\/p>\n<p>El pr\u00f3ximo lunes 9 de junio Empleo en tu Colonia se llevar\u00e1 a cabo en Soriana La Fe de 9:00 a.m. a 1:00 p.m. Cabe destacar que este programa prioriza eventos con empresas que cuenten con m\u00e1s de 50 vacantes disponibles, para as\u00ed asegurar una atenci\u00f3n integral y maximizar las posibilidades de colocaci\u00f3n.<\/p>\n","protected":false},"excerpt":{"rendered":"<p>La empresa maquiladora participa en el programa \u201cEmpleo en Tu Colonia para ofrecer 100 vacantes<\/p>\n","protected":false},"author":1,"featured_media":6758,"comment_status":"closed","ping_status":"closed","sticky":false,"template":"","format":"standard","meta":{"_crdt_document":"","_jetpack_memberships_contains_paid_content":false,"footnotes":"","jetpack_publicize_message":"","jetpack_publicize_feature_enabled":true,"jetpack_social_post_already_shared":true,"jetpack_social_options":{"image_generator_settings":{"template":"highway","default_image_id":0,"font":"","enabled":false},"version":2},"_wpas_customize_per_network":false},"categories":[4],"tags":[],"class_list":["post-6757","post","type-post","status-publish","format-standard","has-post-thumbnail","hentry","category-los-dos-laredos"],"magazineBlocksPostFeaturedMedia":{"thumbnail":"https:\/\/pornuestrolaredo.com\/wp-content\/uploads\/2025\/06\/Stereo91-20250603-1-150x150.jpg","medium":"https:\/\/pornuestrolaredo.com\/wp-content\/uploads\/2025\/06\/Stereo91-20250603-1-300x167.jpg","medium_large":"https:\/\/pornuestrolaredo.com\/wp-content\/uploads\/2025\/06\/Stereo91-20250603-1-768x428.jpg","large":"https:\/\/pornuestrolaredo.com\/wp-content\/uploads\/2025\/06\/Stereo91-20250603-1.jpg","1536x1536":"https:\/\/pornuestrolaredo.com\/wp-content\/uploads\/2025\/06\/Stereo91-20250603-1.jpg","2048x2048":"https:\/\/pornuestrolaredo.com\/wp-content\/uploads\/2025\/06\/Stereo91-20250603-1.jpg","morenews-large":"https:\/\/pornuestrolaredo.com\/wp-content\/uploads\/2025\/06\/Stereo91-20250603-1.jpg","morenews-medium":"https:\/\/pornuestrolaredo.com\/wp-content\/uploads\/2025\/06\/Stereo91-20250603-1.jpg"},"magazineBlocksPostAuthor":{"name":"Redactor","avatar":"https:\/\/pornuestrolaredo.com\/wp-content\/litespeed\/avatar\/dca1d7ec750c399f025f23b0b314f4cf.jpg?ver=1777612120"},"magazineBlocksPostCommentsNumber":false,"magazineBlocksPostExcerpt":"La empresa maquiladora participa en el programa \u201cEmpleo en Tu Colonia para ofrecer 100 vacantes","magazineBlocksPostCategories":["Los dos Laredos"],"magazineBlocksPostViewCount":104,"magazineBlocksPostReadTime":2,"magazine_blocks_featured_image_url":{"full":["https:\/\/pornuestrolaredo.com\/wp-content\/uploads\/2025\/06\/Stereo91-20250603-1.jpg",850,474,false],"medium":["https:\/\/pornuestrolaredo.com\/wp-content\/uploads\/2025\/06\/Stereo91-20250603-1-300x167.jpg",300,167,true],"thumbnail":["https:\/\/pornuestrolaredo.com\/wp-content\/uploads\/2025\/06\/Stereo91-20250603-1-150x150.jpg",150,150,true]},"magazine_blocks_author":{"display_name":"Redactor","author_link":"https:\/\/pornuestrolaredo.com\/?author=1"},"magazine_blocks_comment":0,"magazine_blocks_author_image":"https:\/\/pornuestrolaredo.com\/wp-content\/litespeed\/avatar\/dca1d7ec750c399f025f23b0b314f4cf.jpg?ver=1777612120","magazine_blocks_category":"<a href=\"#\" class=\"category-link category-link-4\">Los dos Laredos<\/a>","jetpack_publicize_connections":[],"featured_image_urls":{"full":["https:\/\/pornuestrolaredo.com\/wp-content\/uploads\/2025\/06\/Stereo91-20250603-1.jpg",850,474,false],"thumbnail":["https:\/\/pornuestrolaredo.com\/wp-content\/uploads\/2025\/06\/Stereo91-20250603-1-150x150.jpg",150,150,true],"medium":["https:\/\/pornuestrolaredo.com\/wp-content\/uploads\/2025\/06\/Stereo91-20250603-1-300x167.jpg",300,167,true],"medium_large":["https:\/\/pornuestrolaredo.com\/wp-content\/uploads\/2025\/06\/Stereo91-20250603-1-768x428.jpg",640,357,true],"large":["https:\/\/pornuestrolaredo.com\/wp-content\/uploads\/2025\/06\/Stereo91-20250603-1.jpg",640,357,false],"1536x1536":["https:\/\/pornuestrolaredo.com\/wp-content\/uploads\/2025\/06\/Stereo91-20250603-1.jpg",850,474,false],"2048x2048":["https:\/\/pornuestrolaredo.com\/wp-content\/uploads\/2025\/06\/Stereo91-20250603-1.jpg",850,474,false],"morenews-large":["https:\/\/pornuestrolaredo.com\/wp-content\/uploads\/2025\/06\/Stereo91-20250603-1.jpg",825,460,false],"morenews-medium":["https:\/\/pornuestrolaredo.com\/wp-content\/uploads\/2025\/06\/Stereo91-20250603-1.jpg",590,329,false]},"author_info":{"info":["Redactor"]},"category_info":"<a href=\"https:\/\/pornuestrolaredo.com\/?cat=4\" rel=\"category\">Los dos Laredos<\/a>","tag_info":"Los dos Laredos","comment_count":"0","jetpack_featured_media_url":"https:\/\/pornuestrolaredo.com\/wp-content\/uploads\/2025\/06\/Stereo91-20250603-1.jpg","jetpack_sharing_enabled":true,"_links":{"self":[{"href":"https:\/\/pornuestrolaredo.com\/index.php?rest_route=\/wp\/v2\/posts\/6757","targetHints":{"allow":["GET"]}}],"collection":[{"href":"https:\/\/pornuestrolaredo.com\/index.php?rest_route=\/wp\/v2\/posts"}],"about":[{"href":"https:\/\/pornuestrolaredo.com\/index.php?rest_route=\/wp\/v2\/types\/post"}],"author":[{"embeddable":true,"href":"https:\/\/pornuestrolaredo.com\/index.php?rest_route=\/wp\/v2\/users\/1"}],"replies":[{"embeddable":true,"href":"https:\/\/pornuestrolaredo.com\/index.php?rest_route=%2Fwp%2Fv2%2Fcomments&post=6757"}],"version-history":[{"count":1,"href":"https:\/\/pornuestrolaredo.com\/index.php?rest_route=\/wp\/v2\/posts\/6757\/revisions"}],"predecessor-version":[{"id":6759,"href":"https:\/\/pornuestrolaredo.com\/index.php?rest_route=\/wp\/v2\/posts\/6757\/revisions\/6759"}],"wp:featuredmedia":[{"embeddable":true,"href":"https:\/\/pornuestrolaredo.com\/index.php?rest_route=\/wp\/v2\/media\/6758"}],"wp:attachment":[{"href":"https:\/\/pornuestrolaredo.com\/index.php?rest_route=%2Fwp%2Fv2%2Fmedia&parent=6757"}],"wp:term":[{"taxonomy":"category","embeddable":true,"href":"https:\/\/pornuestrolaredo.com\/index.php?rest_route=%2Fwp%2Fv2%2Fcategories&post=6757"},{"taxonomy":"post_tag","embeddable":true,"href":"https:\/\/pornuestrolaredo.com\/index.php?rest_route=%2Fwp%2Fv2%2Ftags&post=6757"}],"curies":[{"name":"wp","href":"https:\/\/api.w.org\/{rel}","templated":true}]}}