{"id":6760,"date":"2025-06-03T14:47:48","date_gmt":"2025-06-03T19:47:48","guid":{"rendered":"https:\/\/pornuestrolaredo.com\/?p=6760"},"modified":"2025-06-03T14:47:48","modified_gmt":"2025-06-03T19:47:48","slug":"consolida-nuevo-laredo-su-liderazgo-aduanero","status":"publish","type":"post","link":"https:\/\/pornuestrolaredo.com\/?p=6760","title":{"rendered":"Consolida Nuevo Laredo su liderazgo aduanero"},"content":{"rendered":"<p><strong><em>NUEVO LAREDO.-<\/em> <\/strong>Gracias a una pol\u00edtica de colaboraci\u00f3n efectiva entre los tres niveles de gobierno, Nuevo Laredo se mantiene como la aduana n\u00famero uno del pa\u00eds, demostrando que su liderazgo va mucho m\u00e1s all\u00e1 de su estrat\u00e9gica ubicaci\u00f3n geogr\u00e1fica: es resultado directo de la visi\u00f3n, el impulso y el trabajo coordinado entre la alcaldesa Carmen Lilia Canturosas, el gobernador Am\u00e9rico Villarreal y la presidenta de M\u00e9xico, Claudia Sheinbaum.<\/p>\n<p>De acuerdo con datos de la Agencia Nacional de Aduanas de M\u00e9xico (ANAM), de enero a abril de este a\u00f1o, la aduana de Nuevo Laredo concentr\u00f3 el 35.9% de las operaciones de comercio exterior del pa\u00eds, con un total de 1 mill\u00f3n 741 mil 115 cruces, superando por m\u00e1s de 1 mill\u00f3n 463 mil cruces a su competidora regional m\u00e1s cercana: la aduana de Colombia, Nuevo Le\u00f3n, que apenas registr\u00f3 poco m\u00e1s de 200 mil operaciones y se ubic\u00f3 en el sexto lugar de la lista.<\/p>\n<p>Este liderazgo sostenido no es casualidad; se trata de una pol\u00edtica integral que ha fortalecido las ventajas competitivas de Nuevo Laredo mediante obras estrat\u00e9gicas de infraestructura log\u00edstica. <\/p>\n<blockquote><p>Hoy m\u00e1s que nunca, en Nuevo Laredo estamos viendo los frutos de la sinergia con el Gobierno Federal y el Gobierno del Estado. Juntos estamos impulsando obras de infraestructura que no solo elevan nuestra competitividad, sino que consolidan a esta frontera como la aduana n\u00famero uno de Latinoam\u00e9rica y el coraz\u00f3n log\u00edstico de M\u00e9xico\u201d, destac\u00f3 la presidenta municipal.<\/p><\/blockquote>\n<p>Ejemplo de ello es la construcci\u00f3n del segundo cuerpo de la Carretera MEX II, una v\u00eda clave que conecta la Carretera Nacional con el Puente del Comercio Mundial, optimizando el flujo de mercanc\u00edas en la regi\u00f3n. Esta obra, ejecutada por el Gobierno Municipal en territorio federal, ha sido posible gracias a la autorizaci\u00f3n de la Secretar\u00eda de Infraestructura, Comunicaciones y Transportes (SICT), lo que refleja la estrecha relaci\u00f3n y el respaldo que la alcaldesa mantiene con la Federaci\u00f3n.<\/p>\n<p>A este esfuerzo se suma el proyecto que encabeza el Gobierno del Estado de Tamaulipas para ampliar de 8 a 18 los carriles del Puente del Comercio Mundial, lo que permitir\u00e1 un incremento sustancial en la capacidad operativa de este cruce internacional, fundamental para la econom\u00eda nacional y regional.<\/p>\n<p>La alcaldesa se\u00f1al\u00f3 que como reconocimiento a esta coordinaci\u00f3n ejemplar y a la vocaci\u00f3n log\u00edstica de Nuevo Laredo, el Gobierno Federal construy\u00f3 en esta ciudad la sede central de la Agencia Nacional de Aduanas de M\u00e9xico, una obra de gran calado que est\u00e1 a tan solo unas semanas de ser inaugurada y que consolidar\u00e1 a\u00fan m\u00e1s el papel estrat\u00e9gico de esta frontera en el comercio internacional de M\u00e9xico.<\/p>\n<p>Carmen Lilia Canturosas destac\u00f3 que la fortaleza aduanera de Nuevo Laredo no solo se mide en cifras, sino en proyectos concretos, planeaci\u00f3n a largo plazo y una voluntad pol\u00edtica que ha sabido aprovechar las oportunidades del presente para garantizar un futuro de liderazgo econ\u00f3mico y comercial para todo el pa\u00eds.<\/p>\n<p>Aclar\u00f3 que el gobierno de Nuevo Le\u00f3n por m\u00e1s esfuerzos que realiza para impulsar la nueva carretera la Gloria-Colombia, no es competencia para Nuevo Laredo porque el puente 3 del Comercio Mundial es m\u00e1s barato, seguro y r\u00e1pido para los transportistas y agentes aduanales del pa\u00eds.<\/p>\n<p>En las cifras reportadas por la ANAM ubica en segundo lugar por debajo de Nuevo Laredo a Tijuana, posteriormente a Ciudad Ju\u00e1rez, en cuarto lugar Reynosa, m\u00e1s abajo Nogales y muy por debajo, Colombia, Nuevo Le\u00f3n.<\/p>\n","protected":false},"excerpt":{"rendered":"<p>La Aduana local concentr\u00f3 el 35.9% de las operaciones de comercio exterior del pa\u00eds con mill\u00f3n 741 mil 115 cruces<\/p>\n","protected":false},"author":1,"featured_media":6761,"comment_status":"closed","ping_status":"closed","sticky":false,"template":"","format":"standard","meta":{"_crdt_document":"","_jetpack_memberships_contains_paid_content":false,"footnotes":"","jetpack_publicize_message":"","jetpack_publicize_feature_enabled":true,"jetpack_social_post_already_shared":true,"jetpack_social_options":{"image_generator_settings":{"template":"highway","default_image_id":0,"font":"","enabled":false},"version":2},"_wpas_customize_per_network":false},"categories":[4],"tags":[],"class_list":["post-6760","post","type-post","status-publish","format-standard","has-post-thumbnail","hentry","category-los-dos-laredos"],"magazineBlocksPostFeaturedMedia":{"thumbnail":"https:\/\/pornuestrolaredo.com\/wp-content\/uploads\/2025\/06\/Stereo91-20250603-2-2-150x150.jpg","medium":"https:\/\/pornuestrolaredo.com\/wp-content\/uploads\/2025\/06\/Stereo91-20250603-2-2-300x177.jpg","medium_large":"https:\/\/pornuestrolaredo.com\/wp-content\/uploads\/2025\/06\/Stereo91-20250603-2-2-768x454.jpg","large":"https:\/\/pornuestrolaredo.com\/wp-content\/uploads\/2025\/06\/Stereo91-20250603-2-2.jpg","1536x1536":"https:\/\/pornuestrolaredo.com\/wp-content\/uploads\/2025\/06\/Stereo91-20250603-2-2.jpg","2048x2048":"https:\/\/pornuestrolaredo.com\/wp-content\/uploads\/2025\/06\/Stereo91-20250603-2-2.jpg","morenews-large":"https:\/\/pornuestrolaredo.com\/wp-content\/uploads\/2025\/06\/Stereo91-20250603-2-2.jpg","morenews-medium":"https:\/\/pornuestrolaredo.com\/wp-content\/uploads\/2025\/06\/Stereo91-20250603-2-2.jpg"},"magazineBlocksPostAuthor":{"name":"Redactor","avatar":"https:\/\/pornuestrolaredo.com\/wp-content\/litespeed\/avatar\/dca1d7ec750c399f025f23b0b314f4cf.jpg?ver=1777612120"},"magazineBlocksPostCommentsNumber":false,"magazineBlocksPostExcerpt":"La Aduana local concentr\u00f3 el 35.9% de las operaciones de comercio exterior del pa\u00eds con mill\u00f3n 741 mil 115 cruces","magazineBlocksPostCategories":["Los dos Laredos"],"magazineBlocksPostViewCount":90,"magazineBlocksPostReadTime":4,"magazine_blocks_featured_image_url":{"full":["https:\/\/pornuestrolaredo.com\/wp-content\/uploads\/2025\/06\/Stereo91-20250603-2-2.jpg",907,536,false],"medium":["https:\/\/pornuestrolaredo.com\/wp-content\/uploads\/2025\/06\/Stereo91-20250603-2-2-300x177.jpg",300,177,true],"thumbnail":["https:\/\/pornuestrolaredo.com\/wp-content\/uploads\/2025\/06\/Stereo91-20250603-2-2-150x150.jpg",150,150,true]},"magazine_blocks_author":{"display_name":"Redactor","author_link":"https:\/\/pornuestrolaredo.com\/?author=1"},"magazine_blocks_comment":0,"magazine_blocks_author_image":"https:\/\/pornuestrolaredo.com\/wp-content\/litespeed\/avatar\/dca1d7ec750c399f025f23b0b314f4cf.jpg?ver=1777612120","magazine_blocks_category":"<a href=\"#\" class=\"category-link category-link-4\">Los dos Laredos<\/a>","jetpack_publicize_connections":[],"featured_image_urls":{"full":["https:\/\/pornuestrolaredo.com\/wp-content\/uploads\/2025\/06\/Stereo91-20250603-2-2.jpg",907,536,false],"thumbnail":["https:\/\/pornuestrolaredo.com\/wp-content\/uploads\/2025\/06\/Stereo91-20250603-2-2-150x150.jpg",150,150,true],"medium":["https:\/\/pornuestrolaredo.com\/wp-content\/uploads\/2025\/06\/Stereo91-20250603-2-2-300x177.jpg",300,177,true],"medium_large":["https:\/\/pornuestrolaredo.com\/wp-content\/uploads\/2025\/06\/Stereo91-20250603-2-2-768x454.jpg",640,378,true],"large":["https:\/\/pornuestrolaredo.com\/wp-content\/uploads\/2025\/06\/Stereo91-20250603-2-2.jpg",640,378,false],"1536x1536":["https:\/\/pornuestrolaredo.com\/wp-content\/uploads\/2025\/06\/Stereo91-20250603-2-2.jpg",907,536,false],"2048x2048":["https:\/\/pornuestrolaredo.com\/wp-content\/uploads\/2025\/06\/Stereo91-20250603-2-2.jpg",907,536,false],"morenews-large":["https:\/\/pornuestrolaredo.com\/wp-content\/uploads\/2025\/06\/Stereo91-20250603-2-2.jpg",825,488,false],"morenews-medium":["https:\/\/pornuestrolaredo.com\/wp-content\/uploads\/2025\/06\/Stereo91-20250603-2-2.jpg",590,349,false]},"author_info":{"info":["Redactor"]},"category_info":"<a href=\"https:\/\/pornuestrolaredo.com\/?cat=4\" rel=\"category\">Los dos Laredos<\/a>","tag_info":"Los dos Laredos","comment_count":"0","jetpack_featured_media_url":"https:\/\/pornuestrolaredo.com\/wp-content\/uploads\/2025\/06\/Stereo91-20250603-2-2.jpg","jetpack_sharing_enabled":true,"_links":{"self":[{"href":"https:\/\/pornuestrolaredo.com\/index.php?rest_route=\/wp\/v2\/posts\/6760","targetHints":{"allow":["GET"]}}],"collection":[{"href":"https:\/\/pornuestrolaredo.com\/index.php?rest_route=\/wp\/v2\/posts"}],"about":[{"href":"https:\/\/pornuestrolaredo.com\/index.php?rest_route=\/wp\/v2\/types\/post"}],"author":[{"embeddable":true,"href":"https:\/\/pornuestrolaredo.com\/index.php?rest_route=\/wp\/v2\/users\/1"}],"replies":[{"embeddable":true,"href":"https:\/\/pornuestrolaredo.com\/index.php?rest_route=%2Fwp%2Fv2%2Fcomments&post=6760"}],"version-history":[{"count":1,"href":"https:\/\/pornuestrolaredo.com\/index.php?rest_route=\/wp\/v2\/posts\/6760\/revisions"}],"predecessor-version":[{"id":6762,"href":"https:\/\/pornuestrolaredo.com\/index.php?rest_route=\/wp\/v2\/posts\/6760\/revisions\/6762"}],"wp:featuredmedia":[{"embeddable":true,"href":"https:\/\/pornuestrolaredo.com\/index.php?rest_route=\/wp\/v2\/media\/6761"}],"wp:attachment":[{"href":"https:\/\/pornuestrolaredo.com\/index.php?rest_route=%2Fwp%2Fv2%2Fmedia&parent=6760"}],"wp:term":[{"taxonomy":"category","embeddable":true,"href":"https:\/\/pornuestrolaredo.com\/index.php?rest_route=%2Fwp%2Fv2%2Fcategories&post=6760"},{"taxonomy":"post_tag","embeddable":true,"href":"https:\/\/pornuestrolaredo.com\/index.php?rest_route=%2Fwp%2Fv2%2Ftags&post=6760"}],"curies":[{"name":"wp","href":"https:\/\/api.w.org\/{rel}","templated":true}]}}