{"id":6769,"date":"2025-06-04T22:16:08","date_gmt":"2025-06-05T03:16:08","guid":{"rendered":"https:\/\/pornuestrolaredo.com\/?p=6769"},"modified":"2025-06-04T22:16:08","modified_gmt":"2025-06-05T03:16:08","slug":"se-quema-barco-cargado-con-autos-chinos","status":"publish","type":"post","link":"https:\/\/pornuestrolaredo.com\/?p=6769","title":{"rendered":"Se quema barco cargado con autos chinos"},"content":{"rendered":"<p>NUEVA YORK.- Un gran carguero que transportaba miles de veh\u00edculos se encuentra a la deriva en el Oc\u00e9ano Pac\u00edfico despu\u00e9s de que una cubierta se incendiara obligando a la tripulaci\u00f3n a abandonar la embarcaci\u00f3n, destac\u00f3 The Wall Street Journal.<\/p>\n<p>El diario dijo que Morning Midas, de 182 metros de eslora, se incendi\u00f3 hoy a unos 480 kil\u00f3metros al suroeste de la isla Adak de Alaska, seg\u00fan la Guardia Costera de Estados Unidos.<\/p>\n<p>La empresa Zodiac Maritime, con sede en Londres y operadora del barco, inform\u00f3 que el buque transportaba 3 mil veh\u00edculos, incluidos unos 800 el\u00e9ctricos.<\/p>\n<blockquote><p>Inicialmente, se observ\u00f3 humo emanando de una cubierta que transportaba veh\u00edculos el\u00e9ctricos&#8221;, declar\u00f3 un portavoz de la compa\u00f1\u00eda.<\/p><\/blockquote>\n<p>Los 22 tripulantes lograron subir sanos y salvos a un bote salvavidas tras luchar por controlar las llamas, a\u00f1adi\u00f3 el portavoz. Fueron trasladados a un buque mercante cercano.<\/p>\n<p>El diario se\u00f1al\u00f3 que los datos mar\u00edtimos muestran dos portacontenedores en las inmediaciones: el COSCO Hellas y el Manukai de Matson.<\/p>\n<p>La mayor\u00eda de los veh\u00edculos a bordo del Morning Midas, incluidos los veh\u00edculos el\u00e9ctricos, se fabricaron en China y se dirig\u00edan a M\u00e9xico, seg\u00fan inform\u00f3 una persona familiarizada con la carga del barco.<\/p>\n<p>Zodiac Maritime inform\u00f3 que el incendio se desat\u00f3 el martes alrededor de la medianoche cuando el buque navegaba de Yantai, en China, a L\u00e1zaro C\u00e1rdenas, en M\u00e9xico. Se han enviado tripulaciones de la Guardia Costera estadounidense y una lancha para combatir el incendio.<\/p>\n<p>La investigaci\u00f3n sobre la causa del incendio llevar\u00e1 semanas o meses, seg\u00fan expertos en salvamento.<\/p>\n","protected":false},"excerpt":{"rendered":"<p>El Morning Midas, de 182 metros de eslora, ten\u00eda a M\u00e9xico como destino y ardi\u00f3 mientras navegaba cerca de Alaska<\/p>\n","protected":false},"author":1,"featured_media":6770,"comment_status":"closed","ping_status":"closed","sticky":false,"template":"","format":"standard","meta":{"_crdt_document":"","_jetpack_memberships_contains_paid_content":false,"footnotes":"","jetpack_publicize_message":"","jetpack_publicize_feature_enabled":true,"jetpack_social_post_already_shared":true,"jetpack_social_options":{"image_generator_settings":{"template":"highway","default_image_id":0,"font":"","enabled":false},"version":2},"_wpas_customize_per_network":false},"categories":[9],"tags":[],"class_list":["post-6769","post","type-post","status-publish","format-standard","has-post-thumbnail","hentry","category-el-mundo"],"magazineBlocksPostFeaturedMedia":{"thumbnail":"https:\/\/pornuestrolaredo.com\/wp-content\/uploads\/2025\/06\/Stereo91-20250602-4-150x150.jpg","medium":"https:\/\/pornuestrolaredo.com\/wp-content\/uploads\/2025\/06\/Stereo91-20250602-4-300x210.jpg","medium_large":"https:\/\/pornuestrolaredo.com\/wp-content\/uploads\/2025\/06\/Stereo91-20250602-4-768x538.jpg","large":"https:\/\/pornuestrolaredo.com\/wp-content\/uploads\/2025\/06\/Stereo91-20250602-4-1000x701.jpg","1536x1536":"https:\/\/pornuestrolaredo.com\/wp-content\/uploads\/2025\/06\/Stereo91-20250602-4.jpg","2048x2048":"https:\/\/pornuestrolaredo.com\/wp-content\/uploads\/2025\/06\/Stereo91-20250602-4.jpg","morenews-large":"https:\/\/pornuestrolaredo.com\/wp-content\/uploads\/2025\/06\/Stereo91-20250602-4.jpg","morenews-medium":"https:\/\/pornuestrolaredo.com\/wp-content\/uploads\/2025\/06\/Stereo91-20250602-4.jpg"},"magazineBlocksPostAuthor":{"name":"Redactor","avatar":"https:\/\/pornuestrolaredo.com\/wp-content\/litespeed\/avatar\/dca1d7ec750c399f025f23b0b314f4cf.jpg?ver=1777612120"},"magazineBlocksPostCommentsNumber":false,"magazineBlocksPostExcerpt":"El Morning Midas, de 182 metros de eslora, ten\u00eda a M\u00e9xico como destino y ardi\u00f3 mientras navegaba cerca de Alaska","magazineBlocksPostCategories":["El Mundo"],"magazineBlocksPostViewCount":96,"magazineBlocksPostReadTime":2,"magazine_blocks_featured_image_url":{"full":["https:\/\/pornuestrolaredo.com\/wp-content\/uploads\/2025\/06\/Stereo91-20250602-4.jpg",1134,795,false],"medium":["https:\/\/pornuestrolaredo.com\/wp-content\/uploads\/2025\/06\/Stereo91-20250602-4-300x210.jpg",300,210,true],"thumbnail":["https:\/\/pornuestrolaredo.com\/wp-content\/uploads\/2025\/06\/Stereo91-20250602-4-150x150.jpg",150,150,true]},"magazine_blocks_author":{"display_name":"Redactor","author_link":"https:\/\/pornuestrolaredo.com\/?author=1"},"magazine_blocks_comment":0,"magazine_blocks_author_image":"https:\/\/pornuestrolaredo.com\/wp-content\/litespeed\/avatar\/dca1d7ec750c399f025f23b0b314f4cf.jpg?ver=1777612120","magazine_blocks_category":"<a href=\"#\" class=\"category-link category-link-9\">El Mundo<\/a>","jetpack_publicize_connections":[],"featured_image_urls":{"full":["https:\/\/pornuestrolaredo.com\/wp-content\/uploads\/2025\/06\/Stereo91-20250602-4.jpg",1134,795,false],"thumbnail":["https:\/\/pornuestrolaredo.com\/wp-content\/uploads\/2025\/06\/Stereo91-20250602-4-150x150.jpg",150,150,true],"medium":["https:\/\/pornuestrolaredo.com\/wp-content\/uploads\/2025\/06\/Stereo91-20250602-4-300x210.jpg",300,210,true],"medium_large":["https:\/\/pornuestrolaredo.com\/wp-content\/uploads\/2025\/06\/Stereo91-20250602-4-768x538.jpg",640,448,true],"large":["https:\/\/pornuestrolaredo.com\/wp-content\/uploads\/2025\/06\/Stereo91-20250602-4-1000x701.jpg",640,449,true],"1536x1536":["https:\/\/pornuestrolaredo.com\/wp-content\/uploads\/2025\/06\/Stereo91-20250602-4.jpg",1134,795,false],"2048x2048":["https:\/\/pornuestrolaredo.com\/wp-content\/uploads\/2025\/06\/Stereo91-20250602-4.jpg",1134,795,false],"morenews-large":["https:\/\/pornuestrolaredo.com\/wp-content\/uploads\/2025\/06\/Stereo91-20250602-4.jpg",820,575,false],"morenews-medium":["https:\/\/pornuestrolaredo.com\/wp-content\/uploads\/2025\/06\/Stereo91-20250602-4.jpg",585,410,false]},"author_info":{"info":["Redactor"]},"category_info":"<a href=\"https:\/\/pornuestrolaredo.com\/?cat=9\" rel=\"category\">El Mundo<\/a>","tag_info":"El Mundo","comment_count":"0","jetpack_featured_media_url":"https:\/\/pornuestrolaredo.com\/wp-content\/uploads\/2025\/06\/Stereo91-20250602-4.jpg","jetpack_sharing_enabled":true,"_links":{"self":[{"href":"https:\/\/pornuestrolaredo.com\/index.php?rest_route=\/wp\/v2\/posts\/6769","targetHints":{"allow":["GET"]}}],"collection":[{"href":"https:\/\/pornuestrolaredo.com\/index.php?rest_route=\/wp\/v2\/posts"}],"about":[{"href":"https:\/\/pornuestrolaredo.com\/index.php?rest_route=\/wp\/v2\/types\/post"}],"author":[{"embeddable":true,"href":"https:\/\/pornuestrolaredo.com\/index.php?rest_route=\/wp\/v2\/users\/1"}],"replies":[{"embeddable":true,"href":"https:\/\/pornuestrolaredo.com\/index.php?rest_route=%2Fwp%2Fv2%2Fcomments&post=6769"}],"version-history":[{"count":1,"href":"https:\/\/pornuestrolaredo.com\/index.php?rest_route=\/wp\/v2\/posts\/6769\/revisions"}],"predecessor-version":[{"id":6771,"href":"https:\/\/pornuestrolaredo.com\/index.php?rest_route=\/wp\/v2\/posts\/6769\/revisions\/6771"}],"wp:featuredmedia":[{"embeddable":true,"href":"https:\/\/pornuestrolaredo.com\/index.php?rest_route=\/wp\/v2\/media\/6770"}],"wp:attachment":[{"href":"https:\/\/pornuestrolaredo.com\/index.php?rest_route=%2Fwp%2Fv2%2Fmedia&parent=6769"}],"wp:term":[{"taxonomy":"category","embeddable":true,"href":"https:\/\/pornuestrolaredo.com\/index.php?rest_route=%2Fwp%2Fv2%2Fcategories&post=6769"},{"taxonomy":"post_tag","embeddable":true,"href":"https:\/\/pornuestrolaredo.com\/index.php?rest_route=%2Fwp%2Fv2%2Ftags&post=6769"}],"curies":[{"name":"wp","href":"https:\/\/api.w.org\/{rel}","templated":true}]}}