{"id":6772,"date":"2025-06-04T22:30:46","date_gmt":"2025-06-05T03:30:46","guid":{"rendered":"https:\/\/pornuestrolaredo.com\/?p=6772"},"modified":"2025-06-04T22:30:46","modified_gmt":"2025-06-05T03:30:46","slug":"ensenan-con-juegos-la-historia-de-nuevo-laredo","status":"publish","type":"post","link":"https:\/\/pornuestrolaredo.com\/?p=6772","title":{"rendered":"Ense\u00f1an con juegos la historia de Nuevo Laredo"},"content":{"rendered":"<p><strong><em>NUEVO LAREDO<\/em>.- <\/strong>Con animaciones, juegos interactivos por computadora, cuentacuentos y actividades recreativas los usuarios de las bibliotecas podr\u00e1n conocer la historia y las ra\u00edces culturales de Nuevo Laredo.<\/p>\n<p>Con motivo del 177 Aniversario de la Fundaci\u00f3n de Nuevo Laredo, estos espacios contar\u00e1n con una programaci\u00f3n alusiva a nuestros or\u00edgenes y tradiciones que abarca del 9 al 14 de junio. <\/p>\n<p>Los horarios de lunes a viernes ser\u00e1n de 10:00 de la ma\u00f1ana a 12:00 del mediod\u00eda en el turno matutino y de 4:00 a 6:00 de la tarde en el turno vespertino. Los s\u00e1bados el horario ser\u00e1 de 10:00 de la ma\u00f1ana a 2:00 de la tarde.<\/p>\n<blockquote><p>\u00a1Viva Nuevo Laredo!&#8221; es el t\u00edtulo de este programa especial. El lunes 9 de junio el tema abordado, de manera l\u00fadica y entretenida, ser\u00e1 La Fundaci\u00f3n de Nuevo Laredo. El martes 10 corresponder\u00e1 a &#8220;Los pobladores originarios de la regi\u00f3n&#8221;.<\/p><\/blockquote>\n<p>El mi\u00e9rcoles 11 el tema estar\u00e1 enfocado a la \u00e9poca de la Revoluci\u00f3n Mexicana en Nuevo Laredo, el jueves 12 a la inundaci\u00f3n de 1954, el viernes 13 a todo lo relacionado con la m\u00fasica, la gastronom\u00eda y nuestras expresiones como la polka, la carne asada y los localismos que nos identifican en la forma de comunicarnos.<\/p>\n<p>Finalmente, el s\u00e1bado 14 de junio el tema estar\u00e1 relacionado con el origen y la historia del equipo de b\u00e9isbol &#8220;Los Tecolote de los Dos Laredos&#8221;.<\/p>\n<blockquote><p>Es importante conocer nuestra historia porque nos permite ampliar nuestro conocimiento y fortalecer nuestro amor al lugar donde nacimos o vivimos, nos permite abrazar un sentido de identidad y pertenencia&#8221;, dijo Marcos Rodr\u00edguez Leija, coordinador de Bibliotecas.<\/p><\/blockquote>\n<p>&#8220;Por otra parte, todos estos temas que abordaremos en las bibliotecas, dirigidos a ni\u00f1os, j\u00f3venes y adultos, se har\u00e1n de una manera divertida, pues van acompa\u00f1ados de actividades l\u00fadicas y recreativas&#8221; agreg\u00f3<\/p>\n","protected":false},"excerpt":{"rendered":"<p>Con motivo del 177 Aniversario de la Fundaci\u00f3n de Nuevo Laredo, bibliotecas contar\u00e1n con una programaci\u00f3n alusiva a nuestros or\u00edgenes y tradiciones<\/p>\n","protected":false},"author":1,"featured_media":6773,"comment_status":"closed","ping_status":"closed","sticky":false,"template":"","format":"standard","meta":{"_crdt_document":"","_jetpack_memberships_contains_paid_content":false,"footnotes":"","jetpack_publicize_message":"","jetpack_publicize_feature_enabled":true,"jetpack_social_post_already_shared":true,"jetpack_social_options":{"image_generator_settings":{"template":"highway","default_image_id":0,"font":"","enabled":false},"version":2},"_wpas_customize_per_network":false},"categories":[4],"tags":[],"class_list":["post-6772","post","type-post","status-publish","format-standard","has-post-thumbnail","hentry","category-los-dos-laredos"],"magazineBlocksPostFeaturedMedia":{"thumbnail":"https:\/\/pornuestrolaredo.com\/wp-content\/uploads\/2025\/06\/Stereo91-20250604-3-150x150.jpg","medium":"https:\/\/pornuestrolaredo.com\/wp-content\/uploads\/2025\/06\/Stereo91-20250604-3-300x175.jpg","medium_large":"https:\/\/pornuestrolaredo.com\/wp-content\/uploads\/2025\/06\/Stereo91-20250604-3-768x447.jpg","large":"https:\/\/pornuestrolaredo.com\/wp-content\/uploads\/2025\/06\/Stereo91-20250604-3.jpg","1536x1536":"https:\/\/pornuestrolaredo.com\/wp-content\/uploads\/2025\/06\/Stereo91-20250604-3.jpg","2048x2048":"https:\/\/pornuestrolaredo.com\/wp-content\/uploads\/2025\/06\/Stereo91-20250604-3.jpg","morenews-large":"https:\/\/pornuestrolaredo.com\/wp-content\/uploads\/2025\/06\/Stereo91-20250604-3.jpg","morenews-medium":"https:\/\/pornuestrolaredo.com\/wp-content\/uploads\/2025\/06\/Stereo91-20250604-3.jpg"},"magazineBlocksPostAuthor":{"name":"Redactor","avatar":"https:\/\/pornuestrolaredo.com\/wp-content\/litespeed\/avatar\/dca1d7ec750c399f025f23b0b314f4cf.jpg?ver=1777612120"},"magazineBlocksPostCommentsNumber":false,"magazineBlocksPostExcerpt":"Con motivo del 177 Aniversario de la Fundaci\u00f3n de Nuevo Laredo, bibliotecas contar\u00e1n con una programaci\u00f3n alusiva a nuestros or\u00edgenes y tradiciones","magazineBlocksPostCategories":["Los dos Laredos"],"magazineBlocksPostViewCount":96,"magazineBlocksPostReadTime":2,"magazine_blocks_featured_image_url":{"full":["https:\/\/pornuestrolaredo.com\/wp-content\/uploads\/2025\/06\/Stereo91-20250604-3.jpg",907,528,false],"medium":["https:\/\/pornuestrolaredo.com\/wp-content\/uploads\/2025\/06\/Stereo91-20250604-3-300x175.jpg",300,175,true],"thumbnail":["https:\/\/pornuestrolaredo.com\/wp-content\/uploads\/2025\/06\/Stereo91-20250604-3-150x150.jpg",150,150,true]},"magazine_blocks_author":{"display_name":"Redactor","author_link":"https:\/\/pornuestrolaredo.com\/?author=1"},"magazine_blocks_comment":0,"magazine_blocks_author_image":"https:\/\/pornuestrolaredo.com\/wp-content\/litespeed\/avatar\/dca1d7ec750c399f025f23b0b314f4cf.jpg?ver=1777612120","magazine_blocks_category":"<a href=\"#\" class=\"category-link category-link-4\">Los dos Laredos<\/a>","jetpack_publicize_connections":[],"featured_image_urls":{"full":["https:\/\/pornuestrolaredo.com\/wp-content\/uploads\/2025\/06\/Stereo91-20250604-3.jpg",907,528,false],"thumbnail":["https:\/\/pornuestrolaredo.com\/wp-content\/uploads\/2025\/06\/Stereo91-20250604-3-150x150.jpg",150,150,true],"medium":["https:\/\/pornuestrolaredo.com\/wp-content\/uploads\/2025\/06\/Stereo91-20250604-3-300x175.jpg",300,175,true],"medium_large":["https:\/\/pornuestrolaredo.com\/wp-content\/uploads\/2025\/06\/Stereo91-20250604-3-768x447.jpg",640,373,true],"large":["https:\/\/pornuestrolaredo.com\/wp-content\/uploads\/2025\/06\/Stereo91-20250604-3.jpg",640,373,false],"1536x1536":["https:\/\/pornuestrolaredo.com\/wp-content\/uploads\/2025\/06\/Stereo91-20250604-3.jpg",907,528,false],"2048x2048":["https:\/\/pornuestrolaredo.com\/wp-content\/uploads\/2025\/06\/Stereo91-20250604-3.jpg",907,528,false],"morenews-large":["https:\/\/pornuestrolaredo.com\/wp-content\/uploads\/2025\/06\/Stereo91-20250604-3.jpg",825,480,false],"morenews-medium":["https:\/\/pornuestrolaredo.com\/wp-content\/uploads\/2025\/06\/Stereo91-20250604-3.jpg",590,343,false]},"author_info":{"info":["Redactor"]},"category_info":"<a href=\"https:\/\/pornuestrolaredo.com\/?cat=4\" rel=\"category\">Los dos Laredos<\/a>","tag_info":"Los dos Laredos","comment_count":"0","jetpack_featured_media_url":"https:\/\/pornuestrolaredo.com\/wp-content\/uploads\/2025\/06\/Stereo91-20250604-3.jpg","jetpack_sharing_enabled":true,"_links":{"self":[{"href":"https:\/\/pornuestrolaredo.com\/index.php?rest_route=\/wp\/v2\/posts\/6772","targetHints":{"allow":["GET"]}}],"collection":[{"href":"https:\/\/pornuestrolaredo.com\/index.php?rest_route=\/wp\/v2\/posts"}],"about":[{"href":"https:\/\/pornuestrolaredo.com\/index.php?rest_route=\/wp\/v2\/types\/post"}],"author":[{"embeddable":true,"href":"https:\/\/pornuestrolaredo.com\/index.php?rest_route=\/wp\/v2\/users\/1"}],"replies":[{"embeddable":true,"href":"https:\/\/pornuestrolaredo.com\/index.php?rest_route=%2Fwp%2Fv2%2Fcomments&post=6772"}],"version-history":[{"count":1,"href":"https:\/\/pornuestrolaredo.com\/index.php?rest_route=\/wp\/v2\/posts\/6772\/revisions"}],"predecessor-version":[{"id":6774,"href":"https:\/\/pornuestrolaredo.com\/index.php?rest_route=\/wp\/v2\/posts\/6772\/revisions\/6774"}],"wp:featuredmedia":[{"embeddable":true,"href":"https:\/\/pornuestrolaredo.com\/index.php?rest_route=\/wp\/v2\/media\/6773"}],"wp:attachment":[{"href":"https:\/\/pornuestrolaredo.com\/index.php?rest_route=%2Fwp%2Fv2%2Fmedia&parent=6772"}],"wp:term":[{"taxonomy":"category","embeddable":true,"href":"https:\/\/pornuestrolaredo.com\/index.php?rest_route=%2Fwp%2Fv2%2Fcategories&post=6772"},{"taxonomy":"post_tag","embeddable":true,"href":"https:\/\/pornuestrolaredo.com\/index.php?rest_route=%2Fwp%2Fv2%2Ftags&post=6772"}],"curies":[{"name":"wp","href":"https:\/\/api.w.org\/{rel}","templated":true}]}}