{"id":6778,"date":"2025-06-06T13:40:09","date_gmt":"2025-06-06T18:40:09","guid":{"rendered":"https:\/\/pornuestrolaredo.com\/?p=6778"},"modified":"2025-06-06T13:40:09","modified_gmt":"2025-06-06T18:40:09","slug":"cancela-sheinbaum-su-gira-por-guerrero","status":"publish","type":"post","link":"https:\/\/pornuestrolaredo.com\/?p=6778","title":{"rendered":"Cancela Sheinbaum su gira por Guerrero"},"content":{"rendered":"<p><strong><em>CIUDAD DE M\u00c9XICO.- <\/em><\/strong>La presidenta Claudia Sheinbaum afirm\u00f3 que cancel\u00f3 la gira por Guerrero para evitar alguna provocaci\u00f3n por parte de la ciudadan\u00eda, por lo que asegur\u00f3 ir\u00e1 en otra ocasi\u00f3n. <\/p>\n<p>Sheinbaum apunt\u00f3 que le hicieron llegar volantes que advert\u00edan manifestaciones a su llegada a Guerrero, por lo que decidi\u00f3 por posponer su visita, aunque se\u00f1al\u00f3 que hay varios proyectos que tiene que supervisar como carreteras, hospitales o el programa Sembrando Vida.<\/p>\n<blockquote><p>Hay que decirlo abiertamente, recuerdan que una vez el presidente L\u00f3pez Obrador iba a inaugurar ah\u00ed el Telet\u00f3n en Tlapa, hubo provocaciones, y ahora salieron volantes diciendo que se iban a manifestar, no es un asunto de la presidenta, sino tambi\u00e9n del propio pueblo, lo que queremos es festejar que est\u00e1 funcionando el hospital, el hospital de todas maneras ya est\u00e1 abierto, y vamos a regresar en otro momento.<\/p><\/blockquote>\n<blockquote><p>Hay varias mejoras en carreteras que estamos impulsando, desde ah\u00ed hasta la mixteca, muy importantes, sigue el trabajo en la monta\u00f1a de Guerrero, est\u00e1 el programa Sembrando Vida, que tambi\u00e9n va a aumentar, y varias acciones que estamos desarrollando ah\u00ed, pero preferimos frente a un anuncio de que iba a haber una provocaci\u00f3n, pues mejor movimos el d\u00eda y ya iremos en otra ocasi\u00f3n&#8221;, asever\u00f3.<\/p><\/blockquote>\n","protected":false},"excerpt":{"rendered":"<p>Advierte que busca evitar confrontaciones, por lo que ir\u00e1 despu\u00e9s a supervisar carreteras, hospitales y el programa Sembrando Vida<\/p>\n","protected":false},"author":1,"featured_media":6779,"comment_status":"closed","ping_status":"closed","sticky":false,"template":"","format":"standard","meta":{"_crdt_document":"","_jetpack_memberships_contains_paid_content":false,"footnotes":"","jetpack_publicize_message":"","jetpack_publicize_feature_enabled":true,"jetpack_social_post_already_shared":true,"jetpack_social_options":{"image_generator_settings":{"template":"highway","default_image_id":0,"font":"","enabled":false},"version":2},"_wpas_customize_per_network":false},"categories":[33],"tags":[],"class_list":["post-6778","post","type-post","status-publish","format-standard","has-post-thumbnail","hentry","category-mexico"],"magazineBlocksPostFeaturedMedia":{"thumbnail":"https:\/\/pornuestrolaredo.com\/wp-content\/uploads\/2025\/06\/PNL-20250606-2-150x150.jpg","medium":"https:\/\/pornuestrolaredo.com\/wp-content\/uploads\/2025\/06\/PNL-20250606-2-300x200.jpg","medium_large":"https:\/\/pornuestrolaredo.com\/wp-content\/uploads\/2025\/06\/PNL-20250606-2-768x512.jpg","large":"https:\/\/pornuestrolaredo.com\/wp-content\/uploads\/2025\/06\/PNL-20250606-2-1000x667.jpg","1536x1536":"https:\/\/pornuestrolaredo.com\/wp-content\/uploads\/2025\/06\/PNL-20250606-2.jpg","2048x2048":"https:\/\/pornuestrolaredo.com\/wp-content\/uploads\/2025\/06\/PNL-20250606-2.jpg","morenews-large":"https:\/\/pornuestrolaredo.com\/wp-content\/uploads\/2025\/06\/PNL-20250606-2.jpg","morenews-medium":"https:\/\/pornuestrolaredo.com\/wp-content\/uploads\/2025\/06\/PNL-20250606-2.jpg"},"magazineBlocksPostAuthor":{"name":"Redactor","avatar":"https:\/\/pornuestrolaredo.com\/wp-content\/litespeed\/avatar\/dca1d7ec750c399f025f23b0b314f4cf.jpg?ver=1777612120"},"magazineBlocksPostCommentsNumber":false,"magazineBlocksPostExcerpt":"Advierte que busca evitar confrontaciones, por lo que ir\u00e1 despu\u00e9s a supervisar carreteras, hospitales y el programa Sembrando Vida","magazineBlocksPostCategories":["Mexico"],"magazineBlocksPostViewCount":119,"magazineBlocksPostReadTime":2,"magazine_blocks_featured_image_url":{"full":["https:\/\/pornuestrolaredo.com\/wp-content\/uploads\/2025\/06\/PNL-20250606-2.jpg",1209,806,false],"medium":["https:\/\/pornuestrolaredo.com\/wp-content\/uploads\/2025\/06\/PNL-20250606-2-300x200.jpg",300,200,true],"thumbnail":["https:\/\/pornuestrolaredo.com\/wp-content\/uploads\/2025\/06\/PNL-20250606-2-150x150.jpg",150,150,true]},"magazine_blocks_author":{"display_name":"Redactor","author_link":"https:\/\/pornuestrolaredo.com\/?author=1"},"magazine_blocks_comment":0,"magazine_blocks_author_image":"https:\/\/pornuestrolaredo.com\/wp-content\/litespeed\/avatar\/dca1d7ec750c399f025f23b0b314f4cf.jpg?ver=1777612120","magazine_blocks_category":"<a href=\"#\" class=\"category-link category-link-33\">Mexico<\/a>","jetpack_publicize_connections":[],"featured_image_urls":{"full":["https:\/\/pornuestrolaredo.com\/wp-content\/uploads\/2025\/06\/PNL-20250606-2.jpg",1209,806,false],"thumbnail":["https:\/\/pornuestrolaredo.com\/wp-content\/uploads\/2025\/06\/PNL-20250606-2-150x150.jpg",150,150,true],"medium":["https:\/\/pornuestrolaredo.com\/wp-content\/uploads\/2025\/06\/PNL-20250606-2-300x200.jpg",300,200,true],"medium_large":["https:\/\/pornuestrolaredo.com\/wp-content\/uploads\/2025\/06\/PNL-20250606-2-768x512.jpg",640,427,true],"large":["https:\/\/pornuestrolaredo.com\/wp-content\/uploads\/2025\/06\/PNL-20250606-2-1000x667.jpg",640,427,true],"1536x1536":["https:\/\/pornuestrolaredo.com\/wp-content\/uploads\/2025\/06\/PNL-20250606-2.jpg",1209,806,false],"2048x2048":["https:\/\/pornuestrolaredo.com\/wp-content\/uploads\/2025\/06\/PNL-20250606-2.jpg",1209,806,false],"morenews-large":["https:\/\/pornuestrolaredo.com\/wp-content\/uploads\/2025\/06\/PNL-20250606-2.jpg",825,550,false],"morenews-medium":["https:\/\/pornuestrolaredo.com\/wp-content\/uploads\/2025\/06\/PNL-20250606-2.jpg",590,393,false]},"author_info":{"info":["Redactor"]},"category_info":"<a href=\"https:\/\/pornuestrolaredo.com\/?cat=33\" rel=\"category\">Mexico<\/a>","tag_info":"Mexico","comment_count":"0","jetpack_featured_media_url":"https:\/\/pornuestrolaredo.com\/wp-content\/uploads\/2025\/06\/PNL-20250606-2.jpg","jetpack_sharing_enabled":true,"_links":{"self":[{"href":"https:\/\/pornuestrolaredo.com\/index.php?rest_route=\/wp\/v2\/posts\/6778","targetHints":{"allow":["GET"]}}],"collection":[{"href":"https:\/\/pornuestrolaredo.com\/index.php?rest_route=\/wp\/v2\/posts"}],"about":[{"href":"https:\/\/pornuestrolaredo.com\/index.php?rest_route=\/wp\/v2\/types\/post"}],"author":[{"embeddable":true,"href":"https:\/\/pornuestrolaredo.com\/index.php?rest_route=\/wp\/v2\/users\/1"}],"replies":[{"embeddable":true,"href":"https:\/\/pornuestrolaredo.com\/index.php?rest_route=%2Fwp%2Fv2%2Fcomments&post=6778"}],"version-history":[{"count":1,"href":"https:\/\/pornuestrolaredo.com\/index.php?rest_route=\/wp\/v2\/posts\/6778\/revisions"}],"predecessor-version":[{"id":6780,"href":"https:\/\/pornuestrolaredo.com\/index.php?rest_route=\/wp\/v2\/posts\/6778\/revisions\/6780"}],"wp:featuredmedia":[{"embeddable":true,"href":"https:\/\/pornuestrolaredo.com\/index.php?rest_route=\/wp\/v2\/media\/6779"}],"wp:attachment":[{"href":"https:\/\/pornuestrolaredo.com\/index.php?rest_route=%2Fwp%2Fv2%2Fmedia&parent=6778"}],"wp:term":[{"taxonomy":"category","embeddable":true,"href":"https:\/\/pornuestrolaredo.com\/index.php?rest_route=%2Fwp%2Fv2%2Fcategories&post=6778"},{"taxonomy":"post_tag","embeddable":true,"href":"https:\/\/pornuestrolaredo.com\/index.php?rest_route=%2Fwp%2Fv2%2Ftags&post=6778"}],"curies":[{"name":"wp","href":"https:\/\/api.w.org\/{rel}","templated":true}]}}