{"id":6790,"date":"2025-06-08T13:05:44","date_gmt":"2025-06-08T18:05:44","guid":{"rendered":"https:\/\/pornuestrolaredo.com\/?p=6790"},"modified":"2025-06-08T13:05:44","modified_gmt":"2025-06-08T18:05:44","slug":"atentan-contra-candidato-presidencial-de-colombia","status":"publish","type":"post","link":"https:\/\/pornuestrolaredo.com\/?p=6790","title":{"rendered":"Atentan contra candidato presidencial de Colombia"},"content":{"rendered":"<p><strong><em>BOGOT\u00c1.-<\/em><\/strong> El senador colombiano y precandidato presidencial del partido de derecha Centro Democr\u00e1tico, Miguel Uribe Turbay, fue herido de bala durante un acto proselitista en Bogot\u00e1 el s\u00e1bado, en un ataque que recibi\u00f3 el repudio inmediato en el pa\u00eds andino y a nivel internacional.<\/p>\n<p>Centro Democr\u00e1tico \u2014el partido del expresidente \u00c1lvaro Uribe\u2014 dijo en un comunicado que sujetos armados dispararon por la espalda al pol\u00edtico de 39 a\u00f1os cuando participaba de un mitin en el barrio de Fontibon, al oeste de la capital.<\/p>\n<p>El ataque \u201cno solo pone en peligro la vida de un l\u00edder pol\u00edtico, sino que tambi\u00e9n atenta contra la democracia y la libertad en Colombia\u201d, indic\u00f3 el partido pol\u00edtico.<\/p>\n<p>Uribe Turbay \u201cingres\u00f3 en estado cr\u00edtico y est\u00e1 siendo atendido de manera prioritaria\u201d por un equipo de especialistas, se\u00f1al\u00f3 el primer reporte m\u00e9dico de la cl\u00ednica Fundaci\u00f3n Santa Fe de Bogot\u00e1. Al momento, el senador es sometido a un \u201cprocedimiento neuroquir\u00fargico y vascular perif\u00e9rico\u201d, a\u00f1adi\u00f3.<\/p>\n<blockquote><p>Miguel est\u00e1 luchando en estos momentos por su vida\u201d, escribi\u00f3 su esposa, Mar\u00eda Claudia Tarazona, en la cuenta del senador en X, y pidi\u00f3 a los colombianos unirse en oraci\u00f3n.<\/p><\/blockquote>\n<p>Uribe Turbay es hijo de una periodista secuestrada y fallecida en 1991 (Diana Turbay), durante una de las \u00e9pocas m\u00e1s violentas del pa\u00eds sudamericano azotado entonces por la violencia desatada por los c\u00e1rteles de la droga, y nieto del expresidente Julio C\u00e9sar Turbay (1978-1982). El senador hab\u00eda anunciado en marzo su aspiraci\u00f3n de terciar en las elecciones presidenciales del 31 de mayo de 2026, cuando concluye el mandato del presidente Gustavo Petro.<\/p>\n<blockquote><p>Este es un d\u00eda de dolor\u201d, afirm\u00f3 el presidente Petro en un pronunciamiento p\u00fablico al borde de la medianoche, tras encabezar un Consejo de Seguridad extraordinario. Recalc\u00f3 que la prioridad al momento es que el senador Uribe se mantenga con vida y garantiz\u00f3 \u201cabsoluta transparencia del Estado, en su competencia, para investigar y lograr llegar a los autores intelectuales del intento de homicidio\u201d.<\/p><\/blockquote>\n<blockquote><p>Espero que Uribe Turbay sobreviva, eso es lo que deseo m\u00e1s que nada\u201d, asever\u00f3 Petro, tras reconocer la distancia pol\u00edtica que separa al senador de oposici\u00f3n y su gobierno -el primero de izquierda en llegar al poder en el pa\u00eds andino-. Afirm\u00f3 que defiende una pol\u00edtica \u201clibre de violencia\u201d.<\/p><\/blockquote>\n<p>El mandatario agreg\u00f3 que se activaron los protocolos de investigaci\u00f3n al m\u00e1ximo nivel, sin escatimar recursos ni energ\u00edas. Tambi\u00e9n dispuso investigar las fallas que pudo haber cometido la escolta del senador en sus protocolos de seguridad.<\/p>\n","protected":false},"excerpt":{"rendered":"<p>Sufre dos disparos, por la espalda, en un acto proselitista en Bogot\u00e1<\/p>\n","protected":false},"author":1,"featured_media":6791,"comment_status":"closed","ping_status":"closed","sticky":false,"template":"","format":"standard","meta":{"_crdt_document":"","_jetpack_memberships_contains_paid_content":false,"footnotes":"","jetpack_publicize_message":"","jetpack_publicize_feature_enabled":true,"jetpack_social_post_already_shared":true,"jetpack_social_options":{"image_generator_settings":{"template":"highway","default_image_id":0,"font":"","enabled":false},"version":2},"_wpas_customize_per_network":false},"categories":[9],"tags":[],"class_list":["post-6790","post","type-post","status-publish","format-standard","has-post-thumbnail","hentry","category-el-mundo"],"magazineBlocksPostFeaturedMedia":{"thumbnail":"https:\/\/pornuestrolaredo.com\/wp-content\/uploads\/2025\/06\/Stereo91-20250608-2-150x150.jpg","medium":"https:\/\/pornuestrolaredo.com\/wp-content\/uploads\/2025\/06\/Stereo91-20250608-2-300x200.jpg","medium_large":"https:\/\/pornuestrolaredo.com\/wp-content\/uploads\/2025\/06\/Stereo91-20250608-2-768x512.jpg","large":"https:\/\/pornuestrolaredo.com\/wp-content\/uploads\/2025\/06\/Stereo91-20250608-2.jpg","1536x1536":"https:\/\/pornuestrolaredo.com\/wp-content\/uploads\/2025\/06\/Stereo91-20250608-2.jpg","2048x2048":"https:\/\/pornuestrolaredo.com\/wp-content\/uploads\/2025\/06\/Stereo91-20250608-2.jpg","morenews-large":"https:\/\/pornuestrolaredo.com\/wp-content\/uploads\/2025\/06\/Stereo91-20250608-2.jpg","morenews-medium":"https:\/\/pornuestrolaredo.com\/wp-content\/uploads\/2025\/06\/Stereo91-20250608-2.jpg"},"magazineBlocksPostAuthor":{"name":"Redactor","avatar":"https:\/\/pornuestrolaredo.com\/wp-content\/litespeed\/avatar\/dca1d7ec750c399f025f23b0b314f4cf.jpg?ver=1777612120"},"magazineBlocksPostCommentsNumber":false,"magazineBlocksPostExcerpt":"Sufre dos disparos, por la espalda, en un acto proselitista en Bogot\u00e1","magazineBlocksPostCategories":["El Mundo"],"magazineBlocksPostViewCount":90,"magazineBlocksPostReadTime":3,"magazine_blocks_featured_image_url":{"full":["https:\/\/pornuestrolaredo.com\/wp-content\/uploads\/2025\/06\/Stereo91-20250608-2.jpg",907,605,false],"medium":["https:\/\/pornuestrolaredo.com\/wp-content\/uploads\/2025\/06\/Stereo91-20250608-2-300x200.jpg",300,200,true],"thumbnail":["https:\/\/pornuestrolaredo.com\/wp-content\/uploads\/2025\/06\/Stereo91-20250608-2-150x150.jpg",150,150,true]},"magazine_blocks_author":{"display_name":"Redactor","author_link":"https:\/\/pornuestrolaredo.com\/?author=1"},"magazine_blocks_comment":0,"magazine_blocks_author_image":"https:\/\/pornuestrolaredo.com\/wp-content\/litespeed\/avatar\/dca1d7ec750c399f025f23b0b314f4cf.jpg?ver=1777612120","magazine_blocks_category":"<a href=\"#\" class=\"category-link category-link-9\">El Mundo<\/a>","jetpack_publicize_connections":[],"featured_image_urls":{"full":["https:\/\/pornuestrolaredo.com\/wp-content\/uploads\/2025\/06\/Stereo91-20250608-2.jpg",907,605,false],"thumbnail":["https:\/\/pornuestrolaredo.com\/wp-content\/uploads\/2025\/06\/Stereo91-20250608-2-150x150.jpg",150,150,true],"medium":["https:\/\/pornuestrolaredo.com\/wp-content\/uploads\/2025\/06\/Stereo91-20250608-2-300x200.jpg",300,200,true],"medium_large":["https:\/\/pornuestrolaredo.com\/wp-content\/uploads\/2025\/06\/Stereo91-20250608-2-768x512.jpg",640,427,true],"large":["https:\/\/pornuestrolaredo.com\/wp-content\/uploads\/2025\/06\/Stereo91-20250608-2.jpg",640,427,false],"1536x1536":["https:\/\/pornuestrolaredo.com\/wp-content\/uploads\/2025\/06\/Stereo91-20250608-2.jpg",907,605,false],"2048x2048":["https:\/\/pornuestrolaredo.com\/wp-content\/uploads\/2025\/06\/Stereo91-20250608-2.jpg",907,605,false],"morenews-large":["https:\/\/pornuestrolaredo.com\/wp-content\/uploads\/2025\/06\/Stereo91-20250608-2.jpg",825,550,false],"morenews-medium":["https:\/\/pornuestrolaredo.com\/wp-content\/uploads\/2025\/06\/Stereo91-20250608-2.jpg",590,394,false]},"author_info":{"info":["Redactor"]},"category_info":"<a href=\"https:\/\/pornuestrolaredo.com\/?cat=9\" rel=\"category\">El Mundo<\/a>","tag_info":"El Mundo","comment_count":"0","jetpack_featured_media_url":"https:\/\/pornuestrolaredo.com\/wp-content\/uploads\/2025\/06\/Stereo91-20250608-2.jpg","jetpack_sharing_enabled":true,"_links":{"self":[{"href":"https:\/\/pornuestrolaredo.com\/index.php?rest_route=\/wp\/v2\/posts\/6790","targetHints":{"allow":["GET"]}}],"collection":[{"href":"https:\/\/pornuestrolaredo.com\/index.php?rest_route=\/wp\/v2\/posts"}],"about":[{"href":"https:\/\/pornuestrolaredo.com\/index.php?rest_route=\/wp\/v2\/types\/post"}],"author":[{"embeddable":true,"href":"https:\/\/pornuestrolaredo.com\/index.php?rest_route=\/wp\/v2\/users\/1"}],"replies":[{"embeddable":true,"href":"https:\/\/pornuestrolaredo.com\/index.php?rest_route=%2Fwp%2Fv2%2Fcomments&post=6790"}],"version-history":[{"count":1,"href":"https:\/\/pornuestrolaredo.com\/index.php?rest_route=\/wp\/v2\/posts\/6790\/revisions"}],"predecessor-version":[{"id":6792,"href":"https:\/\/pornuestrolaredo.com\/index.php?rest_route=\/wp\/v2\/posts\/6790\/revisions\/6792"}],"wp:featuredmedia":[{"embeddable":true,"href":"https:\/\/pornuestrolaredo.com\/index.php?rest_route=\/wp\/v2\/media\/6791"}],"wp:attachment":[{"href":"https:\/\/pornuestrolaredo.com\/index.php?rest_route=%2Fwp%2Fv2%2Fmedia&parent=6790"}],"wp:term":[{"taxonomy":"category","embeddable":true,"href":"https:\/\/pornuestrolaredo.com\/index.php?rest_route=%2Fwp%2Fv2%2Fcategories&post=6790"},{"taxonomy":"post_tag","embeddable":true,"href":"https:\/\/pornuestrolaredo.com\/index.php?rest_route=%2Fwp%2Fv2%2Ftags&post=6790"}],"curies":[{"name":"wp","href":"https:\/\/api.w.org\/{rel}","templated":true}]}}