{"id":6793,"date":"2025-06-08T13:18:06","date_gmt":"2025-06-08T18:18:06","guid":{"rendered":"https:\/\/pornuestrolaredo.com\/?p=6793"},"modified":"2025-06-08T13:18:06","modified_gmt":"2025-06-08T18:18:06","slug":"tormentas-azotan-sur-de-eu-y-cobran-dos-vidas","status":"publish","type":"post","link":"https:\/\/pornuestrolaredo.com\/?p=6793","title":{"rendered":"Tormentas azotan sur de EU y cobran dos vidas"},"content":{"rendered":"<p><strong>HOUSTON.-<\/strong> Dos personas murieron por la ca\u00edda de \u00e1rboles y decenas de miles se quedaron sin electricidad mientras fuertes tormentas azotaban el sur de Estados Unidos durante el fin de semana.<\/p>\n<p>Las tormentas derribaron \u00e1rboles y l\u00edneas el\u00e9ctricas y trajeron fuertes lluvias, granizo y vientos racheados mientras avanzaban por la regi\u00f3n. Casi 150 mil personas en los estados del sur, desde Texas hasta Carolina del Sur, estaban sin electricidad el domingo por la ma\u00f1ana, seg\u00fan poweroutage.us.<\/p>\n<p>Una persona muri\u00f3 en el condado de Lafayette cuando un \u00e1rbol cay\u00f3 sobre un veh\u00edculo, inform\u00f3 el gobernador de Mississippi, Tate Reeves. Se emitieron m\u00faltiples advertencias de tornado en el norte de Mississippi el s\u00e1bado.<\/p>\n<p>Una persona muri\u00f3 en Georgia el s\u00e1bado por la noche, indic\u00f3 el gobernador de ese estado, Brian Kemp. Un portavoz de la Gesti\u00f3n de Emergencias de Georgia dijo que la fatalidad ocurri\u00f3 en el condado Banks cuando un \u00e1rbol cay\u00f3 sobre un veh\u00edculo.<\/p>\n<blockquote><p>\u00dananse a nosotros en orar por los seres queridos de un georgiano que tr\u00e1gicamente perdi\u00f3 la vida esta noche debido a las severas tormentas\u201d, escribi\u00f3 Kemp en redes sociales.<\/p><\/blockquote>\n<p>El Servicio Meteorol\u00f3gico Nacional dijo que un tornado EF-1 da\u00f1\u00f3 m\u00faltiples hogares e hiri\u00f3 a una persona el viernes en la ciudad de Van Buren, en el oeste de Arkansas.<\/p>\n<p>Otra ronda de clima severo est\u00e1 prevista para atravesar las llanuras del sur y el sur el domingo por la noche y el lunes. El mayor riesgo de clima severo se encuentra en el suroeste de Oklahoma y el norte de Texas.<\/p>\n<p>El Servicio Meteorol\u00f3gico Nacional indic\u00f3 que es probable que se produzcan r\u00e1fagas de viento destructivas de hasta 100 millas por hora (160 kil\u00f3metros por hora), granizo gigante de hasta 5 pulgadas (12 cent\u00edmetros) de di\u00e1metro y algunos tornados.<\/p>\n","protected":false},"excerpt":{"rendered":"<p>Casi 150 mil personas , desde Texas hasta Carolina del Sur, estaban sin electricidad el domingo por la ma\u00f1ana<\/p>\n","protected":false},"author":1,"featured_media":6794,"comment_status":"closed","ping_status":"closed","sticky":false,"template":"","format":"standard","meta":{"_crdt_document":"","_jetpack_memberships_contains_paid_content":false,"footnotes":"","jetpack_publicize_message":"","jetpack_publicize_feature_enabled":true,"jetpack_social_post_already_shared":true,"jetpack_social_options":{"image_generator_settings":{"template":"highway","default_image_id":0,"font":"","enabled":false},"version":2},"_wpas_customize_per_network":false},"categories":[9],"tags":[],"class_list":["post-6793","post","type-post","status-publish","format-standard","has-post-thumbnail","hentry","category-el-mundo"],"magazineBlocksPostFeaturedMedia":{"thumbnail":"https:\/\/pornuestrolaredo.com\/wp-content\/uploads\/2025\/06\/Stereo91-20250608-3-150x150.jpg","medium":"https:\/\/pornuestrolaredo.com\/wp-content\/uploads\/2025\/06\/Stereo91-20250608-3-300x169.jpg","medium_large":"https:\/\/pornuestrolaredo.com\/wp-content\/uploads\/2025\/06\/Stereo91-20250608-3-768x432.jpg","large":"https:\/\/pornuestrolaredo.com\/wp-content\/uploads\/2025\/06\/Stereo91-20250608-3-1000x562.jpg","1536x1536":"https:\/\/pornuestrolaredo.com\/wp-content\/uploads\/2025\/06\/Stereo91-20250608-3.jpg","2048x2048":"https:\/\/pornuestrolaredo.com\/wp-content\/uploads\/2025\/06\/Stereo91-20250608-3.jpg","morenews-large":"https:\/\/pornuestrolaredo.com\/wp-content\/uploads\/2025\/06\/Stereo91-20250608-3.jpg","morenews-medium":"https:\/\/pornuestrolaredo.com\/wp-content\/uploads\/2025\/06\/Stereo91-20250608-3.jpg"},"magazineBlocksPostAuthor":{"name":"Redactor","avatar":"https:\/\/pornuestrolaredo.com\/wp-content\/litespeed\/avatar\/dca1d7ec750c399f025f23b0b314f4cf.jpg?ver=1777612120"},"magazineBlocksPostCommentsNumber":false,"magazineBlocksPostExcerpt":"Casi 150 mil personas , desde Texas hasta Carolina del Sur, estaban sin electricidad el domingo por la ma\u00f1ana","magazineBlocksPostCategories":["El Mundo"],"magazineBlocksPostViewCount":102,"magazineBlocksPostReadTime":2,"magazine_blocks_featured_image_url":{"full":["https:\/\/pornuestrolaredo.com\/wp-content\/uploads\/2025\/06\/Stereo91-20250608-3.jpg",1209,680,false],"medium":["https:\/\/pornuestrolaredo.com\/wp-content\/uploads\/2025\/06\/Stereo91-20250608-3-300x169.jpg",300,169,true],"thumbnail":["https:\/\/pornuestrolaredo.com\/wp-content\/uploads\/2025\/06\/Stereo91-20250608-3-150x150.jpg",150,150,true]},"magazine_blocks_author":{"display_name":"Redactor","author_link":"https:\/\/pornuestrolaredo.com\/?author=1"},"magazine_blocks_comment":0,"magazine_blocks_author_image":"https:\/\/pornuestrolaredo.com\/wp-content\/litespeed\/avatar\/dca1d7ec750c399f025f23b0b314f4cf.jpg?ver=1777612120","magazine_blocks_category":"<a href=\"#\" class=\"category-link category-link-9\">El Mundo<\/a>","jetpack_publicize_connections":[],"featured_image_urls":{"full":["https:\/\/pornuestrolaredo.com\/wp-content\/uploads\/2025\/06\/Stereo91-20250608-3.jpg",1209,680,false],"thumbnail":["https:\/\/pornuestrolaredo.com\/wp-content\/uploads\/2025\/06\/Stereo91-20250608-3-150x150.jpg",150,150,true],"medium":["https:\/\/pornuestrolaredo.com\/wp-content\/uploads\/2025\/06\/Stereo91-20250608-3-300x169.jpg",300,169,true],"medium_large":["https:\/\/pornuestrolaredo.com\/wp-content\/uploads\/2025\/06\/Stereo91-20250608-3-768x432.jpg",640,360,true],"large":["https:\/\/pornuestrolaredo.com\/wp-content\/uploads\/2025\/06\/Stereo91-20250608-3-1000x562.jpg",640,360,true],"1536x1536":["https:\/\/pornuestrolaredo.com\/wp-content\/uploads\/2025\/06\/Stereo91-20250608-3.jpg",1209,680,false],"2048x2048":["https:\/\/pornuestrolaredo.com\/wp-content\/uploads\/2025\/06\/Stereo91-20250608-3.jpg",1209,680,false],"morenews-large":["https:\/\/pornuestrolaredo.com\/wp-content\/uploads\/2025\/06\/Stereo91-20250608-3.jpg",825,464,false],"morenews-medium":["https:\/\/pornuestrolaredo.com\/wp-content\/uploads\/2025\/06\/Stereo91-20250608-3.jpg",590,332,false]},"author_info":{"info":["Redactor"]},"category_info":"<a href=\"https:\/\/pornuestrolaredo.com\/?cat=9\" rel=\"category\">El Mundo<\/a>","tag_info":"El Mundo","comment_count":"0","jetpack_featured_media_url":"https:\/\/pornuestrolaredo.com\/wp-content\/uploads\/2025\/06\/Stereo91-20250608-3.jpg","jetpack_sharing_enabled":true,"_links":{"self":[{"href":"https:\/\/pornuestrolaredo.com\/index.php?rest_route=\/wp\/v2\/posts\/6793","targetHints":{"allow":["GET"]}}],"collection":[{"href":"https:\/\/pornuestrolaredo.com\/index.php?rest_route=\/wp\/v2\/posts"}],"about":[{"href":"https:\/\/pornuestrolaredo.com\/index.php?rest_route=\/wp\/v2\/types\/post"}],"author":[{"embeddable":true,"href":"https:\/\/pornuestrolaredo.com\/index.php?rest_route=\/wp\/v2\/users\/1"}],"replies":[{"embeddable":true,"href":"https:\/\/pornuestrolaredo.com\/index.php?rest_route=%2Fwp%2Fv2%2Fcomments&post=6793"}],"version-history":[{"count":1,"href":"https:\/\/pornuestrolaredo.com\/index.php?rest_route=\/wp\/v2\/posts\/6793\/revisions"}],"predecessor-version":[{"id":6795,"href":"https:\/\/pornuestrolaredo.com\/index.php?rest_route=\/wp\/v2\/posts\/6793\/revisions\/6795"}],"wp:featuredmedia":[{"embeddable":true,"href":"https:\/\/pornuestrolaredo.com\/index.php?rest_route=\/wp\/v2\/media\/6794"}],"wp:attachment":[{"href":"https:\/\/pornuestrolaredo.com\/index.php?rest_route=%2Fwp%2Fv2%2Fmedia&parent=6793"}],"wp:term":[{"taxonomy":"category","embeddable":true,"href":"https:\/\/pornuestrolaredo.com\/index.php?rest_route=%2Fwp%2Fv2%2Fcategories&post=6793"},{"taxonomy":"post_tag","embeddable":true,"href":"https:\/\/pornuestrolaredo.com\/index.php?rest_route=%2Fwp%2Fv2%2Ftags&post=6793"}],"curies":[{"name":"wp","href":"https:\/\/api.w.org\/{rel}","templated":true}]}}