{"id":6798,"date":"2025-06-09T11:32:13","date_gmt":"2025-06-09T16:32:13","guid":{"rendered":"https:\/\/pornuestrolaredo.com\/?p=6798"},"modified":"2025-06-09T11:32:13","modified_gmt":"2025-06-09T16:32:13","slug":"surge-el-primer-huracan-de-la-temporada","status":"publish","type":"post","link":"https:\/\/pornuestrolaredo.com\/?p=6798","title":{"rendered":"Surge el primer hurac\u00e1n de la temporada"},"content":{"rendered":"<p><strong><em>MIAMI.- <\/em><\/strong>La tormenta tropical Barbara se ha fortalecido y se ha convertido en hurac\u00e1n, el primero de la temporada de huracanes del Pac\u00edfico oriental.<\/p>\n<p>El Centro Nacional de Huracanes en Miami indic\u00f3 el lunes que las marejadas generadas por el sistema de tormentas afectar\u00e1n partes de la costa suroeste de M\u00e9xico durante los pr\u00f3ximos d\u00edas. Estas marejadas probablemente causar\u00e1n condiciones de oleaje y peligrosas corrientes de resaca.<\/p>\n<p>El hurac\u00e1n Barbara se encontraba a unos 245 kil\u00f3metros (155 millas) al suroeste de Manzanillo, M\u00e9xico. Sus vientos m\u00e1ximos sostenidos eran de 120 kil\u00f3metros por hora (75 millas por hora). El centro de la tormenta se mov\u00eda hacia el noroeste a 17 km\/h (10 mph).<\/p>\n<p>No hab\u00eda advertencias o alertas costeras en efecto la ma\u00f1ana del lunes. Pero se esperaba que la tormenta trajera fuertes lluvias a las \u00e1reas costeras de los estados de Guerrero, Michoac\u00e1n, Colima y Jalisco, con la posibilidad de inundaciones localizadas.<\/p>\n<p>Otra tormenta tropical, Cosme, se fortaleci\u00f3 ligeramente el lunes pero permanec\u00eda bien alejada de la costa de M\u00e9xico, unos 1.015 kil\u00f3metros (630 millas) al sur-suroeste de la punta de Baja California, sostuvo el centro de huracanes.<\/p>\n<p>A las 2:00 de la ma\u00f1ana hora local, mostraba vientos m\u00e1ximos sostenidos de 80 km\/h (50 mph) y se mov\u00eda hacia el oeste-noroeste a 14 km\/h (9 mph). Se espera que Cosme ronde la fuerza de hurac\u00e1n el lunes antes de virar hacia el noreste y aumentar su velocidad de martes a mi\u00e9rcoles.<\/p>\n","protected":false},"excerpt":{"rendered":"<p>B\u00e1rbara toma fuerza y alcanza vientos de 120 kil\u00f3metros por hora; est\u00e1 a unos 245 kil\u00f3metros al suroeste de Manzanillo<\/p>\n","protected":false},"author":1,"featured_media":6799,"comment_status":"closed","ping_status":"closed","sticky":false,"template":"","format":"standard","meta":{"_crdt_document":"","_jetpack_memberships_contains_paid_content":false,"footnotes":"","jetpack_publicize_message":"","jetpack_publicize_feature_enabled":true,"jetpack_social_post_already_shared":true,"jetpack_social_options":{"image_generator_settings":{"template":"highway","default_image_id":0,"font":"","enabled":false},"version":2},"_wpas_customize_per_network":false},"categories":[33],"tags":[],"class_list":["post-6798","post","type-post","status-publish","format-standard","has-post-thumbnail","hentry","category-mexico"],"magazineBlocksPostFeaturedMedia":{"thumbnail":"https:\/\/pornuestrolaredo.com\/wp-content\/uploads\/2025\/06\/Stereo91-20250609-1-150x150.jpg","medium":"https:\/\/pornuestrolaredo.com\/wp-content\/uploads\/2025\/06\/Stereo91-20250609-1-300x166.jpg","medium_large":"https:\/\/pornuestrolaredo.com\/wp-content\/uploads\/2025\/06\/Stereo91-20250609-1-768x424.jpg","large":"https:\/\/pornuestrolaredo.com\/wp-content\/uploads\/2025\/06\/Stereo91-20250609-1-1000x553.jpg","1536x1536":"https:\/\/pornuestrolaredo.com\/wp-content\/uploads\/2025\/06\/Stereo91-20250609-1.jpg","2048x2048":"https:\/\/pornuestrolaredo.com\/wp-content\/uploads\/2025\/06\/Stereo91-20250609-1.jpg","morenews-large":"https:\/\/pornuestrolaredo.com\/wp-content\/uploads\/2025\/06\/Stereo91-20250609-1.jpg","morenews-medium":"https:\/\/pornuestrolaredo.com\/wp-content\/uploads\/2025\/06\/Stereo91-20250609-1.jpg"},"magazineBlocksPostAuthor":{"name":"Redactor","avatar":"https:\/\/pornuestrolaredo.com\/wp-content\/litespeed\/avatar\/dca1d7ec750c399f025f23b0b314f4cf.jpg?ver=1777612120"},"magazineBlocksPostCommentsNumber":false,"magazineBlocksPostExcerpt":"B\u00e1rbara toma fuerza y alcanza vientos de 120 kil\u00f3metros por hora; est\u00e1 a unos 245 kil\u00f3metros al suroeste de Manzanillo","magazineBlocksPostCategories":["Mexico"],"magazineBlocksPostViewCount":163,"magazineBlocksPostReadTime":2,"magazine_blocks_featured_image_url":{"full":["https:\/\/pornuestrolaredo.com\/wp-content\/uploads\/2025\/06\/Stereo91-20250609-1.jpg",1209,668,false],"medium":["https:\/\/pornuestrolaredo.com\/wp-content\/uploads\/2025\/06\/Stereo91-20250609-1-300x166.jpg",300,166,true],"thumbnail":["https:\/\/pornuestrolaredo.com\/wp-content\/uploads\/2025\/06\/Stereo91-20250609-1-150x150.jpg",150,150,true]},"magazine_blocks_author":{"display_name":"Redactor","author_link":"https:\/\/pornuestrolaredo.com\/?author=1"},"magazine_blocks_comment":0,"magazine_blocks_author_image":"https:\/\/pornuestrolaredo.com\/wp-content\/litespeed\/avatar\/dca1d7ec750c399f025f23b0b314f4cf.jpg?ver=1777612120","magazine_blocks_category":"<a href=\"#\" class=\"category-link category-link-33\">Mexico<\/a>","jetpack_publicize_connections":[],"featured_image_urls":{"full":["https:\/\/pornuestrolaredo.com\/wp-content\/uploads\/2025\/06\/Stereo91-20250609-1.jpg",1209,668,false],"thumbnail":["https:\/\/pornuestrolaredo.com\/wp-content\/uploads\/2025\/06\/Stereo91-20250609-1-150x150.jpg",150,150,true],"medium":["https:\/\/pornuestrolaredo.com\/wp-content\/uploads\/2025\/06\/Stereo91-20250609-1-300x166.jpg",300,166,true],"medium_large":["https:\/\/pornuestrolaredo.com\/wp-content\/uploads\/2025\/06\/Stereo91-20250609-1-768x424.jpg",640,353,true],"large":["https:\/\/pornuestrolaredo.com\/wp-content\/uploads\/2025\/06\/Stereo91-20250609-1-1000x553.jpg",640,354,true],"1536x1536":["https:\/\/pornuestrolaredo.com\/wp-content\/uploads\/2025\/06\/Stereo91-20250609-1.jpg",1209,668,false],"2048x2048":["https:\/\/pornuestrolaredo.com\/wp-content\/uploads\/2025\/06\/Stereo91-20250609-1.jpg",1209,668,false],"morenews-large":["https:\/\/pornuestrolaredo.com\/wp-content\/uploads\/2025\/06\/Stereo91-20250609-1.jpg",825,456,false],"morenews-medium":["https:\/\/pornuestrolaredo.com\/wp-content\/uploads\/2025\/06\/Stereo91-20250609-1.jpg",590,326,false]},"author_info":{"info":["Redactor"]},"category_info":"<a href=\"https:\/\/pornuestrolaredo.com\/?cat=33\" rel=\"category\">Mexico<\/a>","tag_info":"Mexico","comment_count":"0","jetpack_featured_media_url":"https:\/\/pornuestrolaredo.com\/wp-content\/uploads\/2025\/06\/Stereo91-20250609-1.jpg","jetpack_sharing_enabled":true,"_links":{"self":[{"href":"https:\/\/pornuestrolaredo.com\/index.php?rest_route=\/wp\/v2\/posts\/6798","targetHints":{"allow":["GET"]}}],"collection":[{"href":"https:\/\/pornuestrolaredo.com\/index.php?rest_route=\/wp\/v2\/posts"}],"about":[{"href":"https:\/\/pornuestrolaredo.com\/index.php?rest_route=\/wp\/v2\/types\/post"}],"author":[{"embeddable":true,"href":"https:\/\/pornuestrolaredo.com\/index.php?rest_route=\/wp\/v2\/users\/1"}],"replies":[{"embeddable":true,"href":"https:\/\/pornuestrolaredo.com\/index.php?rest_route=%2Fwp%2Fv2%2Fcomments&post=6798"}],"version-history":[{"count":1,"href":"https:\/\/pornuestrolaredo.com\/index.php?rest_route=\/wp\/v2\/posts\/6798\/revisions"}],"predecessor-version":[{"id":6800,"href":"https:\/\/pornuestrolaredo.com\/index.php?rest_route=\/wp\/v2\/posts\/6798\/revisions\/6800"}],"wp:featuredmedia":[{"embeddable":true,"href":"https:\/\/pornuestrolaredo.com\/index.php?rest_route=\/wp\/v2\/media\/6799"}],"wp:attachment":[{"href":"https:\/\/pornuestrolaredo.com\/index.php?rest_route=%2Fwp%2Fv2%2Fmedia&parent=6798"}],"wp:term":[{"taxonomy":"category","embeddable":true,"href":"https:\/\/pornuestrolaredo.com\/index.php?rest_route=%2Fwp%2Fv2%2Fcategories&post=6798"},{"taxonomy":"post_tag","embeddable":true,"href":"https:\/\/pornuestrolaredo.com\/index.php?rest_route=%2Fwp%2Fv2%2Ftags&post=6798"}],"curies":[{"name":"wp","href":"https:\/\/api.w.org\/{rel}","templated":true}]}}