{"id":6801,"date":"2025-06-09T12:13:30","date_gmt":"2025-06-09T17:13:30","guid":{"rendered":"https:\/\/pornuestrolaredo.com\/?p=6801"},"modified":"2025-06-09T12:13:30","modified_gmt":"2025-06-09T17:13:30","slug":"demandara-a-trump-gobernador-de-california","status":"publish","type":"post","link":"https:\/\/pornuestrolaredo.com\/?p=6801","title":{"rendered":"Demandar\u00e1 a Trump gobernador de California"},"content":{"rendered":"<p><strong><em>LOS \u00c1NGELES.-<\/em> <\/strong>El gobernador de California, Gavin Newsom, dijo que planeaba presentar una demanda el lunes contra el presidente Donald Trump en respuesta al extraordinario despliegue de la Guardia Nacional por parte de la administraci\u00f3n para enfrentar a los manifestantes que salieron a las calles en Los \u00c1ngeles.<\/p>\n<blockquote><p>Tomar el control de la Guardia Nacional de un estado sin consultar al gobernador de ese estado es ilegal e inmoral\u201d, afirm\u00f3 a MSNBC Newsom, un dem\u00f3crata.<\/p><\/blockquote>\n<p>Las calles de la extensa ciudad de cuatro millones de personas estaban mayormente tranquilas la ma\u00f1ana del lunes, el d\u00eda despu\u00e9s de que multitudes bloquearan una autopista principal y prendieran fuego a autos aut\u00f3nomos mientras las fuerzas del orden respond\u00edan con gas lacrim\u00f3geno, balas de goma y granadas aturdidoras.<\/p>\n<p>Las protestas del domingo se centraron en varias cuadras del centro y en algunos otros lugares. Fue el tercer y m\u00e1s intenso d\u00eda de manifestaciones contra la represi\u00f3n de inmigraci\u00f3n de Trump en la regi\u00f3n, ya que la llegada de alrededor de 300 tropas de la Guardia gener\u00f3 ira y miedo entre muchos residentes.<\/p>\n<p>Muchos manifestantes se dispersaron al caer la noche y la polic\u00eda declar\u00f3 una asamblea ilegal, un precursor para intervenir y arrestar a quienes no se retiren. Algunos de los que se quedaron lanzaron objetos a la polic\u00eda desde detr\u00e1s de una barrera improvisada. Otros arrojaron trozos de concreto, piedras, patinetas y fuegos artificiales a los agentes de la Patrulla de Carreteras de California y sus veh\u00edculos estacionados en la cerrada autopista 101 en direcci\u00f3n sur. Los uniformados corrieron bajo un paso elevado para cubrirse en un momento.<\/p>\n<p>La Guardia fue desplegada espec\u00edficamente para proteger edificios federales, incluido el centro de detenci\u00f3n donde se concentraron los manifestantes.<\/p>\n<p>El jefe de polic\u00eda de Los \u00c1ngeles, Jim McDonnell, indic\u00f3 que los polic\u00edas estaban \u201cabrumados\u201d por los manifestantes restantes. Se\u00f1al\u00f3 que inclu\u00edan agitadores habituales que se presentan en las manifestaciones para causar problemas.<\/p>\n<p>Docenas de personas fueron arrestadas durante el fin de semana. Una fue detenida el domingo por lanzar un c\u00f3ctel molotov a la polic\u00eda y otra por embestir una motocicleta contra una l\u00ednea de oficiales.<\/p>\n<p>Trump respondi\u00f3 a McDonnell en Truth Social, dici\u00e9ndole que arrestara a los manifestantes con m\u00e1scaras.<\/p>\n<blockquote><p>Se ve muy mal en L.A. \u00a1\u00a1\u00a1TRAIGAN A LAS TROPAS!!!\u201d escribi\u00f3.<\/p><\/blockquote>\n<p>Newsom inst\u00f3 a Trump a rescindir el despliegue de la Guardia en una carta el domingo por la tarde, calific\u00e1ndolo de \u201cgrave violaci\u00f3n de la soberan\u00eda estatal\u201d.<\/p>\n<p>El gobernador, que estaba en Los \u00c1ngeles reuni\u00e9ndose con las fuerzas del orden locales y funcionarios, tambi\u00e9n dijo a los manifestantes que le estaban haciendo el juego a Trump y enfrentar\u00edan arrestos por violencia o destrucci\u00f3n de propiedad.<\/p>\n<blockquote><p>Trump quiere caos y ha instigado la violencia\u201d, expres\u00f3. \u201cMant\u00e9nganse pac\u00edficos. Mant\u00e9nganse enfocados. No le den la excusa que est\u00e1 buscando\u201d.<\/p><\/blockquote>\n<p>El despliegue parec\u00eda ser la primera vez en d\u00e9cadas que la Guardia Nacional de un estado se activaba sin una solicitud de su gobernador, una escalada significativa contra aquellos que han buscado obstaculizar los esfuerzos de deportaci\u00f3n masiva de la administraci\u00f3n.<\/p>\n","protected":false},"excerpt":{"rendered":"<p>El presidente de EU env\u00eda a la Guardia Nacional para tratar de detener las protestas contra las redadas de inmigrantes<\/p>\n","protected":false},"author":1,"featured_media":6802,"comment_status":"closed","ping_status":"closed","sticky":false,"template":"","format":"standard","meta":{"_crdt_document":"","_jetpack_memberships_contains_paid_content":false,"footnotes":"","jetpack_publicize_message":"","jetpack_publicize_feature_enabled":true,"jetpack_social_post_already_shared":true,"jetpack_social_options":{"image_generator_settings":{"template":"highway","default_image_id":0,"font":"","enabled":false},"version":2},"_wpas_customize_per_network":false},"categories":[9],"tags":[],"class_list":["post-6801","post","type-post","status-publish","format-standard","has-post-thumbnail","hentry","category-el-mundo"],"magazineBlocksPostFeaturedMedia":{"thumbnail":"https:\/\/pornuestrolaredo.com\/wp-content\/uploads\/2025\/06\/Stereo91-20250609-4-150x150.jpg","medium":"https:\/\/pornuestrolaredo.com\/wp-content\/uploads\/2025\/06\/Stereo91-20250609-4-300x200.jpg","medium_large":"https:\/\/pornuestrolaredo.com\/wp-content\/uploads\/2025\/06\/Stereo91-20250609-4-768x512.jpg","large":"https:\/\/pornuestrolaredo.com\/wp-content\/uploads\/2025\/06\/Stereo91-20250609-4.jpg","1536x1536":"https:\/\/pornuestrolaredo.com\/wp-content\/uploads\/2025\/06\/Stereo91-20250609-4.jpg","2048x2048":"https:\/\/pornuestrolaredo.com\/wp-content\/uploads\/2025\/06\/Stereo91-20250609-4.jpg","morenews-large":"https:\/\/pornuestrolaredo.com\/wp-content\/uploads\/2025\/06\/Stereo91-20250609-4.jpg","morenews-medium":"https:\/\/pornuestrolaredo.com\/wp-content\/uploads\/2025\/06\/Stereo91-20250609-4.jpg"},"magazineBlocksPostAuthor":{"name":"Redactor","avatar":"https:\/\/pornuestrolaredo.com\/wp-content\/litespeed\/avatar\/dca1d7ec750c399f025f23b0b314f4cf.jpg?ver=1777612120"},"magazineBlocksPostCommentsNumber":false,"magazineBlocksPostExcerpt":"El presidente de EU env\u00eda a la Guardia Nacional para tratar de detener las protestas contra las redadas de inmigrantes","magazineBlocksPostCategories":["El Mundo"],"magazineBlocksPostViewCount":112,"magazineBlocksPostReadTime":3,"magazine_blocks_featured_image_url":{"full":["https:\/\/pornuestrolaredo.com\/wp-content\/uploads\/2025\/06\/Stereo91-20250609-4.jpg",907,605,false],"medium":["https:\/\/pornuestrolaredo.com\/wp-content\/uploads\/2025\/06\/Stereo91-20250609-4-300x200.jpg",300,200,true],"thumbnail":["https:\/\/pornuestrolaredo.com\/wp-content\/uploads\/2025\/06\/Stereo91-20250609-4-150x150.jpg",150,150,true]},"magazine_blocks_author":{"display_name":"Redactor","author_link":"https:\/\/pornuestrolaredo.com\/?author=1"},"magazine_blocks_comment":0,"magazine_blocks_author_image":"https:\/\/pornuestrolaredo.com\/wp-content\/litespeed\/avatar\/dca1d7ec750c399f025f23b0b314f4cf.jpg?ver=1777612120","magazine_blocks_category":"<a href=\"#\" class=\"category-link category-link-9\">El Mundo<\/a>","jetpack_publicize_connections":[],"featured_image_urls":{"full":["https:\/\/pornuestrolaredo.com\/wp-content\/uploads\/2025\/06\/Stereo91-20250609-4.jpg",907,605,false],"thumbnail":["https:\/\/pornuestrolaredo.com\/wp-content\/uploads\/2025\/06\/Stereo91-20250609-4-150x150.jpg",150,150,true],"medium":["https:\/\/pornuestrolaredo.com\/wp-content\/uploads\/2025\/06\/Stereo91-20250609-4-300x200.jpg",300,200,true],"medium_large":["https:\/\/pornuestrolaredo.com\/wp-content\/uploads\/2025\/06\/Stereo91-20250609-4-768x512.jpg",640,427,true],"large":["https:\/\/pornuestrolaredo.com\/wp-content\/uploads\/2025\/06\/Stereo91-20250609-4.jpg",640,427,false],"1536x1536":["https:\/\/pornuestrolaredo.com\/wp-content\/uploads\/2025\/06\/Stereo91-20250609-4.jpg",907,605,false],"2048x2048":["https:\/\/pornuestrolaredo.com\/wp-content\/uploads\/2025\/06\/Stereo91-20250609-4.jpg",907,605,false],"morenews-large":["https:\/\/pornuestrolaredo.com\/wp-content\/uploads\/2025\/06\/Stereo91-20250609-4.jpg",825,550,false],"morenews-medium":["https:\/\/pornuestrolaredo.com\/wp-content\/uploads\/2025\/06\/Stereo91-20250609-4.jpg",590,394,false]},"author_info":{"info":["Redactor"]},"category_info":"<a href=\"https:\/\/pornuestrolaredo.com\/?cat=9\" rel=\"category\">El Mundo<\/a>","tag_info":"El Mundo","comment_count":"0","jetpack_featured_media_url":"https:\/\/pornuestrolaredo.com\/wp-content\/uploads\/2025\/06\/Stereo91-20250609-4.jpg","jetpack_sharing_enabled":true,"_links":{"self":[{"href":"https:\/\/pornuestrolaredo.com\/index.php?rest_route=\/wp\/v2\/posts\/6801","targetHints":{"allow":["GET"]}}],"collection":[{"href":"https:\/\/pornuestrolaredo.com\/index.php?rest_route=\/wp\/v2\/posts"}],"about":[{"href":"https:\/\/pornuestrolaredo.com\/index.php?rest_route=\/wp\/v2\/types\/post"}],"author":[{"embeddable":true,"href":"https:\/\/pornuestrolaredo.com\/index.php?rest_route=\/wp\/v2\/users\/1"}],"replies":[{"embeddable":true,"href":"https:\/\/pornuestrolaredo.com\/index.php?rest_route=%2Fwp%2Fv2%2Fcomments&post=6801"}],"version-history":[{"count":1,"href":"https:\/\/pornuestrolaredo.com\/index.php?rest_route=\/wp\/v2\/posts\/6801\/revisions"}],"predecessor-version":[{"id":6803,"href":"https:\/\/pornuestrolaredo.com\/index.php?rest_route=\/wp\/v2\/posts\/6801\/revisions\/6803"}],"wp:featuredmedia":[{"embeddable":true,"href":"https:\/\/pornuestrolaredo.com\/index.php?rest_route=\/wp\/v2\/media\/6802"}],"wp:attachment":[{"href":"https:\/\/pornuestrolaredo.com\/index.php?rest_route=%2Fwp%2Fv2%2Fmedia&parent=6801"}],"wp:term":[{"taxonomy":"category","embeddable":true,"href":"https:\/\/pornuestrolaredo.com\/index.php?rest_route=%2Fwp%2Fv2%2Fcategories&post=6801"},{"taxonomy":"post_tag","embeddable":true,"href":"https:\/\/pornuestrolaredo.com\/index.php?rest_route=%2Fwp%2Fv2%2Ftags&post=6801"}],"curies":[{"name":"wp","href":"https:\/\/api.w.org\/{rel}","templated":true}]}}