{"id":6804,"date":"2025-06-10T15:28:02","date_gmt":"2025-06-10T20:28:02","guid":{"rendered":"https:\/\/pornuestrolaredo.com\/?p=6804"},"modified":"2025-06-10T15:28:02","modified_gmt":"2025-06-10T20:28:02","slug":"celebrara-nld-su-177-aniversario-con-gran-festejo-familiar","status":"publish","type":"post","link":"https:\/\/pornuestrolaredo.com\/?p=6804","title":{"rendered":"Celebrar\u00e1 NLD su 177 aniversario con gran festejo familiar"},"content":{"rendered":"<p>NUEVO LAREDO.- En el marco de los preparativos para el 177 aniversario de la fundaci\u00f3n de Nuevo Laredo, la alcaldesa Carmen Lilia Canturosas Villarreal destac\u00f3 que la ciudad atraviesa un momento de paz social, estabilidad y dinamismo econ\u00f3mico, lo que ha permitido organizar con \u00e9xito eventos masivos que fortalecen el tejido social y reactivan la econom\u00eda local.<\/p>\n<p>\u201cHoy celebramos en un ambiente de confianza, con la tranquilidad que hemos ido recuperando gracias al trabajo conjunto con el gobernador Am\u00e9rico Villarreal Anaya y el respaldo del Gobierno del Estado; estos festejos son reflejo del momento positivo que vive Nuevo Laredo, una ciudad que avanza y se fortalece d\u00eda a d\u00eda\u201d, expres\u00f3 la presidenta municipal.<\/p>\n<p>Uno de los eventos m\u00e1s esperados es el NLD Fest, un magno concierto gratuito que este a\u00f1o reunir\u00e1 a reconocidos exponentes de la m\u00fasica nacional. El escenario ser\u00e1 testigo del legado del rock mexicano con Alex Lora y El TRI, la popularidad de Edwin Luna y La Trakalosa de Monterrey,  la energ\u00eda de El Gran Silencio y la fuerza del regional norte\u00f1o con La Leyenda. <\/p>\n<p>Tambi\u00e9n podr\u00e1n disfrutar de la tradicional Campechaneada, a partir de las 5:00 de la tarde por la calle Campeche. Este encuentro familiar ofrecer\u00e1 de manera gratuita una discada para m\u00e1s de tres mil personas y m\u00e1s de 400 kilos de pulled pork ahumado, acompa\u00f1ados de m\u00fasica en vivo con Los Selinos, Los Vallenatos de la Cumbia y Steel Angel. <\/p>\n<p>Adem\u00e1s, se contar\u00e1 con la participaci\u00f3n de comerciantes locales, lo que permitir\u00e1 impulsar la econom\u00eda del sector mediante la venta de productos, alimentos y artesan\u00edas.<\/p>\n<p>\u201cEs un cartel que tiene de todo, para todos los gustos, y que refleja el esfuerzo de brindar eventos de calidad a las y los neolaredenses\u201d, afirm\u00f3 la alcaldesa.<\/p>\n<p>Canturosas Villarreal subray\u00f3 que este tipo de celebraciones no solo fomentan el sano esparcimiento, sino que generan una importante derrama econ\u00f3mica en la ciudad, con beneficios visibles para restaurantes, comercios, transporte y hasta ocupaci\u00f3n hotelera. <\/p>\n<p>Destac\u00f3 que como parte de esta era que se vive en la ciudad, la gente vuelve a salir, a organizar convivencias, a reencontrarse como en anta\u00f1o, cuando las familias se daban cita en la Paseo Col\u00f3n para disfrutar de su ciudad.<\/p>\n","protected":false},"excerpt":{"rendered":"<p>La alcaldesa, Carmen Lilia Canturosas Villarreal, invita a la ciudadan\u00eda a disfrutar de conciertos, campechaneada, muestras y paseo familar<\/p>\n","protected":false},"author":1,"featured_media":6805,"comment_status":"closed","ping_status":"closed","sticky":false,"template":"","format":"standard","meta":{"_crdt_document":"","_jetpack_memberships_contains_paid_content":false,"footnotes":"","jetpack_publicize_message":"","jetpack_publicize_feature_enabled":true,"jetpack_social_post_already_shared":true,"jetpack_social_options":{"image_generator_settings":{"template":"highway","default_image_id":0,"font":"","enabled":false},"version":2},"_wpas_customize_per_network":false},"categories":[4],"tags":[],"class_list":["post-6804","post","type-post","status-publish","format-standard","has-post-thumbnail","hentry","category-los-dos-laredos"],"magazineBlocksPostFeaturedMedia":{"thumbnail":"https:\/\/pornuestrolaredo.com\/wp-content\/uploads\/2025\/06\/Stereo91-20250610-3-150x150.jpeg","medium":"https:\/\/pornuestrolaredo.com\/wp-content\/uploads\/2025\/06\/Stereo91-20250610-3-300x200.jpeg","medium_large":"https:\/\/pornuestrolaredo.com\/wp-content\/uploads\/2025\/06\/Stereo91-20250610-3-768x512.jpeg","large":"https:\/\/pornuestrolaredo.com\/wp-content\/uploads\/2025\/06\/Stereo91-20250610-3-1000x667.jpeg","1536x1536":"https:\/\/pornuestrolaredo.com\/wp-content\/uploads\/2025\/06\/Stereo91-20250610-3-1536x1024.jpeg","2048x2048":"https:\/\/pornuestrolaredo.com\/wp-content\/uploads\/2025\/06\/Stereo91-20250610-3.jpeg","morenews-large":"https:\/\/pornuestrolaredo.com\/wp-content\/uploads\/2025\/06\/Stereo91-20250610-3.jpeg","morenews-medium":"https:\/\/pornuestrolaredo.com\/wp-content\/uploads\/2025\/06\/Stereo91-20250610-3.jpeg"},"magazineBlocksPostAuthor":{"name":"Redactor","avatar":"https:\/\/pornuestrolaredo.com\/wp-content\/litespeed\/avatar\/dca1d7ec750c399f025f23b0b314f4cf.jpg?ver=1777612120"},"magazineBlocksPostCommentsNumber":false,"magazineBlocksPostExcerpt":"La alcaldesa, Carmen Lilia Canturosas Villarreal, invita a la ciudadan\u00eda a disfrutar de conciertos, campechaneada, muestras y paseo familar","magazineBlocksPostCategories":["Los dos Laredos"],"magazineBlocksPostViewCount":85,"magazineBlocksPostReadTime":2,"magazine_blocks_featured_image_url":{"full":["https:\/\/pornuestrolaredo.com\/wp-content\/uploads\/2025\/06\/Stereo91-20250610-3.jpeg",1600,1067,false],"medium":["https:\/\/pornuestrolaredo.com\/wp-content\/uploads\/2025\/06\/Stereo91-20250610-3-300x200.jpeg",300,200,true],"thumbnail":["https:\/\/pornuestrolaredo.com\/wp-content\/uploads\/2025\/06\/Stereo91-20250610-3-150x150.jpeg",150,150,true]},"magazine_blocks_author":{"display_name":"Redactor","author_link":"https:\/\/pornuestrolaredo.com\/?author=1"},"magazine_blocks_comment":0,"magazine_blocks_author_image":"https:\/\/pornuestrolaredo.com\/wp-content\/litespeed\/avatar\/dca1d7ec750c399f025f23b0b314f4cf.jpg?ver=1777612120","magazine_blocks_category":"<a href=\"#\" class=\"category-link category-link-4\">Los dos Laredos<\/a>","jetpack_publicize_connections":[],"featured_image_urls":{"full":["https:\/\/pornuestrolaredo.com\/wp-content\/uploads\/2025\/06\/Stereo91-20250610-3.jpeg",1600,1067,false],"thumbnail":["https:\/\/pornuestrolaredo.com\/wp-content\/uploads\/2025\/06\/Stereo91-20250610-3-150x150.jpeg",150,150,true],"medium":["https:\/\/pornuestrolaredo.com\/wp-content\/uploads\/2025\/06\/Stereo91-20250610-3-300x200.jpeg",300,200,true],"medium_large":["https:\/\/pornuestrolaredo.com\/wp-content\/uploads\/2025\/06\/Stereo91-20250610-3-768x512.jpeg",640,427,true],"large":["https:\/\/pornuestrolaredo.com\/wp-content\/uploads\/2025\/06\/Stereo91-20250610-3-1000x667.jpeg",640,427,true],"1536x1536":["https:\/\/pornuestrolaredo.com\/wp-content\/uploads\/2025\/06\/Stereo91-20250610-3-1536x1024.jpeg",1536,1024,true],"2048x2048":["https:\/\/pornuestrolaredo.com\/wp-content\/uploads\/2025\/06\/Stereo91-20250610-3.jpeg",1600,1067,false],"morenews-large":["https:\/\/pornuestrolaredo.com\/wp-content\/uploads\/2025\/06\/Stereo91-20250610-3.jpeg",825,550,false],"morenews-medium":["https:\/\/pornuestrolaredo.com\/wp-content\/uploads\/2025\/06\/Stereo91-20250610-3.jpeg",590,393,false]},"author_info":{"info":["Redactor"]},"category_info":"<a href=\"https:\/\/pornuestrolaredo.com\/?cat=4\" rel=\"category\">Los dos Laredos<\/a>","tag_info":"Los dos Laredos","comment_count":"0","jetpack_featured_media_url":"https:\/\/pornuestrolaredo.com\/wp-content\/uploads\/2025\/06\/Stereo91-20250610-3.jpeg","jetpack_sharing_enabled":true,"_links":{"self":[{"href":"https:\/\/pornuestrolaredo.com\/index.php?rest_route=\/wp\/v2\/posts\/6804","targetHints":{"allow":["GET"]}}],"collection":[{"href":"https:\/\/pornuestrolaredo.com\/index.php?rest_route=\/wp\/v2\/posts"}],"about":[{"href":"https:\/\/pornuestrolaredo.com\/index.php?rest_route=\/wp\/v2\/types\/post"}],"author":[{"embeddable":true,"href":"https:\/\/pornuestrolaredo.com\/index.php?rest_route=\/wp\/v2\/users\/1"}],"replies":[{"embeddable":true,"href":"https:\/\/pornuestrolaredo.com\/index.php?rest_route=%2Fwp%2Fv2%2Fcomments&post=6804"}],"version-history":[{"count":1,"href":"https:\/\/pornuestrolaredo.com\/index.php?rest_route=\/wp\/v2\/posts\/6804\/revisions"}],"predecessor-version":[{"id":6806,"href":"https:\/\/pornuestrolaredo.com\/index.php?rest_route=\/wp\/v2\/posts\/6804\/revisions\/6806"}],"wp:featuredmedia":[{"embeddable":true,"href":"https:\/\/pornuestrolaredo.com\/index.php?rest_route=\/wp\/v2\/media\/6805"}],"wp:attachment":[{"href":"https:\/\/pornuestrolaredo.com\/index.php?rest_route=%2Fwp%2Fv2%2Fmedia&parent=6804"}],"wp:term":[{"taxonomy":"category","embeddable":true,"href":"https:\/\/pornuestrolaredo.com\/index.php?rest_route=%2Fwp%2Fv2%2Fcategories&post=6804"},{"taxonomy":"post_tag","embeddable":true,"href":"https:\/\/pornuestrolaredo.com\/index.php?rest_route=%2Fwp%2Fv2%2Ftags&post=6804"}],"curies":[{"name":"wp","href":"https:\/\/api.w.org\/{rel}","templated":true}]}}