{"id":6808,"date":"2025-06-10T21:53:23","date_gmt":"2025-06-11T02:53:23","guid":{"rendered":"https:\/\/pornuestrolaredo.com\/?p=6808"},"modified":"2025-06-10T21:53:23","modified_gmt":"2025-06-11T02:53:23","slug":"impone-los-angeles-toque-de-queda","status":"publish","type":"post","link":"https:\/\/pornuestrolaredo.com\/?p=6808","title":{"rendered":"Impone Los \u00c1ngeles toque de queda"},"content":{"rendered":"<p><strong><em>LOS \u00c1NGELES.-<\/em><\/strong> La alcaldesa Karen Bass emiti\u00f3 el martes un toque de queda para el centro de Los \u00c1ngeles \u201cpara detener el vandalismo, para detener los saqueos\u201d.<\/p>\n<p>En conferencia de prensa, Bass dijo que hab\u00eda declarado una emergencia local y que el toque de queda se extender\u00e1 desde las 8 p.m. del martes hasta las 6 a.m. del mi\u00e9rcoles.<\/p>\n<blockquote><p>Hemos llegado a un punto de inflexi\u00f3n\u201d despu\u00e9s de que 23 negocios fueran saqueados, coment\u00f3 Bass.<\/p><\/blockquote>\n<p>El toque de queda estar\u00e1 en vigor en una secci\u00f3n de 2,59 kil\u00f3metros cuadrados (1 milla cuadrada) del centro que incluye el \u00e1rea donde han ocurrido protestas desde el viernes. La ciudad de Los \u00c1ngeles abarca aproximadamente 2.295 kil\u00f3metros cuadrados (500 millas cuadradas).<\/p>\n<p>El toque de queda no se aplica a los residentes que viven en el \u00e1rea designada, personas sin hogar, medios de comunicaci\u00f3n acreditados o funcionarios de seguridad p\u00fablica y de emergencias, seg\u00fan el jefe de polic\u00eda de Los \u00c1ngeles, Jim McDonnell.<\/p>\n<p>McDonnell dijo que el \u201ccomportamiento ilegal y peligroso\u201d hab\u00eda estado escalando desde el s\u00e1bado.<\/p>\n<blockquote><p>El toque de queda es una medida necesaria para proteger vidas y salvaguardar la propiedad tras varios d\u00edas consecutivos de creciente agitaci\u00f3n en toda la ciudad\u201d, a\u00f1adi\u00f3 McDonnell.<\/p><\/blockquote>\n<p>Tambi\u00e9n el martes, tropas de la Guardia Nacional comenzaron a brindar protecci\u00f3n a los agentes de inmigraci\u00f3n mientras realizaban arrestos en Los \u00c1ngeles, una expansi\u00f3n de sus deberes que antes se limitaban a proteger propiedades federales. Fotos publicadas el martes por el Servicio de Inmigraci\u00f3n y Control de Aduanas (ICE por sus siglas en ingl\u00e9s) muestran a elementos de la Guardia Nacional custodiando a los agentes mientras \u00e9stos arrestan a personas.<\/p>\n<p>El ICE dijo en un comunicado que las tropas estaban proporcionando seguridad en instalaciones federales y protegiendo a los agentes federales \u201cque est\u00e1n en operaciones policiales diarias\u201d. El cambio acerca a las tropas a participar en acciones policiales como las deportaciones que Trump ha prometido como parte de la batida del gobierno estadounidense contra la inmigraci\u00f3n.<\/p>\n<p>La agencia dijo que los miembros de la Guardia Nacional tambi\u00e9n est\u00e1n proporcionando transporte. La Guardia Nacional tiene la autoridad para detener temporalmente a personas que ataquen a los agentes, pero cualquier arresto finalmente ser\u00eda realizado por las fuerzas policiales. policiales como las deportaciones que Trump ha prometido como parte de la batida del gobierno estadounidense contra la inmigraci\u00f3n.<\/p>\n<p>La agencia dijo que los miembros de la Guardia Nacional tambi\u00e9n est\u00e1n proporcionando transporte. La Guardia Nacional tiene la autoridad para detener temporalmente a personas que ataquen a los agentes, pero cualquier arresto finalmente ser\u00eda realizado por las fuerzas policiales.<\/p>\n","protected":false},"excerpt":{"rendered":"<p>Alcaldesa Karen Bass asegura que es una medida para detener el vandalismo y los saqueos<\/p>\n","protected":false},"author":1,"featured_media":6809,"comment_status":"closed","ping_status":"closed","sticky":false,"template":"","format":"standard","meta":{"_crdt_document":"","_jetpack_memberships_contains_paid_content":false,"footnotes":"","jetpack_publicize_message":"","jetpack_publicize_feature_enabled":true,"jetpack_social_post_already_shared":true,"jetpack_social_options":{"image_generator_settings":{"template":"highway","default_image_id":0,"font":"","enabled":false},"version":2},"_wpas_customize_per_network":false},"categories":[9],"tags":[],"class_list":["post-6808","post","type-post","status-publish","format-standard","has-post-thumbnail","hentry","category-el-mundo"],"magazineBlocksPostFeaturedMedia":{"thumbnail":"https:\/\/pornuestrolaredo.com\/wp-content\/uploads\/2025\/06\/Stereo91-20250610-4-150x150.jpg","medium":"https:\/\/pornuestrolaredo.com\/wp-content\/uploads\/2025\/06\/Stereo91-20250610-4-300x200.jpg","medium_large":"https:\/\/pornuestrolaredo.com\/wp-content\/uploads\/2025\/06\/Stereo91-20250610-4-768x512.jpg","large":"https:\/\/pornuestrolaredo.com\/wp-content\/uploads\/2025\/06\/Stereo91-20250610-4.jpg","1536x1536":"https:\/\/pornuestrolaredo.com\/wp-content\/uploads\/2025\/06\/Stereo91-20250610-4.jpg","2048x2048":"https:\/\/pornuestrolaredo.com\/wp-content\/uploads\/2025\/06\/Stereo91-20250610-4.jpg","morenews-large":"https:\/\/pornuestrolaredo.com\/wp-content\/uploads\/2025\/06\/Stereo91-20250610-4.jpg","morenews-medium":"https:\/\/pornuestrolaredo.com\/wp-content\/uploads\/2025\/06\/Stereo91-20250610-4.jpg"},"magazineBlocksPostAuthor":{"name":"Redactor","avatar":"https:\/\/pornuestrolaredo.com\/wp-content\/litespeed\/avatar\/dca1d7ec750c399f025f23b0b314f4cf.jpg?ver=1777612120"},"magazineBlocksPostCommentsNumber":false,"magazineBlocksPostExcerpt":"Alcaldesa Karen Bass asegura que es una medida para detener el vandalismo y los saqueos","magazineBlocksPostCategories":["El Mundo"],"magazineBlocksPostViewCount":99,"magazineBlocksPostReadTime":3,"magazine_blocks_featured_image_url":{"full":["https:\/\/pornuestrolaredo.com\/wp-content\/uploads\/2025\/06\/Stereo91-20250610-4.jpg",980,653,false],"medium":["https:\/\/pornuestrolaredo.com\/wp-content\/uploads\/2025\/06\/Stereo91-20250610-4-300x200.jpg",300,200,true],"thumbnail":["https:\/\/pornuestrolaredo.com\/wp-content\/uploads\/2025\/06\/Stereo91-20250610-4-150x150.jpg",150,150,true]},"magazine_blocks_author":{"display_name":"Redactor","author_link":"https:\/\/pornuestrolaredo.com\/?author=1"},"magazine_blocks_comment":0,"magazine_blocks_author_image":"https:\/\/pornuestrolaredo.com\/wp-content\/litespeed\/avatar\/dca1d7ec750c399f025f23b0b314f4cf.jpg?ver=1777612120","magazine_blocks_category":"<a href=\"#\" class=\"category-link category-link-9\">El Mundo<\/a>","jetpack_publicize_connections":[],"featured_image_urls":{"full":["https:\/\/pornuestrolaredo.com\/wp-content\/uploads\/2025\/06\/Stereo91-20250610-4.jpg",980,653,false],"thumbnail":["https:\/\/pornuestrolaredo.com\/wp-content\/uploads\/2025\/06\/Stereo91-20250610-4-150x150.jpg",150,150,true],"medium":["https:\/\/pornuestrolaredo.com\/wp-content\/uploads\/2025\/06\/Stereo91-20250610-4-300x200.jpg",300,200,true],"medium_large":["https:\/\/pornuestrolaredo.com\/wp-content\/uploads\/2025\/06\/Stereo91-20250610-4-768x512.jpg",640,427,true],"large":["https:\/\/pornuestrolaredo.com\/wp-content\/uploads\/2025\/06\/Stereo91-20250610-4.jpg",640,426,false],"1536x1536":["https:\/\/pornuestrolaredo.com\/wp-content\/uploads\/2025\/06\/Stereo91-20250610-4.jpg",980,653,false],"2048x2048":["https:\/\/pornuestrolaredo.com\/wp-content\/uploads\/2025\/06\/Stereo91-20250610-4.jpg",980,653,false],"morenews-large":["https:\/\/pornuestrolaredo.com\/wp-content\/uploads\/2025\/06\/Stereo91-20250610-4.jpg",825,550,false],"morenews-medium":["https:\/\/pornuestrolaredo.com\/wp-content\/uploads\/2025\/06\/Stereo91-20250610-4.jpg",590,393,false]},"author_info":{"info":["Redactor"]},"category_info":"<a href=\"https:\/\/pornuestrolaredo.com\/?cat=9\" rel=\"category\">El Mundo<\/a>","tag_info":"El Mundo","comment_count":"0","jetpack_featured_media_url":"https:\/\/pornuestrolaredo.com\/wp-content\/uploads\/2025\/06\/Stereo91-20250610-4.jpg","jetpack_sharing_enabled":true,"_links":{"self":[{"href":"https:\/\/pornuestrolaredo.com\/index.php?rest_route=\/wp\/v2\/posts\/6808","targetHints":{"allow":["GET"]}}],"collection":[{"href":"https:\/\/pornuestrolaredo.com\/index.php?rest_route=\/wp\/v2\/posts"}],"about":[{"href":"https:\/\/pornuestrolaredo.com\/index.php?rest_route=\/wp\/v2\/types\/post"}],"author":[{"embeddable":true,"href":"https:\/\/pornuestrolaredo.com\/index.php?rest_route=\/wp\/v2\/users\/1"}],"replies":[{"embeddable":true,"href":"https:\/\/pornuestrolaredo.com\/index.php?rest_route=%2Fwp%2Fv2%2Fcomments&post=6808"}],"version-history":[{"count":1,"href":"https:\/\/pornuestrolaredo.com\/index.php?rest_route=\/wp\/v2\/posts\/6808\/revisions"}],"predecessor-version":[{"id":6810,"href":"https:\/\/pornuestrolaredo.com\/index.php?rest_route=\/wp\/v2\/posts\/6808\/revisions\/6810"}],"wp:featuredmedia":[{"embeddable":true,"href":"https:\/\/pornuestrolaredo.com\/index.php?rest_route=\/wp\/v2\/media\/6809"}],"wp:attachment":[{"href":"https:\/\/pornuestrolaredo.com\/index.php?rest_route=%2Fwp%2Fv2%2Fmedia&parent=6808"}],"wp:term":[{"taxonomy":"category","embeddable":true,"href":"https:\/\/pornuestrolaredo.com\/index.php?rest_route=%2Fwp%2Fv2%2Fcategories&post=6808"},{"taxonomy":"post_tag","embeddable":true,"href":"https:\/\/pornuestrolaredo.com\/index.php?rest_route=%2Fwp%2Fv2%2Ftags&post=6808"}],"curies":[{"name":"wp","href":"https:\/\/api.w.org\/{rel}","templated":true}]}}