{"id":6811,"date":"2025-06-10T22:16:26","date_gmt":"2025-06-11T03:16:26","guid":{"rendered":"https:\/\/pornuestrolaredo.com\/?p=6811"},"modified":"2025-06-10T22:16:26","modified_gmt":"2025-06-11T03:16:26","slug":"se-extienden-las-protestas-por-todo-eu","status":"publish","type":"post","link":"https:\/\/pornuestrolaredo.com\/?p=6811","title":{"rendered":"Se extienden las protestas por todo EU"},"content":{"rendered":"<p><strong>AUSTIN, Texas. \u2014<\/strong> Las protestas que surgieron en Los \u00c1ngeles por las redadas de control migratorio y que llevaron al presidente estadounidense Donald Trump a movilizar a los soldados de la Guardia Nacional y los marines han comenzado a extenderse por todo el pa\u00eds, y se planean m\u00e1s para el fin de semana.<\/p>\n<p>Desde Seattle y Austin hasta Chicago y Washington D.C., los manifestantes han coreado consignas, mostrado pancartas contra el Servicio de Inmigraci\u00f3n y Control de Aduanas (ICE, por sus siglas en ingl\u00e9s) y causado embotellamientos en avenidas del centro de distintas ciudades y frente a oficinas federales. Aunque muchas fueron pac\u00edficas, en algunas se han producido enfrentamientos con las fuerzas del orden, y los agentes realizaron arrestos y usaron irritantes qu\u00edmicos para dispersar a las multitudes.<\/p>\n<p>Los activistas planean realizar manifestaciones de mayor magnitud en los pr\u00f3ximos d\u00edas, en eventos llamados \u201cNo Kings\u201d (\u201cSin reyes\u201d) que se llevar\u00e1n a cabo el s\u00e1bado en todo el pa\u00eds para coincidir con el desfile militar que plane\u00f3 Trump en la capital del pa\u00eds.<\/p>\n<p>El gobierno de Trump dijo que continuar\u00eda con su programa de redadas y deportaciones a pesar de las protestas. La secretaria de Seguridad Nacional, Kristi Noem, public\u00f3 el martes en redes sociales: \u201cEl ICE continuar\u00e1 haciendo cumplir la ley\u201d.<\/p>\n<p>Este es un vistazo a las protestas que surgen en todo el pa\u00eds:<\/p>\n<p><strong>SAN FRANCISCO<\/strong><\/p>\n<p>Unos 200 manifestantes se reunieron el martes frente al tribunal de inmigraci\u00f3n de San Francisco despu\u00e9s de que activistas informaron que se hab\u00edan realizado arrestos all\u00ed.<\/p>\n<p>Esa congregaci\u00f3n se produjo despu\u00e9s de que las protestas del domingo y lunes crecieran hasta alcanzar los miles de manifestantes y resultaron en m\u00e1s de 150 arrestos con brotes de violencia que incluyeron edificios vandalizados y veh\u00edculos da\u00f1ados, incluidos autos de polic\u00eda y autobuses. La polic\u00eda dijo que dos agentes sufrieron heridas que no ponen en peligro la vida.<\/p>\n<p>La mayor\u00eda de los arrestos ocurrieron el domingo por la noche.<\/p>\n<blockquote><p>Las personas siempre son libres de ejercer sus derechos de la Primera Enmienda en San Francisco, pero la violencia, especialmente contra los agentes del DPSF, nunca ser\u00e1 tolerada\u201d, public\u00f3 el Departamento de Polic\u00eda de San Francisco en redes sociales, utilizando sus siglas.<\/p><\/blockquote>\n<p>La polic\u00eda describi\u00f3 la marcha del lunes como \u201cabrumadoramente pac\u00edfica\u201d, pero dijo que \u201cdos peque\u00f1os grupos se separaron y cometieron actos de vandalismo y otros actos criminales\u201d. Varias personas fueron detenidas, dijo la polic\u00eda.<\/p>\n<p><strong>SEATTLE<\/strong><\/p>\n<p>Unas 50 personas se reunieron el martes frente a un tribunal de inmigraci\u00f3n en el centro de Seattle, coreando consignas al ritmo de los tambores y levantando carteles que dec\u00edan \u201cLib\u00e9renlos a Todos, Eliminen al ICE\u201d y \u201cNo a las Deportaciones\u201d. Los manifestantes comenzaron a colocar patinetes frente a las entradas del edificio antes de que llegara la polic\u00eda.<\/p>\n<p>Mathieu Chabaud, de Estudiantes por una Sociedad Democr\u00e1tica de la Universidad de Washington, dijo que estaban all\u00ed en solidaridad con los manifestantes en Los \u00c1ngeles, \u201cy para mostrar que nos oponemos al ICE en nuestra comunidad\u201d.<\/p>\n<p>Se impidi\u00f3 que los defensores legales que normalmente asisten a las audiencias del tribunal de inmigraci\u00f3n como observadores y para brindar apoyo a los inmigrantes entraran al edificio. Los guardias de seguridad tambi\u00e9n rechazaron a los medios. Normalmente, las audiencias est\u00e1n abiertas al p\u00fablico.<\/p>\n<p><strong>NUEVA YORK<\/strong><\/p>\n<p>Una multitud se reuni\u00f3 el martes por la noche en el lado sur de Manhattan para protestar contra las deportaciones y la pol\u00edtica de inmigraci\u00f3n del gobierno federal.<\/p>\n<p>Los manifestantes se congregaron frente a dos edificios federales que albergan tribunales de inmigraci\u00f3n y comenzaron a marchar ante una fuerte presencia policial.<\/p>\n<p>Algunos asistentes llevaban carteles que dec\u00edan \u201cICE fuera de Nueva York\u201d y otros coreaban \u201c\u00bfPor qu\u00e9 est\u00e1n en equipo antidisturbios? No veo disturbios aqu\u00ed\u201d.<\/p>\n<p>La polic\u00eda de Nueva York dijo que varias personas fueron detenidas. De momento no hab\u00edan presentado cargos.<\/p>\n<p><strong>CHICAGO<\/strong><\/p>\n<p>En Chicago, una peque\u00f1a multitud se reuni\u00f3 el martes frente al tribunal de inmigraci\u00f3n en el centro y pidi\u00f3 el fin de las redadas de inmigraci\u00f3n del gobierno de Trump y la presencia militar en California.<\/p>\n<blockquote><p>Con la militarizaci\u00f3n de Los \u00c1ngeles, es hora de salir y hacerle saber a Trump que esto es inaceptable\u201d, dijo el jubilado Gary Snyderman. \u201cTodo esto es tan inconstitucional\u201d.<\/p><\/blockquote>\n<p>El grupo luego march\u00f3 por las calles del centro tocando tambores y coreando: \u201c\u00a1No m\u00e1s deportaciones!\u201d<\/p>\n<p>Por la noche, la manifestaci\u00f3n creci\u00f3 hasta alcanzar al menos mil participantes y se mantuvo relativamente pac\u00edfica<\/p>\n<p><strong>DENVER<\/strong><\/p>\n<p>Un grupo de manifestantes se reuni\u00f3 frente al Capitolio estatal, creando un mar de pancartas, incluida una que dec\u00eda: \u201cMuestren las caras. Cobardes del ICE\u201d.<\/p>\n<p>El grupo, inspirado por las recientes protestas en Los \u00c1ngeles, se dividi\u00f3 y march\u00f3 por dos v\u00edas diferentes, bloqueando el tr\u00e1fico.<\/p>\n<p>Inicialmente no se vio una presencia policial significativa, pero algunos agentes comenzaron a bloquear una calle detr\u00e1s de los manifestantes.<\/p>\n<p><strong>SANTA ANA<\/strong><\/p>\n<p>En Santa Ana, cerca de Los \u00c1ngeles, veh\u00edculos blindados bloquearon el martes por la ma\u00f1ana la carretera que conduce al Centro C\u00edvico, donde tienen sus oficinas los agentes federales de inmigraci\u00f3n y numerosas agencias de la ciudad y el condado.<\/p>\n<p>Los trabajadores recog\u00edan botellas de pl\u00e1stico y vidrios rotos de las manifestaciones del lunes. Peque\u00f1os fragmentos de vidrio rojo, negro y p\u00farpura cubr\u00edan el pavimento. Los edificios cercanos y la acera estaban marcados con grafitis obscenos contra el ICE y con el nombre de Trump tachado.<\/p>\n<p>Un trabajador pintaba sobre los grafitis en una pared para cubrirlos. Agentes de la Guardia Nacional con uniformes de combate y rifles imped\u00edan que las personas ingresaran al \u00e1rea a menos que trabajaran all\u00ed.<\/p>\n<p>Mientras un peque\u00f1o grupo continuaba su manifestaci\u00f3n el martes, varios contramanifestantes se presentaron. Un hombre llevaba una camiseta roja y una gorra de \u201cMake America Great Again\u201d (Hagamos grande a Estados Unidos otra vez) mientras intercambiaba palabras con la multitud que se opon\u00eda a las redadas.<\/p>\n<p><strong>AUSTIN<\/strong><\/p>\n<p>Cuatro polic\u00edas de Austin resultaron heridos el lunes por la noche y las autoridades usaron irritantes qu\u00edmicos para dispersar a una multitud de varios cientos de manifestantes que marcharon entre el Capitolio estatal y un edificio federal que alberga una oficina del ICE. Las autoridades estatales hab\u00edan cerrado el Capitolio al p\u00fablico una hora antes, en anticipaci\u00f3n a la protesta.<\/p>\n<p>La polic\u00eda de Austin us\u00f3 bolas de gas pimienta y la polic\u00eda estatal lanz\u00f3 gas lacrim\u00f3geno cuando los manifestantes intentaron pintar graffitis en el edificio federal. Tambi\u00e9n comenzaron a lanzar piedras, botellas y otros objetos contra una barricada policial, dijo la jefa de polic\u00eda de Austin, Lisa Davis. Tres agentes resultaron heridos por piedras \u201cmuy grandes\u201d y otro se lastim\u00f3 un hombro mientras realizaba un arresto, indic\u00f3.<\/p>\n<p>La polic\u00eda de Austin arrest\u00f3 a ocho personas, y la polic\u00eda estatal detuvo a otras cinco. Davis a\u00f1adi\u00f3 que su departamento est\u00e1 preparado para la protesta que est\u00e1 programada a realizarse el s\u00e1bado en el centro.<\/p>\n<blockquote><p>Apoyamos la protesta pac\u00edfica\u201d, dijo Davis. \u201cCuando esa protesta se vuelve violenta, cuando se convierte en lanzar piedras y botellas&#8230; Eso no ser\u00e1 tolerado. Se realizar\u00e1n arrestos\u201d.<\/p><\/blockquote>\n<p><strong>DALLAS<\/strong><\/p>\n<p>Una protesta que convoc\u00f3 a cientos de manifestantes en un puente de la ciudad se extendi\u00f3 durante varias horas la noche del lunes hasta que la polic\u00eda de Dallas declar\u00f3 que era una \u201casamblea ilegal\u201d y advirti\u00f3 a la multitud que deb\u00eda retirarse o enfrentar un posible arresto.<\/p>\n<p>En un principio, la polic\u00eda de Dallas public\u00f3 en redes sociales que los agentes no interferir\u00edan con una \u201casamblea legal y pac\u00edfica de individuos o grupos que expresan sus derechos consagrados en la Primera Enmienda\u201d. Pero los agentes intervinieron y los medios de comunicaci\u00f3n locales informaron haber visto a algunos miembros de la multitud que lanzaron objetos mientras los polic\u00edas usaban gas pimienta y humo para despejar el \u00e1rea. Al menos una persona fue arrestada.<\/p>\n<blockquote><p>Protestar pac\u00edficamente es legal\u201d, public\u00f3 en la red social X el gobernador republicano de Texas, Greg Abbott. \u201cPero una vez que cruzas la l\u00ednea, ser\u00e1s arrestado\u201d.<\/p><\/blockquote>\n<p><strong>BOSTON<\/strong><\/p>\n<p>Cientos de personas se reunieron el lunes en la Plaza del Ayuntamiento de Boston para protestar por la detenci\u00f3n del l\u00edder sindical David Huerta el viernes durante las redadas de inmigraci\u00f3n en Los \u00c1ngeles.<\/p>\n<p>Los manifestantes llevaban carteles que dec\u00edan \u201cMassachusetts apoya a nuestros vecinos en Los \u00c1ngeles\u201d y \u201cProtejan a nuestros vecinos inmigrantes\u201d, y gritaban \u201cVienen por uno, vienen por todos\u201d y \u201cLiberen a David, lib\u00e9renlos a todos\u201d.<\/p>\n<p>Huerta, presidente del Sindicato Internacional de Empleados de Servicios de California, fue liberado de la custodia federal m\u00e1s tarde el lunes con una fianza de 50 mil d\u00f3lares.<\/p>\n<blockquote><p>Un inmigrante no se interpone entre un trabajador estadounidense y un buen trabajo, un multimillonario s\u00ed\u201d, dijo Chrissy Lynch, presidenta de la AFL-CIO de Massachusetts.<\/p><\/blockquote>\n<p><strong>WASHINGTON D.C.<\/strong><\/p>\n<p>Varios sindicatos se reunieron el lunes en Washington para protestar por las redadas y exigir la liberaci\u00f3n de Huerta, y marcharon frente al edificio del Departamento de Justicia.<\/p>\n<p>Entre los manifestantes se encontraba la representante estadounidense Pramila Jayapal, una dem\u00f3crata del estado de Washington.<\/p>\n<blockquote><p>Basta de estas redadas masivas del ICE que est\u00e1n atrapando a personas inocentes\u201d, dijo Jayapal. \u201cMientras vemos a personas ejerciendo sus derechos constitucionales para usar pac\u00edficamente sus voces y hablar en contra de esta injusticia, se enfrentan a gases lacrim\u00f3genos y balas de goma\u201d.<\/p><\/blockquote>\n","protected":false},"excerpt":{"rendered":"<p>\u2018Contagia\u2019 los \u00c1ngeles las manifestaciones contra la campa\u00f1a para expulsar a los inmigrantes<\/p>\n","protected":false},"author":1,"featured_media":6812,"comment_status":"closed","ping_status":"closed","sticky":false,"template":"","format":"standard","meta":{"_crdt_document":"","_jetpack_memberships_contains_paid_content":false,"footnotes":"","jetpack_publicize_message":"","jetpack_publicize_feature_enabled":true,"jetpack_social_post_already_shared":true,"jetpack_social_options":{"image_generator_settings":{"template":"highway","default_image_id":0,"font":"","enabled":false},"version":2},"_wpas_customize_per_network":false},"categories":[9],"tags":[],"class_list":["post-6811","post","type-post","status-publish","format-standard","has-post-thumbnail","hentry","category-el-mundo"],"magazineBlocksPostFeaturedMedia":{"thumbnail":"https:\/\/pornuestrolaredo.com\/wp-content\/uploads\/2025\/06\/Stereo91-20250610-5-150x150.jpg","medium":"https:\/\/pornuestrolaredo.com\/wp-content\/uploads\/2025\/06\/Stereo91-20250610-5-300x200.jpg","medium_large":"https:\/\/pornuestrolaredo.com\/wp-content\/uploads\/2025\/06\/Stereo91-20250610-5-768x512.jpg","large":"https:\/\/pornuestrolaredo.com\/wp-content\/uploads\/2025\/06\/Stereo91-20250610-5.jpg","1536x1536":"https:\/\/pornuestrolaredo.com\/wp-content\/uploads\/2025\/06\/Stereo91-20250610-5.jpg","2048x2048":"https:\/\/pornuestrolaredo.com\/wp-content\/uploads\/2025\/06\/Stereo91-20250610-5.jpg","morenews-large":"https:\/\/pornuestrolaredo.com\/wp-content\/uploads\/2025\/06\/Stereo91-20250610-5.jpg","morenews-medium":"https:\/\/pornuestrolaredo.com\/wp-content\/uploads\/2025\/06\/Stereo91-20250610-5.jpg"},"magazineBlocksPostAuthor":{"name":"Redactor","avatar":"https:\/\/pornuestrolaredo.com\/wp-content\/litespeed\/avatar\/dca1d7ec750c399f025f23b0b314f4cf.jpg?ver=1777612120"},"magazineBlocksPostCommentsNumber":false,"magazineBlocksPostExcerpt":"\u2018Contagia\u2019 los \u00c1ngeles las manifestaciones contra la campa\u00f1a para expulsar a los inmigrantes","magazineBlocksPostCategories":["El Mundo"],"magazineBlocksPostViewCount":119,"magazineBlocksPostReadTime":9,"magazine_blocks_featured_image_url":{"full":["https:\/\/pornuestrolaredo.com\/wp-content\/uploads\/2025\/06\/Stereo91-20250610-5.jpg",980,653,false],"medium":["https:\/\/pornuestrolaredo.com\/wp-content\/uploads\/2025\/06\/Stereo91-20250610-5-300x200.jpg",300,200,true],"thumbnail":["https:\/\/pornuestrolaredo.com\/wp-content\/uploads\/2025\/06\/Stereo91-20250610-5-150x150.jpg",150,150,true]},"magazine_blocks_author":{"display_name":"Redactor","author_link":"https:\/\/pornuestrolaredo.com\/?author=1"},"magazine_blocks_comment":0,"magazine_blocks_author_image":"https:\/\/pornuestrolaredo.com\/wp-content\/litespeed\/avatar\/dca1d7ec750c399f025f23b0b314f4cf.jpg?ver=1777612120","magazine_blocks_category":"<a href=\"#\" class=\"category-link category-link-9\">El Mundo<\/a>","jetpack_publicize_connections":[],"featured_image_urls":{"full":["https:\/\/pornuestrolaredo.com\/wp-content\/uploads\/2025\/06\/Stereo91-20250610-5.jpg",980,653,false],"thumbnail":["https:\/\/pornuestrolaredo.com\/wp-content\/uploads\/2025\/06\/Stereo91-20250610-5-150x150.jpg",150,150,true],"medium":["https:\/\/pornuestrolaredo.com\/wp-content\/uploads\/2025\/06\/Stereo91-20250610-5-300x200.jpg",300,200,true],"medium_large":["https:\/\/pornuestrolaredo.com\/wp-content\/uploads\/2025\/06\/Stereo91-20250610-5-768x512.jpg",640,427,true],"large":["https:\/\/pornuestrolaredo.com\/wp-content\/uploads\/2025\/06\/Stereo91-20250610-5.jpg",640,426,false],"1536x1536":["https:\/\/pornuestrolaredo.com\/wp-content\/uploads\/2025\/06\/Stereo91-20250610-5.jpg",980,653,false],"2048x2048":["https:\/\/pornuestrolaredo.com\/wp-content\/uploads\/2025\/06\/Stereo91-20250610-5.jpg",980,653,false],"morenews-large":["https:\/\/pornuestrolaredo.com\/wp-content\/uploads\/2025\/06\/Stereo91-20250610-5.jpg",825,550,false],"morenews-medium":["https:\/\/pornuestrolaredo.com\/wp-content\/uploads\/2025\/06\/Stereo91-20250610-5.jpg",590,393,false]},"author_info":{"info":["Redactor"]},"category_info":"<a href=\"https:\/\/pornuestrolaredo.com\/?cat=9\" rel=\"category\">El Mundo<\/a>","tag_info":"El Mundo","comment_count":"0","jetpack_featured_media_url":"https:\/\/pornuestrolaredo.com\/wp-content\/uploads\/2025\/06\/Stereo91-20250610-5.jpg","jetpack_sharing_enabled":true,"_links":{"self":[{"href":"https:\/\/pornuestrolaredo.com\/index.php?rest_route=\/wp\/v2\/posts\/6811","targetHints":{"allow":["GET"]}}],"collection":[{"href":"https:\/\/pornuestrolaredo.com\/index.php?rest_route=\/wp\/v2\/posts"}],"about":[{"href":"https:\/\/pornuestrolaredo.com\/index.php?rest_route=\/wp\/v2\/types\/post"}],"author":[{"embeddable":true,"href":"https:\/\/pornuestrolaredo.com\/index.php?rest_route=\/wp\/v2\/users\/1"}],"replies":[{"embeddable":true,"href":"https:\/\/pornuestrolaredo.com\/index.php?rest_route=%2Fwp%2Fv2%2Fcomments&post=6811"}],"version-history":[{"count":1,"href":"https:\/\/pornuestrolaredo.com\/index.php?rest_route=\/wp\/v2\/posts\/6811\/revisions"}],"predecessor-version":[{"id":6813,"href":"https:\/\/pornuestrolaredo.com\/index.php?rest_route=\/wp\/v2\/posts\/6811\/revisions\/6813"}],"wp:featuredmedia":[{"embeddable":true,"href":"https:\/\/pornuestrolaredo.com\/index.php?rest_route=\/wp\/v2\/media\/6812"}],"wp:attachment":[{"href":"https:\/\/pornuestrolaredo.com\/index.php?rest_route=%2Fwp%2Fv2%2Fmedia&parent=6811"}],"wp:term":[{"taxonomy":"category","embeddable":true,"href":"https:\/\/pornuestrolaredo.com\/index.php?rest_route=%2Fwp%2Fv2%2Fcategories&post=6811"},{"taxonomy":"post_tag","embeddable":true,"href":"https:\/\/pornuestrolaredo.com\/index.php?rest_route=%2Fwp%2Fv2%2Ftags&post=6811"}],"curies":[{"name":"wp","href":"https:\/\/api.w.org\/{rel}","templated":true}]}}