{"id":6865,"date":"2025-06-13T15:30:06","date_gmt":"2025-06-13T20:30:06","guid":{"rendered":"https:\/\/pornuestrolaredo.com\/?p=6865"},"modified":"2025-06-13T15:30:06","modified_gmt":"2025-06-13T20:30:06","slug":"celebra-sheinbaum-que-trump-reconozca-a-inmigrantes","status":"publish","type":"post","link":"https:\/\/pornuestrolaredo.com\/?p=6865","title":{"rendered":"Celebra Sheinbaum que Trump reconozca a inmigrantes"},"content":{"rendered":"<p><strong>CIUDAD DE M\u00c9XICO.-<\/strong> La presidenta mexicana Claudia Sheinbaum celebr\u00f3 el viernes que su par estadounidense Donald Trump haya reconocido la contribuci\u00f3n de los migrantes latinos a la econom\u00eda de Estados Unidos y anunci\u00f3 que ese ser\u00e1 uno de los temas que abordar\u00e1 en el primer encuentro que mantendr\u00e1n la pr\u00f3xima semana en el marco de la cumbre del G7.<\/p>\n<p>Trump afirm\u00f3 la v\u00edspera en su red social que grandes agricultores y hoteleros se han quejado de su \u201cagresiva\u201d pol\u00edtica migratoria, que est\u00e1 alejando a buenos trabajadores.<\/p>\n<blockquote><p>No tienen nada que ver con criminales, sino son personas y mujeres de bien\u201d, dijo Sheinbaum en su conferencia matutina.<\/p><\/blockquote>\n<p>Sheinbaum hizo un nuevo llamado a los mexicanos a no caer en provocaciones ni realizar acciones violentas en Estados Unidos y manifest\u00f3 dudas sobre la imagen que se viraliz\u00f3 en las redes sociales de una persona con una bandera mexicana sobre una patrulla incendiada.<\/p>\n<blockquote><p>Tiene toda la pinta de ser una provocaci\u00f3n\u201d, se\u00f1al\u00f3 la presidenta al plantear que con esa imagen \u201cse quiere promover que los mexicanos en Estados Unidos son violentos\u201d y la consider\u00f3 como \u201cun montaje\u201d, pero no abund\u00f3 sobre el tema. Adelant\u00f3 que M\u00e9xico pedir\u00e1 a las autoridades estadounidenses informaci\u00f3n sobre esa imagen.<\/p><\/blockquote>\n<p>Esta semana Sheinbaum tuvo un cruce con la secretaria de Seguridad Nacional estadounidense Kristi Noem, quien se\u00f1al\u00f3 a la mandataria mexicana de alentar las violentas protestas en Los \u00c1ngeles, lo que la presidenta neg\u00f3 de manera enf\u00e1tica.<\/p>\n<p>Sheinbaum ratific\u00f3 que es muy probable que se re\u00fana con Trump en la cumbre de G7, que se realizar\u00e1 entre el 15 y 17 de junio en la ciudad canadiense de Alberta, donde abordar\u00e1 temas de seguridad, migraci\u00f3n y comercio.<\/p>\n<blockquote><p>Lo m\u00e1s importante es que nos conviene a los dos no tener problemas en relaci\u00f3n con el comercio, el cuidado de los mexicanos en Estados Unidos, la importancia de que no haya impuestos en los aranceles\u201d, sostuvo.<\/p><\/blockquote>\n","protected":false},"excerpt":{"rendered":"<p>El presidente estadounidense confirma que se han quejado de su \u2018agresiva\u2019 pol\u00edtica migratoria, que est\u00e1 alejando a buenos trabajadores<\/p>\n","protected":false},"author":1,"featured_media":6866,"comment_status":"closed","ping_status":"closed","sticky":false,"template":"","format":"standard","meta":{"_crdt_document":"","_jetpack_memberships_contains_paid_content":false,"footnotes":"","jetpack_publicize_message":"","jetpack_publicize_feature_enabled":true,"jetpack_social_post_already_shared":true,"jetpack_social_options":{"image_generator_settings":{"template":"highway","default_image_id":0,"font":"","enabled":false},"version":2},"_wpas_customize_per_network":false},"categories":[33],"tags":[],"class_list":["post-6865","post","type-post","status-publish","format-standard","has-post-thumbnail","hentry","category-mexico"],"magazineBlocksPostFeaturedMedia":{"thumbnail":"https:\/\/pornuestrolaredo.com\/wp-content\/uploads\/2025\/06\/Stereo91-20250612-4-150x150.jpg","medium":"https:\/\/pornuestrolaredo.com\/wp-content\/uploads\/2025\/06\/Stereo91-20250612-4-300x200.jpg","medium_large":"https:\/\/pornuestrolaredo.com\/wp-content\/uploads\/2025\/06\/Stereo91-20250612-4-768x512.jpg","large":"https:\/\/pornuestrolaredo.com\/wp-content\/uploads\/2025\/06\/Stereo91-20250612-4-1000x667.jpg","1536x1536":"https:\/\/pornuestrolaredo.com\/wp-content\/uploads\/2025\/06\/Stereo91-20250612-4.jpg","2048x2048":"https:\/\/pornuestrolaredo.com\/wp-content\/uploads\/2025\/06\/Stereo91-20250612-4.jpg","morenews-large":"https:\/\/pornuestrolaredo.com\/wp-content\/uploads\/2025\/06\/Stereo91-20250612-4.jpg","morenews-medium":"https:\/\/pornuestrolaredo.com\/wp-content\/uploads\/2025\/06\/Stereo91-20250612-4.jpg"},"magazineBlocksPostAuthor":{"name":"Redactor","avatar":"https:\/\/pornuestrolaredo.com\/wp-content\/litespeed\/avatar\/dca1d7ec750c399f025f23b0b314f4cf.jpg?ver=1777612120"},"magazineBlocksPostCommentsNumber":false,"magazineBlocksPostExcerpt":"El presidente estadounidense confirma que se han quejado de su \u2018agresiva\u2019 pol\u00edtica migratoria, que est\u00e1 alejando a buenos trabajadores","magazineBlocksPostCategories":["Mexico"],"magazineBlocksPostViewCount":125,"magazineBlocksPostReadTime":2,"magazine_blocks_featured_image_url":{"full":["https:\/\/pornuestrolaredo.com\/wp-content\/uploads\/2025\/06\/Stereo91-20250612-4.jpg",1209,806,false],"medium":["https:\/\/pornuestrolaredo.com\/wp-content\/uploads\/2025\/06\/Stereo91-20250612-4-300x200.jpg",300,200,true],"thumbnail":["https:\/\/pornuestrolaredo.com\/wp-content\/uploads\/2025\/06\/Stereo91-20250612-4-150x150.jpg",150,150,true]},"magazine_blocks_author":{"display_name":"Redactor","author_link":"https:\/\/pornuestrolaredo.com\/?author=1"},"magazine_blocks_comment":0,"magazine_blocks_author_image":"https:\/\/pornuestrolaredo.com\/wp-content\/litespeed\/avatar\/dca1d7ec750c399f025f23b0b314f4cf.jpg?ver=1777612120","magazine_blocks_category":"<a href=\"#\" class=\"category-link category-link-33\">Mexico<\/a>","jetpack_publicize_connections":[],"featured_image_urls":{"full":["https:\/\/pornuestrolaredo.com\/wp-content\/uploads\/2025\/06\/Stereo91-20250612-4.jpg",1209,806,false],"thumbnail":["https:\/\/pornuestrolaredo.com\/wp-content\/uploads\/2025\/06\/Stereo91-20250612-4-150x150.jpg",150,150,true],"medium":["https:\/\/pornuestrolaredo.com\/wp-content\/uploads\/2025\/06\/Stereo91-20250612-4-300x200.jpg",300,200,true],"medium_large":["https:\/\/pornuestrolaredo.com\/wp-content\/uploads\/2025\/06\/Stereo91-20250612-4-768x512.jpg",640,427,true],"large":["https:\/\/pornuestrolaredo.com\/wp-content\/uploads\/2025\/06\/Stereo91-20250612-4-1000x667.jpg",640,427,true],"1536x1536":["https:\/\/pornuestrolaredo.com\/wp-content\/uploads\/2025\/06\/Stereo91-20250612-4.jpg",1209,806,false],"2048x2048":["https:\/\/pornuestrolaredo.com\/wp-content\/uploads\/2025\/06\/Stereo91-20250612-4.jpg",1209,806,false],"morenews-large":["https:\/\/pornuestrolaredo.com\/wp-content\/uploads\/2025\/06\/Stereo91-20250612-4.jpg",825,550,false],"morenews-medium":["https:\/\/pornuestrolaredo.com\/wp-content\/uploads\/2025\/06\/Stereo91-20250612-4.jpg",590,393,false]},"author_info":{"info":["Redactor"]},"category_info":"<a href=\"https:\/\/pornuestrolaredo.com\/?cat=33\" rel=\"category\">Mexico<\/a>","tag_info":"Mexico","comment_count":"0","jetpack_featured_media_url":"https:\/\/pornuestrolaredo.com\/wp-content\/uploads\/2025\/06\/Stereo91-20250612-4.jpg","jetpack_sharing_enabled":true,"_links":{"self":[{"href":"https:\/\/pornuestrolaredo.com\/index.php?rest_route=\/wp\/v2\/posts\/6865","targetHints":{"allow":["GET"]}}],"collection":[{"href":"https:\/\/pornuestrolaredo.com\/index.php?rest_route=\/wp\/v2\/posts"}],"about":[{"href":"https:\/\/pornuestrolaredo.com\/index.php?rest_route=\/wp\/v2\/types\/post"}],"author":[{"embeddable":true,"href":"https:\/\/pornuestrolaredo.com\/index.php?rest_route=\/wp\/v2\/users\/1"}],"replies":[{"embeddable":true,"href":"https:\/\/pornuestrolaredo.com\/index.php?rest_route=%2Fwp%2Fv2%2Fcomments&post=6865"}],"version-history":[{"count":1,"href":"https:\/\/pornuestrolaredo.com\/index.php?rest_route=\/wp\/v2\/posts\/6865\/revisions"}],"predecessor-version":[{"id":6867,"href":"https:\/\/pornuestrolaredo.com\/index.php?rest_route=\/wp\/v2\/posts\/6865\/revisions\/6867"}],"wp:featuredmedia":[{"embeddable":true,"href":"https:\/\/pornuestrolaredo.com\/index.php?rest_route=\/wp\/v2\/media\/6866"}],"wp:attachment":[{"href":"https:\/\/pornuestrolaredo.com\/index.php?rest_route=%2Fwp%2Fv2%2Fmedia&parent=6865"}],"wp:term":[{"taxonomy":"category","embeddable":true,"href":"https:\/\/pornuestrolaredo.com\/index.php?rest_route=%2Fwp%2Fv2%2Fcategories&post=6865"},{"taxonomy":"post_tag","embeddable":true,"href":"https:\/\/pornuestrolaredo.com\/index.php?rest_route=%2Fwp%2Fv2%2Ftags&post=6865"}],"curies":[{"name":"wp","href":"https:\/\/api.w.org\/{rel}","templated":true}]}}