{"id":6871,"date":"2025-06-14T12:16:54","date_gmt":"2025-06-14T17:16:54","guid":{"rendered":"https:\/\/pornuestrolaredo.com\/?p=6871"},"modified":"2025-06-14T12:16:54","modified_gmt":"2025-06-14T17:16:54","slug":"celebra-hoy-trump-dia-del-ejercito-alistan-protestas","status":"publish","type":"post","link":"https:\/\/pornuestrolaredo.com\/?p=6871","title":{"rendered":"Celebra hoy Trump D\u00eda del Ejercito; alistan protestas"},"content":{"rendered":"<p><strong><em>WASHINGTON.-<\/em><\/strong> En el mayor desfile militar desde 1991, miles de soldados, acompa\u00f1ados de decenas de helic\u00f3pteros y cientos de veh\u00edculos, entre ellos tanques, marchar\u00e1n hoy por el coraz\u00f3n de esta ciudad para celebrar el 250 aniversario del Ej\u00e9rcito de Estados Unidos, que coincide con el cumplea\u00f1os 79 del presidente Donald Trump.<\/p>\n<p>De forma paralela, convocados por el movimiento &#8220;No Kings&#8221; (&#8220;Sin Reyes&#8221;), hasta 2 mil protestas en ciudades de los 50 Estados tendr\u00e1n lugar hoy contra Trump y se prev\u00e9 que sean las m\u00e1s grandes desde que el republicano regres\u00f3 a la Casa Blanca en enero pasado.<\/p>\n<p>Aunque ocurren a la par que la ofensiva migratoria de Trump y su despliegue militar en Los \u00c1ngeles, las protestas fueron convocadas previamente.<\/p>\n<blockquote><p>Trump quiere tanques en las calles y una exhibici\u00f3n televisiva de dominio para su cumplea\u00f1os, un espect\u00e1culo que pretende aparentar fuerza&#8221;, publica el movimiento en su p\u00e1gina.<\/p><\/blockquote>\n<blockquote><p>Pero el verdadero poder no se exhibe en Washington. Se alza en todas partes&#8221;, a\u00f1ade. &#8220;Apareceremos en todos los lugares donde \u00e9l no est\u00e1 para decir que no hay tronos, ni coronas, ni reyes&#8221;.<\/p><\/blockquote>\n<p>El 8 de junio de 1991, en Washington se celebr\u00f3 el fin de la Guerra del Golfo con el mayor desfile militar en el pa\u00eds desde la Segunda Guerra Mundial.<\/p>\n","protected":false},"excerpt":{"rendered":"<p>Se espera el mayor desfile militar desde 1991, pero tambi\u00e9n hasta 2 mil manifestaciones a lo largo y ancho de Estados Unidos<\/p>\n","protected":false},"author":1,"featured_media":6872,"comment_status":"closed","ping_status":"closed","sticky":false,"template":"","format":"standard","meta":{"_crdt_document":"","_jetpack_memberships_contains_paid_content":false,"footnotes":"","jetpack_publicize_message":"","jetpack_publicize_feature_enabled":true,"jetpack_social_post_already_shared":true,"jetpack_social_options":{"image_generator_settings":{"template":"highway","default_image_id":0,"font":"","enabled":false},"version":2},"_wpas_customize_per_network":false},"categories":[9],"tags":[],"class_list":["post-6871","post","type-post","status-publish","format-standard","has-post-thumbnail","hentry","category-el-mundo"],"magazineBlocksPostFeaturedMedia":{"thumbnail":"https:\/\/pornuestrolaredo.com\/wp-content\/uploads\/2025\/06\/Stereo91-20250614-1-150x150.jpg","medium":"https:\/\/pornuestrolaredo.com\/wp-content\/uploads\/2025\/06\/Stereo91-20250614-1-300x200.jpg","medium_large":"https:\/\/pornuestrolaredo.com\/wp-content\/uploads\/2025\/06\/Stereo91-20250614-1-768x512.jpg","large":"https:\/\/pornuestrolaredo.com\/wp-content\/uploads\/2025\/06\/Stereo91-20250614-1-1000x667.jpg","1536x1536":"https:\/\/pornuestrolaredo.com\/wp-content\/uploads\/2025\/06\/Stereo91-20250614-1.jpg","2048x2048":"https:\/\/pornuestrolaredo.com\/wp-content\/uploads\/2025\/06\/Stereo91-20250614-1.jpg","morenews-large":"https:\/\/pornuestrolaredo.com\/wp-content\/uploads\/2025\/06\/Stereo91-20250614-1.jpg","morenews-medium":"https:\/\/pornuestrolaredo.com\/wp-content\/uploads\/2025\/06\/Stereo91-20250614-1.jpg"},"magazineBlocksPostAuthor":{"name":"Redactor","avatar":"https:\/\/pornuestrolaredo.com\/wp-content\/litespeed\/avatar\/dca1d7ec750c399f025f23b0b314f4cf.jpg?ver=1777612120"},"magazineBlocksPostCommentsNumber":false,"magazineBlocksPostExcerpt":"Se espera el mayor desfile militar desde 1991, pero tambi\u00e9n hasta 2 mil manifestaciones a lo largo y ancho de Estados Unidos","magazineBlocksPostCategories":["El Mundo"],"magazineBlocksPostViewCount":106,"magazineBlocksPostReadTime":2,"magazine_blocks_featured_image_url":{"full":["https:\/\/pornuestrolaredo.com\/wp-content\/uploads\/2025\/06\/Stereo91-20250614-1.jpg",1209,806,false],"medium":["https:\/\/pornuestrolaredo.com\/wp-content\/uploads\/2025\/06\/Stereo91-20250614-1-300x200.jpg",300,200,true],"thumbnail":["https:\/\/pornuestrolaredo.com\/wp-content\/uploads\/2025\/06\/Stereo91-20250614-1-150x150.jpg",150,150,true]},"magazine_blocks_author":{"display_name":"Redactor","author_link":"https:\/\/pornuestrolaredo.com\/?author=1"},"magazine_blocks_comment":0,"magazine_blocks_author_image":"https:\/\/pornuestrolaredo.com\/wp-content\/litespeed\/avatar\/dca1d7ec750c399f025f23b0b314f4cf.jpg?ver=1777612120","magazine_blocks_category":"<a href=\"#\" class=\"category-link category-link-9\">El Mundo<\/a>","jetpack_publicize_connections":[],"featured_image_urls":{"full":["https:\/\/pornuestrolaredo.com\/wp-content\/uploads\/2025\/06\/Stereo91-20250614-1.jpg",1209,806,false],"thumbnail":["https:\/\/pornuestrolaredo.com\/wp-content\/uploads\/2025\/06\/Stereo91-20250614-1-150x150.jpg",150,150,true],"medium":["https:\/\/pornuestrolaredo.com\/wp-content\/uploads\/2025\/06\/Stereo91-20250614-1-300x200.jpg",300,200,true],"medium_large":["https:\/\/pornuestrolaredo.com\/wp-content\/uploads\/2025\/06\/Stereo91-20250614-1-768x512.jpg",640,427,true],"large":["https:\/\/pornuestrolaredo.com\/wp-content\/uploads\/2025\/06\/Stereo91-20250614-1-1000x667.jpg",640,427,true],"1536x1536":["https:\/\/pornuestrolaredo.com\/wp-content\/uploads\/2025\/06\/Stereo91-20250614-1.jpg",1209,806,false],"2048x2048":["https:\/\/pornuestrolaredo.com\/wp-content\/uploads\/2025\/06\/Stereo91-20250614-1.jpg",1209,806,false],"morenews-large":["https:\/\/pornuestrolaredo.com\/wp-content\/uploads\/2025\/06\/Stereo91-20250614-1.jpg",825,550,false],"morenews-medium":["https:\/\/pornuestrolaredo.com\/wp-content\/uploads\/2025\/06\/Stereo91-20250614-1.jpg",590,393,false]},"author_info":{"info":["Redactor"]},"category_info":"<a href=\"https:\/\/pornuestrolaredo.com\/?cat=9\" rel=\"category\">El Mundo<\/a>","tag_info":"El Mundo","comment_count":"0","jetpack_featured_media_url":"https:\/\/pornuestrolaredo.com\/wp-content\/uploads\/2025\/06\/Stereo91-20250614-1.jpg","jetpack_sharing_enabled":true,"_links":{"self":[{"href":"https:\/\/pornuestrolaredo.com\/index.php?rest_route=\/wp\/v2\/posts\/6871","targetHints":{"allow":["GET"]}}],"collection":[{"href":"https:\/\/pornuestrolaredo.com\/index.php?rest_route=\/wp\/v2\/posts"}],"about":[{"href":"https:\/\/pornuestrolaredo.com\/index.php?rest_route=\/wp\/v2\/types\/post"}],"author":[{"embeddable":true,"href":"https:\/\/pornuestrolaredo.com\/index.php?rest_route=\/wp\/v2\/users\/1"}],"replies":[{"embeddable":true,"href":"https:\/\/pornuestrolaredo.com\/index.php?rest_route=%2Fwp%2Fv2%2Fcomments&post=6871"}],"version-history":[{"count":1,"href":"https:\/\/pornuestrolaredo.com\/index.php?rest_route=\/wp\/v2\/posts\/6871\/revisions"}],"predecessor-version":[{"id":6873,"href":"https:\/\/pornuestrolaredo.com\/index.php?rest_route=\/wp\/v2\/posts\/6871\/revisions\/6873"}],"wp:featuredmedia":[{"embeddable":true,"href":"https:\/\/pornuestrolaredo.com\/index.php?rest_route=\/wp\/v2\/media\/6872"}],"wp:attachment":[{"href":"https:\/\/pornuestrolaredo.com\/index.php?rest_route=%2Fwp%2Fv2%2Fmedia&parent=6871"}],"wp:term":[{"taxonomy":"category","embeddable":true,"href":"https:\/\/pornuestrolaredo.com\/index.php?rest_route=%2Fwp%2Fv2%2Fcategories&post=6871"},{"taxonomy":"post_tag","embeddable":true,"href":"https:\/\/pornuestrolaredo.com\/index.php?rest_route=%2Fwp%2Fv2%2Ftags&post=6871"}],"curies":[{"name":"wp","href":"https:\/\/api.w.org\/{rel}","templated":true}]}}