{"id":6874,"date":"2025-06-14T14:01:42","date_gmt":"2025-06-14T19:01:42","guid":{"rendered":"https:\/\/pornuestrolaredo.com\/?p=6874"},"modified":"2025-06-14T14:01:42","modified_gmt":"2025-06-14T19:01:42","slug":"manana-la-gran-fiesta-por-el-aniversario-de-nuevo-laredo","status":"publish","type":"post","link":"https:\/\/pornuestrolaredo.com\/?p=6874","title":{"rendered":"Ma\u00f1ana, la gran fiesta por el Aniversario de Nuevo Laredo"},"content":{"rendered":"<p>NUEVO LAREDO.- Con entusiasmo y orgullo, la presidenta municipal Carmen Lilia Canturosas Villarreal invit\u00f3 a toda la ciudadan\u00eda a ser parte del NLD Fest, el gran concierto gratuito que se llevar\u00e1 a cabo este domingo 15 de junio como parte de los festejos por el 177 aniversario de la fundaci\u00f3n de Nuevo Laredo.<\/p>\n<p>La alcaldesa destac\u00f3 que esta fiesta ha sido pensada para todas y todos los neolaredenses, con un programa musical que incluye agrupaciones de distintos g\u00e9neros para que todas las generaciones puedan disfrutar.<\/p>\n<blockquote><p>El NLD Fest es una fiesta para todos. Hemos preparado este gran evento con mucho cari\u00f1o y con la firme intenci\u00f3n de que cada familia, cada joven, cada adulto, cada ni\u00f1a y ni\u00f1o, encuentren algo que los emocione y los haga sentirse orgullosos de su ciudad. Nos representa nuestra gente, y esta celebraci\u00f3n es para ellas y ellos\u201d, expres\u00f3.<\/p><\/blockquote>\n<p>El concierto reunir\u00e1 a grandes artistas como Alex Lora y El TRI, Edwin Luna y La Trakalosa de Monterrey, El Gran Silencio y La Leyenda, quienes har\u00e1n vibrar el escenario con sus \u00e9xitos y energ\u00eda, marcando un momento inolvidable para la ciudad.<\/p>\n<p>Adem\u00e1s del espect\u00e1culo musical, se llevar\u00e1 a cabo la ya tradicional Campechaneada, donde se preparar\u00e1 una discada monumental para tres mil personas y se ahumar\u00e1n m\u00e1s de 400 kilos de pulled pork, en una jornada que tambi\u00e9n incluir\u00e1 gastronom\u00eda local, bebidas, concursos, m\u00fasica en vivo y muchas sorpresas m\u00e1s.<\/p>\n<blockquote><p>Ser\u00e1 una celebraci\u00f3n con sabor, m\u00fasica y alegr\u00eda. Queremos que todos vivan este aniversario como lo que es: una gran fiesta de orgullo neolaredense\u201d, se\u00f1al\u00f3 Canturosas Villarreal.<\/p><\/blockquote>\n<p>Previamente, durante la ma\u00f1ana del domingo, tambi\u00e9n se realizar\u00e1n actividades c\u00edvicas para conmemorar de manera solemne la fundaci\u00f3n de la ciudad. Estas incluir\u00e1n Honores a la Bandera, una guardia de honor en el Monumento a Fundadores, as\u00ed como una sesi\u00f3n solemne de Cabildo, actos que reafirman el respeto a la historia y a las ra\u00edces de Nuevo Laredo.<\/p>\n<p>La alcaldesa reiter\u00f3 su invitaci\u00f3n a todas las familias a sumarse a los festejos y ser parte de esta jornada hist\u00f3rica.<\/p>\n<p>Todo est\u00e1 listo para vivir una jornada memorable en la que la m\u00fasica, la cultura y el orgullo local se conjugar\u00e1n para rendir homenaje a esta ciudad fronteriza que sigue escribiendo su historia con fuerza y coraz\u00f3n.<\/p>\n","protected":false},"excerpt":{"rendered":"<p>Habr\u00e1 concierto gratuito, comida, paseo, expositores y mucho ambiente familiar&#8230; \u00bfte lo vas a perder?<\/p>\n","protected":false},"author":1,"featured_media":6875,"comment_status":"closed","ping_status":"closed","sticky":false,"template":"","format":"standard","meta":{"_crdt_document":"","_jetpack_memberships_contains_paid_content":false,"footnotes":"","jetpack_publicize_message":"","jetpack_publicize_feature_enabled":true,"jetpack_social_post_already_shared":true,"jetpack_social_options":{"image_generator_settings":{"template":"highway","default_image_id":0,"font":"","enabled":false},"version":2},"_wpas_customize_per_network":false},"categories":[4],"tags":[],"class_list":["post-6874","post","type-post","status-publish","format-standard","has-post-thumbnail","hentry","category-los-dos-laredos"],"magazineBlocksPostFeaturedMedia":{"thumbnail":"https:\/\/pornuestrolaredo.com\/wp-content\/uploads\/2025\/06\/Stereo91-20250614-3-150x150.jpg","medium":"https:\/\/pornuestrolaredo.com\/wp-content\/uploads\/2025\/06\/Stereo91-20250614-3-300x200.jpg","medium_large":"https:\/\/pornuestrolaredo.com\/wp-content\/uploads\/2025\/06\/Stereo91-20250614-3-768x511.jpg","large":"https:\/\/pornuestrolaredo.com\/wp-content\/uploads\/2025\/06\/Stereo91-20250614-3.jpg","1536x1536":"https:\/\/pornuestrolaredo.com\/wp-content\/uploads\/2025\/06\/Stereo91-20250614-3.jpg","2048x2048":"https:\/\/pornuestrolaredo.com\/wp-content\/uploads\/2025\/06\/Stereo91-20250614-3.jpg","morenews-large":"https:\/\/pornuestrolaredo.com\/wp-content\/uploads\/2025\/06\/Stereo91-20250614-3.jpg","morenews-medium":"https:\/\/pornuestrolaredo.com\/wp-content\/uploads\/2025\/06\/Stereo91-20250614-3.jpg"},"magazineBlocksPostAuthor":{"name":"Redactor","avatar":"https:\/\/pornuestrolaredo.com\/wp-content\/litespeed\/avatar\/dca1d7ec750c399f025f23b0b314f4cf.jpg?ver=1777612120"},"magazineBlocksPostCommentsNumber":false,"magazineBlocksPostExcerpt":"Habr\u00e1 concierto gratuito, comida, paseo, expositores y mucho ambiente familiar... \u00bfte lo vas a perder?","magazineBlocksPostCategories":["Los dos Laredos"],"magazineBlocksPostViewCount":113,"magazineBlocksPostReadTime":3,"magazine_blocks_featured_image_url":{"full":["https:\/\/pornuestrolaredo.com\/wp-content\/uploads\/2025\/06\/Stereo91-20250614-3.jpg",964,642,false],"medium":["https:\/\/pornuestrolaredo.com\/wp-content\/uploads\/2025\/06\/Stereo91-20250614-3-300x200.jpg",300,200,true],"thumbnail":["https:\/\/pornuestrolaredo.com\/wp-content\/uploads\/2025\/06\/Stereo91-20250614-3-150x150.jpg",150,150,true]},"magazine_blocks_author":{"display_name":"Redactor","author_link":"https:\/\/pornuestrolaredo.com\/?author=1"},"magazine_blocks_comment":0,"magazine_blocks_author_image":"https:\/\/pornuestrolaredo.com\/wp-content\/litespeed\/avatar\/dca1d7ec750c399f025f23b0b314f4cf.jpg?ver=1777612120","magazine_blocks_category":"<a href=\"#\" class=\"category-link category-link-4\">Los dos Laredos<\/a>","jetpack_publicize_connections":[],"featured_image_urls":{"full":["https:\/\/pornuestrolaredo.com\/wp-content\/uploads\/2025\/06\/Stereo91-20250614-3.jpg",964,642,false],"thumbnail":["https:\/\/pornuestrolaredo.com\/wp-content\/uploads\/2025\/06\/Stereo91-20250614-3-150x150.jpg",150,150,true],"medium":["https:\/\/pornuestrolaredo.com\/wp-content\/uploads\/2025\/06\/Stereo91-20250614-3-300x200.jpg",300,200,true],"medium_large":["https:\/\/pornuestrolaredo.com\/wp-content\/uploads\/2025\/06\/Stereo91-20250614-3-768x511.jpg",640,426,true],"large":["https:\/\/pornuestrolaredo.com\/wp-content\/uploads\/2025\/06\/Stereo91-20250614-3.jpg",640,426,false],"1536x1536":["https:\/\/pornuestrolaredo.com\/wp-content\/uploads\/2025\/06\/Stereo91-20250614-3.jpg",964,642,false],"2048x2048":["https:\/\/pornuestrolaredo.com\/wp-content\/uploads\/2025\/06\/Stereo91-20250614-3.jpg",964,642,false],"morenews-large":["https:\/\/pornuestrolaredo.com\/wp-content\/uploads\/2025\/06\/Stereo91-20250614-3.jpg",825,549,false],"morenews-medium":["https:\/\/pornuestrolaredo.com\/wp-content\/uploads\/2025\/06\/Stereo91-20250614-3.jpg",590,393,false]},"author_info":{"info":["Redactor"]},"category_info":"<a href=\"https:\/\/pornuestrolaredo.com\/?cat=4\" rel=\"category\">Los dos Laredos<\/a>","tag_info":"Los dos Laredos","comment_count":"0","jetpack_featured_media_url":"https:\/\/pornuestrolaredo.com\/wp-content\/uploads\/2025\/06\/Stereo91-20250614-3.jpg","jetpack_sharing_enabled":true,"_links":{"self":[{"href":"https:\/\/pornuestrolaredo.com\/index.php?rest_route=\/wp\/v2\/posts\/6874","targetHints":{"allow":["GET"]}}],"collection":[{"href":"https:\/\/pornuestrolaredo.com\/index.php?rest_route=\/wp\/v2\/posts"}],"about":[{"href":"https:\/\/pornuestrolaredo.com\/index.php?rest_route=\/wp\/v2\/types\/post"}],"author":[{"embeddable":true,"href":"https:\/\/pornuestrolaredo.com\/index.php?rest_route=\/wp\/v2\/users\/1"}],"replies":[{"embeddable":true,"href":"https:\/\/pornuestrolaredo.com\/index.php?rest_route=%2Fwp%2Fv2%2Fcomments&post=6874"}],"version-history":[{"count":1,"href":"https:\/\/pornuestrolaredo.com\/index.php?rest_route=\/wp\/v2\/posts\/6874\/revisions"}],"predecessor-version":[{"id":6876,"href":"https:\/\/pornuestrolaredo.com\/index.php?rest_route=\/wp\/v2\/posts\/6874\/revisions\/6876"}],"wp:featuredmedia":[{"embeddable":true,"href":"https:\/\/pornuestrolaredo.com\/index.php?rest_route=\/wp\/v2\/media\/6875"}],"wp:attachment":[{"href":"https:\/\/pornuestrolaredo.com\/index.php?rest_route=%2Fwp%2Fv2%2Fmedia&parent=6874"}],"wp:term":[{"taxonomy":"category","embeddable":true,"href":"https:\/\/pornuestrolaredo.com\/index.php?rest_route=%2Fwp%2Fv2%2Fcategories&post=6874"},{"taxonomy":"post_tag","embeddable":true,"href":"https:\/\/pornuestrolaredo.com\/index.php?rest_route=%2Fwp%2Fv2%2Ftags&post=6874"}],"curies":[{"name":"wp","href":"https:\/\/api.w.org\/{rel}","templated":true}]}}