{"id":6877,"date":"2025-06-14T14:47:16","date_gmt":"2025-06-14T19:47:16","guid":{"rendered":"https:\/\/pornuestrolaredo.com\/?p=6877"},"modified":"2025-06-14T14:47:16","modified_gmt":"2025-06-14T19:47:16","slug":"poder-nuclear-la-causa-de-la-guerra-israel-iran","status":"publish","type":"post","link":"https:\/\/pornuestrolaredo.com\/?p=6877","title":{"rendered":"Poder nuclear, la causa de la guerra Israel-Ir\u00e1n"},"content":{"rendered":"<p><strong><em>TEL AVIV.- <\/em><\/strong>El intempestivo ataque de Israel contra objetivos iran\u00edes la madrugada del viernes (noche del jueves, tiempo de M\u00e9xico) tuvo el prop\u00f3sito de frenar planes de Teher\u00e1n para producir armas nucleares, asegur\u00f3 el gobierno israel\u00ed.<\/p>\n<p>Seg\u00fan la administraci\u00f3n del premier israel\u00ed Benjamin Netanyahu, esa producci\u00f3n de armamento era &#8220;inminente&#8221;.<\/p>\n<p>Sin embargo, el hecho lo pudo haber precipitado el apoderamiento por parte de Ir\u00e1n de documentos secretos sobre estrategias de ocupaci\u00f3n de Israel y sobre sus instalaciones nucleares, seg\u00fan revel\u00f3 el 7 de junio el canal Al Mayadeen, con sede en Beirut.<\/p>\n<p>Los documentos fueron obtenidos hace tiempo, pero dado el volumen, fue necesario llevarlos en estricto sigilo a territorio iran\u00ed para despu\u00e9s dar a conocer su incautaci\u00f3n.<\/p>\n<p>El gobierno de Israel dijo ayer que &#8220;Ir\u00e1n est\u00e1 s\u00f3lo a instantes de un armamento nuclear. La amenaza inminente que esto significa deja a Israel sin otra opci\u00f3n m\u00e1s que eliminarla antes de que sea demasiado tarde&#8221;.<\/p>\n<p>La embajada israel\u00ed en M\u00e9xico asegur\u00f3 que Ir\u00e1n acumul\u00f3 grandes cantidades de uranio altamente enriquecido suficientes para fabricar m\u00e1s de nueve bombas nucleares.<\/p>\n<p>Israel atac\u00f3 el viernes directamente la instalaci\u00f3n nuclear de Natanz, donde Teher\u00e1n enriquec\u00eda uranio.<\/p>\n<p>El director del Organismo Internacional de Energ\u00eda At\u00f3mica de la ONU, Rafael Mariano Grossi, dijo que las centrifugadoras de Natanz podr\u00edan haber resultado da\u00f1adas, pero que las instalaciones subterr\u00e1neas, a 40 metros de profundidad, permanec\u00edan intactas.<\/p>\n<p>Sin embargo, la Fuerza A\u00e9rea Israel\u00ed declar\u00f3 que el ataque en Natanz impact\u00f3 una c\u00e1mara subterr\u00e1nea de varios pisos con centrifugadoras, salas el\u00e9ctricas y otras infraestructuras.<\/p>\n<p>El analista Thomas Friedman consider\u00f3 en The New York Times que &#8220;si Israel logra da\u00f1ar el proyecto nuclear iran\u00ed para forzar, al menos temporalmente, la suspensi\u00f3n de sus operaciones de enriquecimiento, sin duda representar\u00eda una importante victoria militar&#8221;.<\/p>\n<blockquote><p>Si Israel fracasa en este empe\u00f1o podr\u00eda desencadenarse una guerra de desgaste entre los dos ej\u00e9rcitos m\u00e1s poderosos de la regi\u00f3n&#8221;, agreg\u00f3.<\/p><\/blockquote>\n<p>El enfrentamiento entre Israel e Ir\u00e1n escal\u00f3 ayer con aviones de guerra israel\u00edes que lanzaron cientos de bombas sobre Ir\u00e1n y la respuesta de Teher\u00e1n con drones y misiles, algunos de los cuales eludieron el sistema de defensa israel\u00ed &#8220;Domo de Hierro&#8221;, que impactaron principalmente en Tel Aviv. El intercambio de fuego continuaba hasta anoche.<\/p>\n<p>OFENSIVA ISRAEL\u00cd<br \/>\n&#8211; La poblaci\u00f3n iran\u00ed no hab\u00eda experimentado un ataque semejante en casi 40 a\u00f1os como el iniciado la madrugada del viernes, y fue producto de a\u00f1os de intensa actividad de espionaje israel\u00ed.<\/p>\n<p>&#8211; La operaci\u00f3n &#8220;Le\u00f3n Naciente&#8221; incluy\u00f3 el despliegue de drones y otras armas contrabandeadas a Ir\u00e1n por agentes israel\u00edes infiltrados, seg\u00fan reportaron funcionarios de Tel Aviv.<\/p>\n<p>&#8211; Sus objetivos principales fueron la c\u00fapula militar y cient\u00edfica de Ir\u00e1n y una planta de enriquecimiento nuclear sobre la superficie cerca de la ciudad de Natanz. Los principales jefes militares castrenses y expertos nucleares fueron abatidos.<\/p>\n<p>&#8211; El saldo de los ataques era de 78 muertos -entre ellos mandos iran\u00edes- y 320 heridos.<\/p>\n<p>&#8211; Fuentes militares de Ir\u00e1n aseguraron que derribaron dos aviones israel\u00edes F-35 que atacaron en un segundo bombardeo.<\/p>\n<p>&#8211; Israel destruy\u00f3 la base a\u00e9rea de Tabriz.<\/p>\n<p>RESPUESTA IRAN\u00cd<br \/>\n&#8211; Teher\u00e1n contraatac\u00f3 con drones y m\u00e1s de 150 misiles bal\u00edsticos, algunos de ellos de alta precisi\u00f3n. Estados Unidos afirm\u00f3 haber apoyado a Israel en la defensa antimisiles.<\/p>\n<p>&#8211; Siete puntos de Tel Aviv y sus alrededores fueron alcanzados, seg\u00fan un oficial militar israel\u00ed, destruyendo edificios.<\/p>\n<p>&#8211; Columnas de humo se alzaron sobre la ciudad y algunos edificios quedaron reducidos a escombros, im\u00e1genes inusuales para un pa\u00eds que por d\u00e9cadas ha logrado frenar miles de proyectiles procedentes de pa\u00edses vecinos.<\/p>\n<p>&#8211; Las Fuerzas de Defensa de Israel dijeron que detectaron tambi\u00e9n un misil lanzado desde Yemen.<\/p>\n<p>&#8211; Los ataques iran\u00edes con misiles la madrugada del s\u00e1bado causaron da\u00f1os a viviendas en el centro de Israel, provocando dos muertos, dos heridos graves y 18 heridos leves.<\/p>\n","protected":false},"excerpt":{"rendered":"<p>Ambas naciones, las m\u00e1s fuertes militarmente de la regi\u00f3n, aseguran que una y otra tienen planes que las amenaza<\/p>\n","protected":false},"author":1,"featured_media":6878,"comment_status":"closed","ping_status":"closed","sticky":false,"template":"","format":"standard","meta":{"_crdt_document":"","_jetpack_memberships_contains_paid_content":false,"footnotes":"","jetpack_publicize_message":"","jetpack_publicize_feature_enabled":true,"jetpack_social_post_already_shared":true,"jetpack_social_options":{"image_generator_settings":{"template":"highway","default_image_id":0,"font":"","enabled":false},"version":2},"_wpas_customize_per_network":false},"categories":[9],"tags":[],"class_list":["post-6877","post","type-post","status-publish","format-standard","has-post-thumbnail","hentry","category-el-mundo"],"magazineBlocksPostFeaturedMedia":{"thumbnail":"https:\/\/pornuestrolaredo.com\/wp-content\/uploads\/2025\/06\/Stereo91-20250614-2-150x150.jpg","medium":"https:\/\/pornuestrolaredo.com\/wp-content\/uploads\/2025\/06\/Stereo91-20250614-2-300x200.jpg","medium_large":"https:\/\/pornuestrolaredo.com\/wp-content\/uploads\/2025\/06\/Stereo91-20250614-2-768x512.jpg","large":"https:\/\/pornuestrolaredo.com\/wp-content\/uploads\/2025\/06\/Stereo91-20250614-2-1000x667.jpg","1536x1536":"https:\/\/pornuestrolaredo.com\/wp-content\/uploads\/2025\/06\/Stereo91-20250614-2.jpg","2048x2048":"https:\/\/pornuestrolaredo.com\/wp-content\/uploads\/2025\/06\/Stereo91-20250614-2.jpg","morenews-large":"https:\/\/pornuestrolaredo.com\/wp-content\/uploads\/2025\/06\/Stereo91-20250614-2.jpg","morenews-medium":"https:\/\/pornuestrolaredo.com\/wp-content\/uploads\/2025\/06\/Stereo91-20250614-2.jpg"},"magazineBlocksPostAuthor":{"name":"Redactor","avatar":"https:\/\/pornuestrolaredo.com\/wp-content\/litespeed\/avatar\/dca1d7ec750c399f025f23b0b314f4cf.jpg?ver=1777612120"},"magazineBlocksPostCommentsNumber":false,"magazineBlocksPostExcerpt":"Ambas naciones, las m\u00e1s fuertes militarmente de la regi\u00f3n, aseguran que una y otra tienen planes que las amenaza","magazineBlocksPostCategories":["El Mundo"],"magazineBlocksPostViewCount":103,"magazineBlocksPostReadTime":4,"magazine_blocks_featured_image_url":{"full":["https:\/\/pornuestrolaredo.com\/wp-content\/uploads\/2025\/06\/Stereo91-20250614-2.jpg",1209,806,false],"medium":["https:\/\/pornuestrolaredo.com\/wp-content\/uploads\/2025\/06\/Stereo91-20250614-2-300x200.jpg",300,200,true],"thumbnail":["https:\/\/pornuestrolaredo.com\/wp-content\/uploads\/2025\/06\/Stereo91-20250614-2-150x150.jpg",150,150,true]},"magazine_blocks_author":{"display_name":"Redactor","author_link":"https:\/\/pornuestrolaredo.com\/?author=1"},"magazine_blocks_comment":0,"magazine_blocks_author_image":"https:\/\/pornuestrolaredo.com\/wp-content\/litespeed\/avatar\/dca1d7ec750c399f025f23b0b314f4cf.jpg?ver=1777612120","magazine_blocks_category":"<a href=\"#\" class=\"category-link category-link-9\">El Mundo<\/a>","jetpack_publicize_connections":[],"featured_image_urls":{"full":["https:\/\/pornuestrolaredo.com\/wp-content\/uploads\/2025\/06\/Stereo91-20250614-2.jpg",1209,806,false],"thumbnail":["https:\/\/pornuestrolaredo.com\/wp-content\/uploads\/2025\/06\/Stereo91-20250614-2-150x150.jpg",150,150,true],"medium":["https:\/\/pornuestrolaredo.com\/wp-content\/uploads\/2025\/06\/Stereo91-20250614-2-300x200.jpg",300,200,true],"medium_large":["https:\/\/pornuestrolaredo.com\/wp-content\/uploads\/2025\/06\/Stereo91-20250614-2-768x512.jpg",640,427,true],"large":["https:\/\/pornuestrolaredo.com\/wp-content\/uploads\/2025\/06\/Stereo91-20250614-2-1000x667.jpg",640,427,true],"1536x1536":["https:\/\/pornuestrolaredo.com\/wp-content\/uploads\/2025\/06\/Stereo91-20250614-2.jpg",1209,806,false],"2048x2048":["https:\/\/pornuestrolaredo.com\/wp-content\/uploads\/2025\/06\/Stereo91-20250614-2.jpg",1209,806,false],"morenews-large":["https:\/\/pornuestrolaredo.com\/wp-content\/uploads\/2025\/06\/Stereo91-20250614-2.jpg",825,550,false],"morenews-medium":["https:\/\/pornuestrolaredo.com\/wp-content\/uploads\/2025\/06\/Stereo91-20250614-2.jpg",590,393,false]},"author_info":{"info":["Redactor"]},"category_info":"<a href=\"https:\/\/pornuestrolaredo.com\/?cat=9\" rel=\"category\">El Mundo<\/a>","tag_info":"El Mundo","comment_count":"0","jetpack_featured_media_url":"https:\/\/pornuestrolaredo.com\/wp-content\/uploads\/2025\/06\/Stereo91-20250614-2.jpg","jetpack_sharing_enabled":true,"_links":{"self":[{"href":"https:\/\/pornuestrolaredo.com\/index.php?rest_route=\/wp\/v2\/posts\/6877","targetHints":{"allow":["GET"]}}],"collection":[{"href":"https:\/\/pornuestrolaredo.com\/index.php?rest_route=\/wp\/v2\/posts"}],"about":[{"href":"https:\/\/pornuestrolaredo.com\/index.php?rest_route=\/wp\/v2\/types\/post"}],"author":[{"embeddable":true,"href":"https:\/\/pornuestrolaredo.com\/index.php?rest_route=\/wp\/v2\/users\/1"}],"replies":[{"embeddable":true,"href":"https:\/\/pornuestrolaredo.com\/index.php?rest_route=%2Fwp%2Fv2%2Fcomments&post=6877"}],"version-history":[{"count":1,"href":"https:\/\/pornuestrolaredo.com\/index.php?rest_route=\/wp\/v2\/posts\/6877\/revisions"}],"predecessor-version":[{"id":6879,"href":"https:\/\/pornuestrolaredo.com\/index.php?rest_route=\/wp\/v2\/posts\/6877\/revisions\/6879"}],"wp:featuredmedia":[{"embeddable":true,"href":"https:\/\/pornuestrolaredo.com\/index.php?rest_route=\/wp\/v2\/media\/6878"}],"wp:attachment":[{"href":"https:\/\/pornuestrolaredo.com\/index.php?rest_route=%2Fwp%2Fv2%2Fmedia&parent=6877"}],"wp:term":[{"taxonomy":"category","embeddable":true,"href":"https:\/\/pornuestrolaredo.com\/index.php?rest_route=%2Fwp%2Fv2%2Fcategories&post=6877"},{"taxonomy":"post_tag","embeddable":true,"href":"https:\/\/pornuestrolaredo.com\/index.php?rest_route=%2Fwp%2Fv2%2Ftags&post=6877"}],"curies":[{"name":"wp","href":"https:\/\/api.w.org\/{rel}","templated":true}]}}