{"id":6889,"date":"2025-06-16T21:12:36","date_gmt":"2025-06-17T02:12:36","guid":{"rendered":"https:\/\/pornuestrolaredo.com\/?p=6889"},"modified":"2025-06-16T21:12:36","modified_gmt":"2025-06-17T02:12:36","slug":"se-forma-potencial-ciclon-que-podria-convertirse-en-huracan","status":"publish","type":"post","link":"https:\/\/pornuestrolaredo.com\/?p=6889","title":{"rendered":"Se forma potencial cicl\u00f3n, que podr\u00eda convertirse en hurac\u00e1n"},"content":{"rendered":"<p><strong>CIUDAD DE M\u00c9XICO.-<\/strong> A\u00fan no nace, pero ya siembra el terror en Oaxaca. Se trata de Cinco-E, un sistema de tormentas que se organiza y que por ahora es un potencial cicl\u00f3n frente a Punta Maldonado, en la costa de Guerrero.<\/p>\n<p>El Centro Nacional de Huracanes hab\u00eda dicho la ma\u00f1ana de este lunes que un disturbio clim\u00e1tico ten\u00eda 90 por ciento de probabilidades de convertirse en depresi\u00f3n y, quiz\u00e1, en la tormenta tropical Erick. Sin embargo, el sistema evolucion\u00f3 r\u00e1pidamente al potencial cicl\u00f3n tropical Cinco-E.<\/p>\n<p>Este sistema se ubica en una zona del Pac\u00edfico en el que las aguas est\u00e1n extremadamente calientes, incluso a mucha profundidad, por lo que su desarrollo a tormenta tropical y quiz\u00e1 en hurac\u00e1n no se descarta.<\/p>\n<p>A las 3:00 de la tarde, hora de Ciudad de M\u00e9xico, 4:00 en los dos Laredos, Cinco-E estaba a 580 kil\u00f3metros al sur-sureste de Boca de Pijijiapan, Chiapas, y a 980 al sureste de Punta Maldonado, Guerrero.<\/p>\n<p>El Servicio Meteorol\u00f3gico Nacional de M\u00e9xico detall\u00f3 que registra vientos m\u00e1ximos sostenidos de 55 kil\u00f3metros por hora, rachas de 75, desplazamiento hacia el oeste-noroeste a 13 kil\u00f3metros por hora y apunta a las costas de Oaxaca.<\/p>\n<p>Se espera, advirti\u00f3 el SMN, que, en el transcurso de la noche de hoy o las primeras horas de ma\u00f1ana, el sistema se intensifique a tormenta tropical.<\/p>\n<p>El Centro Nacional de Huracanes de Estados Unidos, por su parte, indic\u00f3 que se pronostica que el sistema se convierta en hurac\u00e1n el mi\u00e9rcoles.<\/p>\n<p>De acuerdo con el pron\u00f3stico de trayectoria, el cicl\u00f3n tocar\u00eda tierra el jueves, como hurac\u00e1n, en las costas de Oaxaca, a la altura de las Lagunas de Chacahua.<\/p>\n<p>El Servicio Meteorol\u00f3gico Nacional indic\u00f3 que bandas nubosas del sistema ocasionar\u00e1n en las pr\u00f3ximas lluvias intensas (de 75 a 150 mil\u00edmetros) en Oaxaca y Chiapas, as\u00ed como viento con rachas de 40 a 60 kil\u00f3metros por hora y oleaje de 1.5 a 2.5 metros de altura en costas de esos estados.<\/p>\n","protected":false},"excerpt":{"rendered":"<p>El Centro Nacional de Huracanes y el Servicio Meteorol\u00f3gico advierten que apunta hacia las costas de Oaxaca<\/p>\n","protected":false},"author":1,"featured_media":6890,"comment_status":"closed","ping_status":"closed","sticky":false,"template":"","format":"standard","meta":{"_crdt_document":"","_jetpack_memberships_contains_paid_content":false,"footnotes":"","jetpack_publicize_message":"","jetpack_publicize_feature_enabled":true,"jetpack_social_post_already_shared":true,"jetpack_social_options":{"image_generator_settings":{"template":"highway","default_image_id":0,"font":"","enabled":false},"version":2},"_wpas_customize_per_network":false},"categories":[33],"tags":[],"class_list":["post-6889","post","type-post","status-publish","format-standard","has-post-thumbnail","hentry","category-mexico"],"magazineBlocksPostFeaturedMedia":{"thumbnail":"https:\/\/pornuestrolaredo.com\/wp-content\/uploads\/2025\/06\/Stereo91-20250616-2-150x150.jpg","medium":"https:\/\/pornuestrolaredo.com\/wp-content\/uploads\/2025\/06\/Stereo91-20250616-2-300x194.jpg","medium_large":"https:\/\/pornuestrolaredo.com\/wp-content\/uploads\/2025\/06\/Stereo91-20250616-2-768x497.jpg","large":"https:\/\/pornuestrolaredo.com\/wp-content\/uploads\/2025\/06\/Stereo91-20250616-2.jpg","1536x1536":"https:\/\/pornuestrolaredo.com\/wp-content\/uploads\/2025\/06\/Stereo91-20250616-2.jpg","2048x2048":"https:\/\/pornuestrolaredo.com\/wp-content\/uploads\/2025\/06\/Stereo91-20250616-2.jpg","morenews-large":"https:\/\/pornuestrolaredo.com\/wp-content\/uploads\/2025\/06\/Stereo91-20250616-2.jpg","morenews-medium":"https:\/\/pornuestrolaredo.com\/wp-content\/uploads\/2025\/06\/Stereo91-20250616-2.jpg"},"magazineBlocksPostAuthor":{"name":"Redactor","avatar":"https:\/\/pornuestrolaredo.com\/wp-content\/litespeed\/avatar\/dca1d7ec750c399f025f23b0b314f4cf.jpg?ver=1777612120"},"magazineBlocksPostCommentsNumber":false,"magazineBlocksPostExcerpt":"El Centro Nacional de Huracanes y el Servicio Meteorol\u00f3gico advierten que apunta hacia las costas de Oaxaca","magazineBlocksPostCategories":["Mexico"],"magazineBlocksPostViewCount":111,"magazineBlocksPostReadTime":2,"magazine_blocks_featured_image_url":{"full":["https:\/\/pornuestrolaredo.com\/wp-content\/uploads\/2025\/06\/Stereo91-20250616-2.jpg",877,568,false],"medium":["https:\/\/pornuestrolaredo.com\/wp-content\/uploads\/2025\/06\/Stereo91-20250616-2-300x194.jpg",300,194,true],"thumbnail":["https:\/\/pornuestrolaredo.com\/wp-content\/uploads\/2025\/06\/Stereo91-20250616-2-150x150.jpg",150,150,true]},"magazine_blocks_author":{"display_name":"Redactor","author_link":"https:\/\/pornuestrolaredo.com\/?author=1"},"magazine_blocks_comment":0,"magazine_blocks_author_image":"https:\/\/pornuestrolaredo.com\/wp-content\/litespeed\/avatar\/dca1d7ec750c399f025f23b0b314f4cf.jpg?ver=1777612120","magazine_blocks_category":"<a href=\"#\" class=\"category-link category-link-33\">Mexico<\/a>","jetpack_publicize_connections":[],"featured_image_urls":{"full":["https:\/\/pornuestrolaredo.com\/wp-content\/uploads\/2025\/06\/Stereo91-20250616-2.jpg",877,568,false],"thumbnail":["https:\/\/pornuestrolaredo.com\/wp-content\/uploads\/2025\/06\/Stereo91-20250616-2-150x150.jpg",150,150,true],"medium":["https:\/\/pornuestrolaredo.com\/wp-content\/uploads\/2025\/06\/Stereo91-20250616-2-300x194.jpg",300,194,true],"medium_large":["https:\/\/pornuestrolaredo.com\/wp-content\/uploads\/2025\/06\/Stereo91-20250616-2-768x497.jpg",640,414,true],"large":["https:\/\/pornuestrolaredo.com\/wp-content\/uploads\/2025\/06\/Stereo91-20250616-2.jpg",640,415,false],"1536x1536":["https:\/\/pornuestrolaredo.com\/wp-content\/uploads\/2025\/06\/Stereo91-20250616-2.jpg",877,568,false],"2048x2048":["https:\/\/pornuestrolaredo.com\/wp-content\/uploads\/2025\/06\/Stereo91-20250616-2.jpg",877,568,false],"morenews-large":["https:\/\/pornuestrolaredo.com\/wp-content\/uploads\/2025\/06\/Stereo91-20250616-2.jpg",825,534,false],"morenews-medium":["https:\/\/pornuestrolaredo.com\/wp-content\/uploads\/2025\/06\/Stereo91-20250616-2.jpg",590,382,false]},"author_info":{"info":["Redactor"]},"category_info":"<a href=\"https:\/\/pornuestrolaredo.com\/?cat=33\" rel=\"category\">Mexico<\/a>","tag_info":"Mexico","comment_count":"0","jetpack_featured_media_url":"https:\/\/pornuestrolaredo.com\/wp-content\/uploads\/2025\/06\/Stereo91-20250616-2.jpg","jetpack_sharing_enabled":true,"_links":{"self":[{"href":"https:\/\/pornuestrolaredo.com\/index.php?rest_route=\/wp\/v2\/posts\/6889","targetHints":{"allow":["GET"]}}],"collection":[{"href":"https:\/\/pornuestrolaredo.com\/index.php?rest_route=\/wp\/v2\/posts"}],"about":[{"href":"https:\/\/pornuestrolaredo.com\/index.php?rest_route=\/wp\/v2\/types\/post"}],"author":[{"embeddable":true,"href":"https:\/\/pornuestrolaredo.com\/index.php?rest_route=\/wp\/v2\/users\/1"}],"replies":[{"embeddable":true,"href":"https:\/\/pornuestrolaredo.com\/index.php?rest_route=%2Fwp%2Fv2%2Fcomments&post=6889"}],"version-history":[{"count":1,"href":"https:\/\/pornuestrolaredo.com\/index.php?rest_route=\/wp\/v2\/posts\/6889\/revisions"}],"predecessor-version":[{"id":6891,"href":"https:\/\/pornuestrolaredo.com\/index.php?rest_route=\/wp\/v2\/posts\/6889\/revisions\/6891"}],"wp:featuredmedia":[{"embeddable":true,"href":"https:\/\/pornuestrolaredo.com\/index.php?rest_route=\/wp\/v2\/media\/6890"}],"wp:attachment":[{"href":"https:\/\/pornuestrolaredo.com\/index.php?rest_route=%2Fwp%2Fv2%2Fmedia&parent=6889"}],"wp:term":[{"taxonomy":"category","embeddable":true,"href":"https:\/\/pornuestrolaredo.com\/index.php?rest_route=%2Fwp%2Fv2%2Fcategories&post=6889"},{"taxonomy":"post_tag","embeddable":true,"href":"https:\/\/pornuestrolaredo.com\/index.php?rest_route=%2Fwp%2Fv2%2Ftags&post=6889"}],"curies":[{"name":"wp","href":"https:\/\/api.w.org\/{rel}","templated":true}]}}