{"id":6892,"date":"2025-06-16T22:02:58","date_gmt":"2025-06-17T03:02:58","guid":{"rendered":"https:\/\/pornuestrolaredo.com\/?p=6892"},"modified":"2025-06-16T22:02:58","modified_gmt":"2025-06-17T03:02:58","slug":"trump-abandona-el-g7-se-recrudece-guerra-israel-iran","status":"publish","type":"post","link":"https:\/\/pornuestrolaredo.com\/?p=6892","title":{"rendered":"Trump abandona el G7; se recrudece guerra Israel-Ir\u00e1n"},"content":{"rendered":"<p><strong><em>ALBERTA, Canad\u00e1.- <\/em><\/strong>El presidente de Estados Unidos, Donald Trump, abandonar\u00e1 por adelantado la Cumbre de L\u00edderes del G7 en el resort canadiense de Kananaskis la noche del lunes, ante los ataques que se viven entre Israel e Ir\u00e1n para regresar de inmediato a la capital estadounidense, inform\u00f3 la Casa Blanca.<\/p>\n<p>Dejar\u00e1 pendiente una agenda de encuentros, incluyendo una reuni\u00f3n bilateral con la presidenta de M\u00e9xico, Claudia Sheinbaum.<\/p>\n<p>La cancelaci\u00f3n de Trump al segundo d\u00eda de trabajos de la Cumbre de L\u00edderes del G7 este martes fue hecha p\u00fablica por la secretaria de prensa de la Casa Blanca, Karoline Leavitt, luego de que Trump publicara un mensaje una red social Truth Social advirtiendo de evacuar la capital iran\u00ed de Teher\u00e1n inmediatamente.<\/p>\n<blockquote><p>Ir\u00e1n deber\u00eda haber firmado el acuerdo que les ped\u00ed. \u00a1Qu\u00e9 verg\u00fcenza y qu\u00e9 desperdicio de vidas humanas! En pocas palabras: \u00a1IR\u00c1N NO PUEDE TENER UN ARMA NUCLEAR! \u00a1Lo he dicho una y otra vez! \u00a1Todos deber\u00edan evacuar Teher\u00e1n de inmediato!&#8221;, escribi\u00f3 el presidente en su red social Truth Social.<\/p><\/blockquote>\n<p>Tras la noticia del abandono temprano de Trump de la Cumbre del G7, la cadena Fox News report\u00f3 que Trump convoc\u00f3 a una reuni\u00f3n urgente del Consejo de Seguridad Nacional en el llamado cuarto de situaci\u00f3n de la Casa Blanca.<\/p>\n<p>La BBC cit\u00f3 al presidente de Francia, Emmanuel Macron, diciendo que la partida de Trump era algo positivo, considerando que se busca lograr un alto al fuego en Medio Oriente.<\/p>\n<p>Explosiones se observaron en Teher\u00e1n despu\u00e9s de que Trump advirtiera a los iran\u00edes que evacuaran. Adem\u00e1s, seg\u00fan el sitio web de noticias iran\u00ed Asriran, se activaron los sistemas de defensa a\u00e9rea en la instalaci\u00f3n nuclear iran\u00ed en la ciudad de Natanz.<\/p>\n<p>En Israel se activaron alarmas y se report\u00f3 en redes sociales una fuerte explosi\u00f3n. Una hora despu\u00e9s, Ir\u00e1n lanz\u00f3 otro ataque con misiles y se activaron las alarmas en el norte del pa\u00eds.<\/p>\n<p>En tanto, China pidi\u00f3 a sus ciudadanos en Israel dejar el pa\u00eds inmediatamente a trav\u00e9s de la frontera con Jordania.<\/p>\n","protected":false},"excerpt":{"rendered":"<p>\u2018Todos deber\u00edan evacuar Teher\u00e1n de inmediato\u2019,  escribi\u00f3 el presidente estadounidense en su red social<\/p>\n","protected":false},"author":1,"featured_media":6893,"comment_status":"closed","ping_status":"closed","sticky":false,"template":"","format":"standard","meta":{"_crdt_document":"","_jetpack_memberships_contains_paid_content":false,"footnotes":"","jetpack_publicize_message":"","jetpack_publicize_feature_enabled":true,"jetpack_social_post_already_shared":true,"jetpack_social_options":{"image_generator_settings":{"template":"highway","default_image_id":0,"font":"","enabled":false},"version":2},"_wpas_customize_per_network":false},"categories":[9],"tags":[],"class_list":["post-6892","post","type-post","status-publish","format-standard","has-post-thumbnail","hentry","category-el-mundo"],"magazineBlocksPostFeaturedMedia":{"thumbnail":"https:\/\/pornuestrolaredo.com\/wp-content\/uploads\/2025\/06\/Stereo91-20250616-3-150x150.jpg","medium":"https:\/\/pornuestrolaredo.com\/wp-content\/uploads\/2025\/06\/Stereo91-20250616-3-300x200.jpg","medium_large":"https:\/\/pornuestrolaredo.com\/wp-content\/uploads\/2025\/06\/Stereo91-20250616-3-768x512.jpg","large":"https:\/\/pornuestrolaredo.com\/wp-content\/uploads\/2025\/06\/Stereo91-20250616-3-1000x667.jpg","1536x1536":"https:\/\/pornuestrolaredo.com\/wp-content\/uploads\/2025\/06\/Stereo91-20250616-3.jpg","2048x2048":"https:\/\/pornuestrolaredo.com\/wp-content\/uploads\/2025\/06\/Stereo91-20250616-3.jpg","morenews-large":"https:\/\/pornuestrolaredo.com\/wp-content\/uploads\/2025\/06\/Stereo91-20250616-3.jpg","morenews-medium":"https:\/\/pornuestrolaredo.com\/wp-content\/uploads\/2025\/06\/Stereo91-20250616-3.jpg"},"magazineBlocksPostAuthor":{"name":"Redactor","avatar":"https:\/\/pornuestrolaredo.com\/wp-content\/litespeed\/avatar\/dca1d7ec750c399f025f23b0b314f4cf.jpg?ver=1777612120"},"magazineBlocksPostCommentsNumber":false,"magazineBlocksPostExcerpt":"\u2018Todos deber\u00edan evacuar Teher\u00e1n de inmediato\u2019,  escribi\u00f3 el presidente estadounidense en su red social","magazineBlocksPostCategories":["El Mundo"],"magazineBlocksPostViewCount":117,"magazineBlocksPostReadTime":2,"magazine_blocks_featured_image_url":{"full":["https:\/\/pornuestrolaredo.com\/wp-content\/uploads\/2025\/06\/Stereo91-20250616-3.jpg",1440,960,false],"medium":["https:\/\/pornuestrolaredo.com\/wp-content\/uploads\/2025\/06\/Stereo91-20250616-3-300x200.jpg",300,200,true],"thumbnail":["https:\/\/pornuestrolaredo.com\/wp-content\/uploads\/2025\/06\/Stereo91-20250616-3-150x150.jpg",150,150,true]},"magazine_blocks_author":{"display_name":"Redactor","author_link":"https:\/\/pornuestrolaredo.com\/?author=1"},"magazine_blocks_comment":0,"magazine_blocks_author_image":"https:\/\/pornuestrolaredo.com\/wp-content\/litespeed\/avatar\/dca1d7ec750c399f025f23b0b314f4cf.jpg?ver=1777612120","magazine_blocks_category":"<a href=\"#\" class=\"category-link category-link-9\">El Mundo<\/a>","jetpack_publicize_connections":[],"featured_image_urls":{"full":["https:\/\/pornuestrolaredo.com\/wp-content\/uploads\/2025\/06\/Stereo91-20250616-3.jpg",1440,960,false],"thumbnail":["https:\/\/pornuestrolaredo.com\/wp-content\/uploads\/2025\/06\/Stereo91-20250616-3-150x150.jpg",150,150,true],"medium":["https:\/\/pornuestrolaredo.com\/wp-content\/uploads\/2025\/06\/Stereo91-20250616-3-300x200.jpg",300,200,true],"medium_large":["https:\/\/pornuestrolaredo.com\/wp-content\/uploads\/2025\/06\/Stereo91-20250616-3-768x512.jpg",640,427,true],"large":["https:\/\/pornuestrolaredo.com\/wp-content\/uploads\/2025\/06\/Stereo91-20250616-3-1000x667.jpg",640,427,true],"1536x1536":["https:\/\/pornuestrolaredo.com\/wp-content\/uploads\/2025\/06\/Stereo91-20250616-3.jpg",1440,960,false],"2048x2048":["https:\/\/pornuestrolaredo.com\/wp-content\/uploads\/2025\/06\/Stereo91-20250616-3.jpg",1440,960,false],"morenews-large":["https:\/\/pornuestrolaredo.com\/wp-content\/uploads\/2025\/06\/Stereo91-20250616-3.jpg",825,550,false],"morenews-medium":["https:\/\/pornuestrolaredo.com\/wp-content\/uploads\/2025\/06\/Stereo91-20250616-3.jpg",590,393,false]},"author_info":{"info":["Redactor"]},"category_info":"<a href=\"https:\/\/pornuestrolaredo.com\/?cat=9\" rel=\"category\">El Mundo<\/a>","tag_info":"El Mundo","comment_count":"0","jetpack_featured_media_url":"https:\/\/pornuestrolaredo.com\/wp-content\/uploads\/2025\/06\/Stereo91-20250616-3.jpg","jetpack_sharing_enabled":true,"_links":{"self":[{"href":"https:\/\/pornuestrolaredo.com\/index.php?rest_route=\/wp\/v2\/posts\/6892","targetHints":{"allow":["GET"]}}],"collection":[{"href":"https:\/\/pornuestrolaredo.com\/index.php?rest_route=\/wp\/v2\/posts"}],"about":[{"href":"https:\/\/pornuestrolaredo.com\/index.php?rest_route=\/wp\/v2\/types\/post"}],"author":[{"embeddable":true,"href":"https:\/\/pornuestrolaredo.com\/index.php?rest_route=\/wp\/v2\/users\/1"}],"replies":[{"embeddable":true,"href":"https:\/\/pornuestrolaredo.com\/index.php?rest_route=%2Fwp%2Fv2%2Fcomments&post=6892"}],"version-history":[{"count":1,"href":"https:\/\/pornuestrolaredo.com\/index.php?rest_route=\/wp\/v2\/posts\/6892\/revisions"}],"predecessor-version":[{"id":6894,"href":"https:\/\/pornuestrolaredo.com\/index.php?rest_route=\/wp\/v2\/posts\/6892\/revisions\/6894"}],"wp:featuredmedia":[{"embeddable":true,"href":"https:\/\/pornuestrolaredo.com\/index.php?rest_route=\/wp\/v2\/media\/6893"}],"wp:attachment":[{"href":"https:\/\/pornuestrolaredo.com\/index.php?rest_route=%2Fwp%2Fv2%2Fmedia&parent=6892"}],"wp:term":[{"taxonomy":"category","embeddable":true,"href":"https:\/\/pornuestrolaredo.com\/index.php?rest_route=%2Fwp%2Fv2%2Fcategories&post=6892"},{"taxonomy":"post_tag","embeddable":true,"href":"https:\/\/pornuestrolaredo.com\/index.php?rest_route=%2Fwp%2Fv2%2Ftags&post=6892"}],"curies":[{"name":"wp","href":"https:\/\/api.w.org\/{rel}","templated":true}]}}