{"id":6907,"date":"2025-06-18T16:06:56","date_gmt":"2025-06-18T21:06:56","guid":{"rendered":"https:\/\/pornuestrolaredo.com\/?p=6907"},"modified":"2025-06-18T16:06:56","modified_gmt":"2025-06-18T21:06:56","slug":"presentan-plan-para-mejorar-el-transporte-publico-en-nld","status":"publish","type":"post","link":"https:\/\/pornuestrolaredo.com\/?p=6907","title":{"rendered":"Presentan plan para mejorar el transporte p\u00fablico en NLD"},"content":{"rendered":"<p>Implementar una ruta troncal y construir de cuatro Centros de Transferencia (CT) estrat\u00e9gicamente ubicados en la ciudad propone el Instituto Municipal de Planeaci\u00f3n y Desarrollo Urbano (IMPLADU) para modernizar y hacer m\u00e1s eficiente el servicio de Transporte Urbano en Nuevo Laredo.<\/p>\n<p>Jos\u00e9 Lauro Villarreal Morales, director del Impladu, se\u00f1al\u00f3 que el transporte urbano requiere una actualizaci\u00f3n para brindar un mejor servicio a la comunidad.<\/p>\n<p>\u201cLa propuesta contempla la construcci\u00f3n de cuatro Centros de Transferencia distribuidos estrat\u00e9gicamente en la mancha urbana. Estos estar\u00e1n cercanos a zonas clave como edificios gubernamentales, hospitales, escuelas y \u00e1reas comerciales, facilitando el acceso directo de los usuarios a servicios esenciales\u201d, indic\u00f3 el director. <\/p>\n<p>Cada centro atender\u00e1 rutas cortas y circulares que cubren un radio de 3 kil\u00f3metros a la redonda, eliminando los recorridos largos e ineficientes que predominan actualmente. De cada uno de estos puntos partir\u00e1n rutas alimentadoras que conectar\u00e1n a los usuarios con la Ruta Troncal Express, el eje central de la nueva movilidad urbana.<\/p>\n<p>Villarreal Morales se\u00f1al\u00f3 que se planea tambi\u00e9n la implementaci\u00f3n de una ruta troncal express conectar\u00e1 los cuatro Centros de Transferencia en ambos sentidos, mediante un sistema de transporte \u00e1gil y sin paradas continuas, haciendo s\u00f3lo una parada estrat\u00e9gica entre cada centro. <\/p>\n<p>El recorrido total se completar\u00e1 en aproximadamente 60 minutos, reduciendo significativamente los tiempos de traslado de norte a sur y de oriente a poniente.<\/p>\n<p>Para lograrlo, se contempla una flota de 12 unidades nuevas, con capacidad para 48 pasajeros cada una, dedicadas exclusivamente a la RTE. Las unidades contar\u00e1n con tecnolog\u00eda moderna, accesibilidad y confort para los usuarios.<\/p>\n<p>Cada Centro de Transferencia estar\u00e1 equipado con paradores de pasajeros c\u00f3modos y seguros, que incluir\u00e1n techumbre, bancas, iluminaci\u00f3n y sistemas de enfriamiento por aire h\u00famedo.<\/p>\n<p>La inversi\u00f3n proyectada para la implementaci\u00f3n total del sistema es de $45 millones de pesos, que cubrir\u00e1n la adquisici\u00f3n de las unidades de la RTE y la construcci\u00f3n de los cuatro CT.<\/p>\n<p>Las rutas alimentadoras ser\u00e1n concesionadas a particulares, mientras que la RTE estar\u00e1 operada directamente por el municipio, garantizando su eficiencia y sostenibilidad.<\/p>\n","protected":false},"excerpt":{"rendered":"<p>Se contempla una flota de 12 unidades nuevas, con capacidad para 48 pasajeros cada una<\/p>\n","protected":false},"author":1,"featured_media":6908,"comment_status":"closed","ping_status":"closed","sticky":false,"template":"","format":"standard","meta":{"_crdt_document":"","_jetpack_memberships_contains_paid_content":false,"footnotes":"","jetpack_publicize_message":"","jetpack_publicize_feature_enabled":true,"jetpack_social_post_already_shared":true,"jetpack_social_options":{"image_generator_settings":{"template":"highway","default_image_id":0,"font":"","enabled":false},"version":2},"_wpas_customize_per_network":false},"categories":[4],"tags":[],"class_list":["post-6907","post","type-post","status-publish","format-standard","has-post-thumbnail","hentry","category-los-dos-laredos"],"magazineBlocksPostFeaturedMedia":{"thumbnail":"https:\/\/pornuestrolaredo.com\/wp-content\/uploads\/2025\/06\/Stereo91-20250618-3-150x150.jpg","medium":"https:\/\/pornuestrolaredo.com\/wp-content\/uploads\/2025\/06\/Stereo91-20250618-3-300x200.jpg","medium_large":"https:\/\/pornuestrolaredo.com\/wp-content\/uploads\/2025\/06\/Stereo91-20250618-3-768x513.jpg","large":"https:\/\/pornuestrolaredo.com\/wp-content\/uploads\/2025\/06\/Stereo91-20250618-3.jpg","1536x1536":"https:\/\/pornuestrolaredo.com\/wp-content\/uploads\/2025\/06\/Stereo91-20250618-3.jpg","2048x2048":"https:\/\/pornuestrolaredo.com\/wp-content\/uploads\/2025\/06\/Stereo91-20250618-3.jpg","morenews-large":"https:\/\/pornuestrolaredo.com\/wp-content\/uploads\/2025\/06\/Stereo91-20250618-3.jpg","morenews-medium":"https:\/\/pornuestrolaredo.com\/wp-content\/uploads\/2025\/06\/Stereo91-20250618-3.jpg"},"magazineBlocksPostAuthor":{"name":"Redactor","avatar":"https:\/\/pornuestrolaredo.com\/wp-content\/litespeed\/avatar\/dca1d7ec750c399f025f23b0b314f4cf.jpg?ver=1777612120"},"magazineBlocksPostCommentsNumber":false,"magazineBlocksPostExcerpt":"Se contempla una flota de 12 unidades nuevas, con capacidad para 48 pasajeros cada una","magazineBlocksPostCategories":["Los dos Laredos"],"magazineBlocksPostViewCount":121,"magazineBlocksPostReadTime":2,"magazine_blocks_featured_image_url":{"full":["https:\/\/pornuestrolaredo.com\/wp-content\/uploads\/2025\/06\/Stereo91-20250618-3.jpg",964,644,false],"medium":["https:\/\/pornuestrolaredo.com\/wp-content\/uploads\/2025\/06\/Stereo91-20250618-3-300x200.jpg",300,200,true],"thumbnail":["https:\/\/pornuestrolaredo.com\/wp-content\/uploads\/2025\/06\/Stereo91-20250618-3-150x150.jpg",150,150,true]},"magazine_blocks_author":{"display_name":"Redactor","author_link":"https:\/\/pornuestrolaredo.com\/?author=1"},"magazine_blocks_comment":0,"magazine_blocks_author_image":"https:\/\/pornuestrolaredo.com\/wp-content\/litespeed\/avatar\/dca1d7ec750c399f025f23b0b314f4cf.jpg?ver=1777612120","magazine_blocks_category":"<a href=\"#\" class=\"category-link category-link-4\">Los dos Laredos<\/a>","jetpack_publicize_connections":[],"featured_image_urls":{"full":["https:\/\/pornuestrolaredo.com\/wp-content\/uploads\/2025\/06\/Stereo91-20250618-3.jpg",964,644,false],"thumbnail":["https:\/\/pornuestrolaredo.com\/wp-content\/uploads\/2025\/06\/Stereo91-20250618-3-150x150.jpg",150,150,true],"medium":["https:\/\/pornuestrolaredo.com\/wp-content\/uploads\/2025\/06\/Stereo91-20250618-3-300x200.jpg",300,200,true],"medium_large":["https:\/\/pornuestrolaredo.com\/wp-content\/uploads\/2025\/06\/Stereo91-20250618-3-768x513.jpg",640,428,true],"large":["https:\/\/pornuestrolaredo.com\/wp-content\/uploads\/2025\/06\/Stereo91-20250618-3.jpg",640,428,false],"1536x1536":["https:\/\/pornuestrolaredo.com\/wp-content\/uploads\/2025\/06\/Stereo91-20250618-3.jpg",964,644,false],"2048x2048":["https:\/\/pornuestrolaredo.com\/wp-content\/uploads\/2025\/06\/Stereo91-20250618-3.jpg",964,644,false],"morenews-large":["https:\/\/pornuestrolaredo.com\/wp-content\/uploads\/2025\/06\/Stereo91-20250618-3.jpg",825,551,false],"morenews-medium":["https:\/\/pornuestrolaredo.com\/wp-content\/uploads\/2025\/06\/Stereo91-20250618-3.jpg",590,394,false]},"author_info":{"info":["Redactor"]},"category_info":"<a href=\"https:\/\/pornuestrolaredo.com\/?cat=4\" rel=\"category\">Los dos Laredos<\/a>","tag_info":"Los dos Laredos","comment_count":"0","jetpack_featured_media_url":"https:\/\/pornuestrolaredo.com\/wp-content\/uploads\/2025\/06\/Stereo91-20250618-3.jpg","jetpack_sharing_enabled":true,"_links":{"self":[{"href":"https:\/\/pornuestrolaredo.com\/index.php?rest_route=\/wp\/v2\/posts\/6907","targetHints":{"allow":["GET"]}}],"collection":[{"href":"https:\/\/pornuestrolaredo.com\/index.php?rest_route=\/wp\/v2\/posts"}],"about":[{"href":"https:\/\/pornuestrolaredo.com\/index.php?rest_route=\/wp\/v2\/types\/post"}],"author":[{"embeddable":true,"href":"https:\/\/pornuestrolaredo.com\/index.php?rest_route=\/wp\/v2\/users\/1"}],"replies":[{"embeddable":true,"href":"https:\/\/pornuestrolaredo.com\/index.php?rest_route=%2Fwp%2Fv2%2Fcomments&post=6907"}],"version-history":[{"count":1,"href":"https:\/\/pornuestrolaredo.com\/index.php?rest_route=\/wp\/v2\/posts\/6907\/revisions"}],"predecessor-version":[{"id":6909,"href":"https:\/\/pornuestrolaredo.com\/index.php?rest_route=\/wp\/v2\/posts\/6907\/revisions\/6909"}],"wp:featuredmedia":[{"embeddable":true,"href":"https:\/\/pornuestrolaredo.com\/index.php?rest_route=\/wp\/v2\/media\/6908"}],"wp:attachment":[{"href":"https:\/\/pornuestrolaredo.com\/index.php?rest_route=%2Fwp%2Fv2%2Fmedia&parent=6907"}],"wp:term":[{"taxonomy":"category","embeddable":true,"href":"https:\/\/pornuestrolaredo.com\/index.php?rest_route=%2Fwp%2Fv2%2Fcategories&post=6907"},{"taxonomy":"post_tag","embeddable":true,"href":"https:\/\/pornuestrolaredo.com\/index.php?rest_route=%2Fwp%2Fv2%2Ftags&post=6907"}],"curies":[{"name":"wp","href":"https:\/\/api.w.org\/{rel}","templated":true}]}}