{"id":6928,"date":"2025-06-19T22:27:53","date_gmt":"2025-06-20T03:27:53","guid":{"rendered":"https:\/\/pornuestrolaredo.com\/?p=6928"},"modified":"2025-06-19T22:27:53","modified_gmt":"2025-06-20T03:27:53","slug":"vuelven-con-fuerza-las-redadas-del-ice","status":"publish","type":"post","link":"https:\/\/pornuestrolaredo.com\/?p=6928","title":{"rendered":"Vuelven con fuerza las redadas del ICE"},"content":{"rendered":"<p><strong><em>WASHINGTON.-<\/em><\/strong> Agricultores, ganaderos y gerentes de hoteles y restaurantes respiraron aliviados la semana pasada cuando el presidente Donald Trump orden\u00f3 una pausa en las redadas migratorias que afectaban a esas industrias y ahuyentaban a los trabajadores nacidos en el extranjero.<\/p>\n<blockquote><p>Por fin hubo una sensaci\u00f3n de calma\u201d, dijo Rebecca Shi, directora general de la American Business Immigration Coalition (Coalici\u00f3n Estadounidense de Inmigraci\u00f3n Empresarial).<\/p><\/blockquote>\n<p>Ese respiro no dur\u00f3 mucho.<\/p>\n<p>El mi\u00e9rcoles, Tricia McLaughlin, subsecretaria del Departamento de Seguridad Nacional (DHS, por sus siglas en ingl\u00e9s), declar\u00f3: \u201cNo habr\u00e1 espacios seguros para las industrias que albergan a delincuentes violentos o intentan socavar deliberadamente las medidas (de control migratorio). El control en los lugares de trabajo sigue siendo una piedra angular de nuestros esfuerzos para salvaguardar la seguridad p\u00fablica, la seguridad nacional y la estabilidad econ\u00f3mica\u201d.<\/p>\n<p>Este cambio de postura desconcert\u00f3 a las empresas, que intentaban comprender la verdadera pol\u00edtica del gobierno, y Shi manifiesta que ahora \u201chay miedo y preocupaci\u00f3n de nuevo\u201d.<\/p>\n<blockquote><p>No puedes dirigir un negocio cuando los empleados se encuentran en este nivel de estr\u00e9s y trauma\u201d, agreg\u00f3.<\/p><\/blockquote>\n<p>Trump hizo campa\u00f1a con la promesa de deportar a millones de inmigrantes que trabajan sin permiso en Estados Unidos \u2014un tema que ha enardecido a su base republicana desde hace tiempo. La represi\u00f3n se intensific\u00f3 hace unas semanas cuando Stephen Miller, subjefe de despacho de la Casa Blanca, exigi\u00f3 al Servicio de Inmigraci\u00f3n y Control de Aduanas de Estados Unidos (ICE, por sus siglas en ingl\u00e9s) una cuota de 3.000 arrestos diarios, en comparaci\u00f3n con los 650 al d\u00eda de los primeros cinco meses del segundo mandato de Trump.<\/p>\n<p>S\u00fabitamente, parec\u00eda que el ICE estaba en todas partes. \u201cVimos agentes del ICE en granjas, apuntando con fusiles de asalto a las vacas y llev\u00e1ndose a la mitad de la fuerza laboral\u201d, report\u00f3 Shi, cuya coalici\u00f3n representa a 1.700 empleadores y apoya el aumento de la inmigraci\u00f3n legal.<\/p>\n<p>Una redada del ICE dej\u00f3 a una lecher\u00eda de Nuevo M\u00e9xico con tan solo 20 trabajadores, en comparaci\u00f3n con los 55 que ten\u00eda.<\/p>\n<blockquote><p>No puedes apagar a las vacas\u201d, dijo Beverly Idsinga, directora ejecutiva de la Dairy Producers of New Mexico (Asociaci\u00f3n de Productores de L\u00e1cteos de Nuevo M\u00e9xico). \u201cNecesitan que las orde\u00f1en dos veces al d\u00eda y que las alimenten dos veces al d\u00eda\u201d.<\/p><\/blockquote>\n<p>Claudio Gonzalez, chef de Izakaya Gazen en el distrito Little Tokyo de Los \u00c1ngeles, coment\u00f3 que muchos de sus trabajadores hispanos \u2014ya sea que est\u00e9n legalmente en el pa\u00eds o no\u2014 han llamado para faltar al trabajo recientemente por temor a convertirse en objetivos del ICE. Su restaurante est\u00e1 a pocas cuadras de varios edificios federales, incluido un centro de detenci\u00f3n del Servicio de Inmigraci\u00f3n y Control de Aduanas de Estados Unidos.<\/p>\n<blockquote><p>A veces tienen mucho miedo de trabajar su turno\u201d, dijo Gonzalez. \u201cComo que sienten que se basan en el color de la piel\u201d.<\/p><\/blockquote>\n<p>En algunos lugares, el problema no es el ICE, sino los rumores sobre el ICE. Durante la \u00e9poca de cosecha de cerezas en el estado de Washington, muchos trabajadores nacidos en el extranjero se han mantenido alejados de los huertos tras recibir informes de redadas de inmigraci\u00f3n inminentes. Una operaci\u00f3n que normalmente emplea a 150 recolectores se ha reducido a 20, sin importar que no haya habido ninguna se\u00f1al del ICE en los huertos.<\/p>\n<blockquote><p>No hemos o\u00eddo hablar de ninguna redada real\u201d, dijo Jon Folden, gerente de huertos de la cooperativa agr\u00edcola Blue Bird en el valle del r\u00edo Wenatchee, Washington. \u201cHemos escuchado muchos rumores\u201d.<\/p><\/blockquote>\n<p>Jennie Murray, directora general del grupo de defensa National Immigration Forum (Foro Nacional de Inmigraci\u00f3n), dijo que algunos padres inmigrantes temen que sus lugares de trabajo sean allanados y que el ICE los detenga cuando sus hijos est\u00e1n en la escuela. Agreg\u00f3 que se preguntan: \u201c\u00bfMe presento (a trabajar) y luego mi hijo de segundo grado se baja del autob\u00fas escolar y no tiene padres que lo cr\u00eden? Tal vez no deber\u00eda ir a trabajar\u201d.<\/p>\n","protected":false},"excerpt":{"rendered":"<p>Hay miedo y preocupaci\u00f3n de due\u00f1os y trabajadores de negocios y el personal es cada vez m\u00e1s escaso<\/p>\n","protected":false},"author":1,"featured_media":6929,"comment_status":"closed","ping_status":"closed","sticky":false,"template":"","format":"standard","meta":{"_crdt_document":"","_jetpack_memberships_contains_paid_content":false,"footnotes":"","jetpack_publicize_message":"","jetpack_publicize_feature_enabled":true,"jetpack_social_post_already_shared":true,"jetpack_social_options":{"image_generator_settings":{"template":"highway","default_image_id":0,"font":"","enabled":false},"version":2},"_wpas_customize_per_network":false},"categories":[9],"tags":[],"class_list":["post-6928","post","type-post","status-publish","format-standard","has-post-thumbnail","hentry","category-el-mundo"],"magazineBlocksPostFeaturedMedia":{"thumbnail":"https:\/\/pornuestrolaredo.com\/wp-content\/uploads\/2025\/06\/Stereo91-20250619-5-150x150.jpg","medium":"https:\/\/pornuestrolaredo.com\/wp-content\/uploads\/2025\/06\/Stereo91-20250619-5-300x200.jpg","medium_large":"https:\/\/pornuestrolaredo.com\/wp-content\/uploads\/2025\/06\/Stereo91-20250619-5-768x512.jpg","large":"https:\/\/pornuestrolaredo.com\/wp-content\/uploads\/2025\/06\/Stereo91-20250619-5-1000x667.jpg","1536x1536":"https:\/\/pornuestrolaredo.com\/wp-content\/uploads\/2025\/06\/Stereo91-20250619-5.jpg","2048x2048":"https:\/\/pornuestrolaredo.com\/wp-content\/uploads\/2025\/06\/Stereo91-20250619-5.jpg","morenews-large":"https:\/\/pornuestrolaredo.com\/wp-content\/uploads\/2025\/06\/Stereo91-20250619-5.jpg","morenews-medium":"https:\/\/pornuestrolaredo.com\/wp-content\/uploads\/2025\/06\/Stereo91-20250619-5.jpg"},"magazineBlocksPostAuthor":{"name":"Redactor","avatar":"https:\/\/pornuestrolaredo.com\/wp-content\/litespeed\/avatar\/dca1d7ec750c399f025f23b0b314f4cf.jpg?ver=1777612120"},"magazineBlocksPostCommentsNumber":false,"magazineBlocksPostExcerpt":"Hay miedo y preocupaci\u00f3n de due\u00f1os y trabajadores de negocios y el personal es cada vez m\u00e1s escaso","magazineBlocksPostCategories":["El Mundo"],"magazineBlocksPostViewCount":109,"magazineBlocksPostReadTime":4,"magazine_blocks_featured_image_url":{"full":["https:\/\/pornuestrolaredo.com\/wp-content\/uploads\/2025\/06\/Stereo91-20250619-5.jpg",1209,806,false],"medium":["https:\/\/pornuestrolaredo.com\/wp-content\/uploads\/2025\/06\/Stereo91-20250619-5-300x200.jpg",300,200,true],"thumbnail":["https:\/\/pornuestrolaredo.com\/wp-content\/uploads\/2025\/06\/Stereo91-20250619-5-150x150.jpg",150,150,true]},"magazine_blocks_author":{"display_name":"Redactor","author_link":"https:\/\/pornuestrolaredo.com\/?author=1"},"magazine_blocks_comment":0,"magazine_blocks_author_image":"https:\/\/pornuestrolaredo.com\/wp-content\/litespeed\/avatar\/dca1d7ec750c399f025f23b0b314f4cf.jpg?ver=1777612120","magazine_blocks_category":"<a href=\"#\" class=\"category-link category-link-9\">El Mundo<\/a>","jetpack_publicize_connections":[],"featured_image_urls":{"full":["https:\/\/pornuestrolaredo.com\/wp-content\/uploads\/2025\/06\/Stereo91-20250619-5.jpg",1209,806,false],"thumbnail":["https:\/\/pornuestrolaredo.com\/wp-content\/uploads\/2025\/06\/Stereo91-20250619-5-150x150.jpg",150,150,true],"medium":["https:\/\/pornuestrolaredo.com\/wp-content\/uploads\/2025\/06\/Stereo91-20250619-5-300x200.jpg",300,200,true],"medium_large":["https:\/\/pornuestrolaredo.com\/wp-content\/uploads\/2025\/06\/Stereo91-20250619-5-768x512.jpg",640,427,true],"large":["https:\/\/pornuestrolaredo.com\/wp-content\/uploads\/2025\/06\/Stereo91-20250619-5-1000x667.jpg",640,427,true],"1536x1536":["https:\/\/pornuestrolaredo.com\/wp-content\/uploads\/2025\/06\/Stereo91-20250619-5.jpg",1209,806,false],"2048x2048":["https:\/\/pornuestrolaredo.com\/wp-content\/uploads\/2025\/06\/Stereo91-20250619-5.jpg",1209,806,false],"morenews-large":["https:\/\/pornuestrolaredo.com\/wp-content\/uploads\/2025\/06\/Stereo91-20250619-5.jpg",825,550,false],"morenews-medium":["https:\/\/pornuestrolaredo.com\/wp-content\/uploads\/2025\/06\/Stereo91-20250619-5.jpg",590,393,false]},"author_info":{"info":["Redactor"]},"category_info":"<a href=\"https:\/\/pornuestrolaredo.com\/?cat=9\" rel=\"category\">El Mundo<\/a>","tag_info":"El Mundo","comment_count":"0","jetpack_featured_media_url":"https:\/\/pornuestrolaredo.com\/wp-content\/uploads\/2025\/06\/Stereo91-20250619-5.jpg","jetpack_sharing_enabled":true,"_links":{"self":[{"href":"https:\/\/pornuestrolaredo.com\/index.php?rest_route=\/wp\/v2\/posts\/6928","targetHints":{"allow":["GET"]}}],"collection":[{"href":"https:\/\/pornuestrolaredo.com\/index.php?rest_route=\/wp\/v2\/posts"}],"about":[{"href":"https:\/\/pornuestrolaredo.com\/index.php?rest_route=\/wp\/v2\/types\/post"}],"author":[{"embeddable":true,"href":"https:\/\/pornuestrolaredo.com\/index.php?rest_route=\/wp\/v2\/users\/1"}],"replies":[{"embeddable":true,"href":"https:\/\/pornuestrolaredo.com\/index.php?rest_route=%2Fwp%2Fv2%2Fcomments&post=6928"}],"version-history":[{"count":1,"href":"https:\/\/pornuestrolaredo.com\/index.php?rest_route=\/wp\/v2\/posts\/6928\/revisions"}],"predecessor-version":[{"id":6930,"href":"https:\/\/pornuestrolaredo.com\/index.php?rest_route=\/wp\/v2\/posts\/6928\/revisions\/6930"}],"wp:featuredmedia":[{"embeddable":true,"href":"https:\/\/pornuestrolaredo.com\/index.php?rest_route=\/wp\/v2\/media\/6929"}],"wp:attachment":[{"href":"https:\/\/pornuestrolaredo.com\/index.php?rest_route=%2Fwp%2Fv2%2Fmedia&parent=6928"}],"wp:term":[{"taxonomy":"category","embeddable":true,"href":"https:\/\/pornuestrolaredo.com\/index.php?rest_route=%2Fwp%2Fv2%2Fcategories&post=6928"},{"taxonomy":"post_tag","embeddable":true,"href":"https:\/\/pornuestrolaredo.com\/index.php?rest_route=%2Fwp%2Fv2%2Ftags&post=6928"}],"curies":[{"name":"wp","href":"https:\/\/api.w.org\/{rel}","templated":true}]}}