{"id":6931,"date":"2025-06-20T12:55:02","date_gmt":"2025-06-20T17:55:02","guid":{"rendered":"https:\/\/pornuestrolaredo.com\/?p=6931"},"modified":"2025-06-20T12:55:02","modified_gmt":"2025-06-20T17:55:02","slug":"arranca-hoy-por-la-noche-el-verano","status":"publish","type":"post","link":"https:\/\/pornuestrolaredo.com\/?p=6931","title":{"rendered":"Arranca hoy por la noche el verano"},"content":{"rendered":"<p>NUEVO LAREDO.- Esta noche, a las 9:42, hora de los dos Laredos, se registrar\u00e1 el Solsticio, fen\u00f3meno astron\u00f3mico que marca el inicio del verano, la estaci\u00f3n m\u00e1s caliente del a\u00f1o.<br \/>\nDe acuerdo con Julieta Fierro Gossman, investigadora del Instituto de Astronom\u00eda de la UNAM, solsticio significa \u201csol quieto\u201d debido a que se trata del d\u00eda m\u00e1s largo del a\u00f1o.<br \/>\nEste viernes, el d\u00eda durar\u00e1 13 horas con 52 minutos y la luz visible, es decir desde que comenz\u00f3 a clarear hasta casi amanecer, ser\u00e1 un periodo de 14 horas con 45 minutos.<br \/>\nEl inicio del verano est\u00e1 marcado en el calendario el 21 de junio, sin embargo, el Solsticio se registrar\u00e1 desde este noche, cuando el Sol apunte sus rayos directamente sobre el ecuador.<br \/>\nEste a\u00f1o, el arranque del verano ser\u00e1 menos intenso, al menos en los siguientes 9 d\u00edas, cuando el term\u00f3metro no rebasar\u00e1 los 40 grados cent\u00edgrados, una temperatura \u201cmuy normal\u201d para quienes vivimos en los dos Laredos.<br \/>\nEl Servicio Meteorol\u00f3gico Nacional de Estados Unidos (NWS, por sus siglas en ingl\u00e9s) prev\u00e9 que desde este s\u00e1bado y el domingo 29 de junio, el term\u00f3metro se ubique entre los 35 y los 38 grados cent\u00edgrados, con m\u00ednimas entre los 24 y 26 grados.<\/p>\n<p>AS\u00cd ARRANCA EL VERANO<br \/>\nEn los dos Laredos, la temperatura m\u00ednima se da por la ma\u00f1ana.<\/p>\n<p>S\u00e1bado 21<br \/>\nM\u00ednima 25C\/77F\tM\u00e1xima 35C\/95F<br \/>\nCielo parcialmente nublado, con 19% de probabilidades de lluvia.<\/p>\n<p>Domingo 22<br \/>\nM\u00ednima 25C\/77F\tM\u00e1xima 36C\/96F<br \/>\nCielo parcialmente nublado, con 15% de probabilidades de lluvia.<\/p>\n<p>Lunes 23<br \/>\nM\u00ednima 25C\/77F\tM\u00e1xima 37C\/98F<br \/>\nCielo parcialmente nublado, con 14% de probabilidades de lluvia.<\/p>\n<p>Martes 24<br \/>\nM\u00ednima 24C\/76F\tM\u00e1xima 36C\/97F<br \/>\nCielo parcialmente nublado, con 20% de probabilidades de lluvia.<\/p>\n<p>Mi\u00e9rcoles 25<br \/>\nM\u00ednima 24C\/76F\tM\u00e1xima 36C\/97F<br \/>\nCielo parcialmente nublado, con 21% de probabilidades de lluvia.<\/p>\n<p>Jueves 26<br \/>\nM\u00ednima 24C\/76F\tM\u00e1xima 37C\/98F<br \/>\nCielo parcialmente nublado, con 11% de probabilidades de lluvia.<\/p>\n","protected":false},"excerpt":{"rendered":"<p>El Solsticio, el fen\u00f3meno astron\u00f3mico que marca el inicio de la estaci\u00f3n m\u00e1s caliente del a\u00f1o se registrar\u00e1 a las 21:42 horas<\/p>\n","protected":false},"author":1,"featured_media":6932,"comment_status":"closed","ping_status":"closed","sticky":false,"template":"","format":"standard","meta":{"_crdt_document":"","_jetpack_memberships_contains_paid_content":false,"footnotes":"","jetpack_publicize_message":"","jetpack_publicize_feature_enabled":true,"jetpack_social_post_already_shared":true,"jetpack_social_options":{"image_generator_settings":{"template":"highway","default_image_id":0,"font":"","enabled":false},"version":2},"_wpas_customize_per_network":false},"categories":[4],"tags":[],"class_list":["post-6931","post","type-post","status-publish","format-standard","has-post-thumbnail","hentry","category-los-dos-laredos"],"magazineBlocksPostFeaturedMedia":{"thumbnail":"https:\/\/pornuestrolaredo.com\/wp-content\/uploads\/2025\/06\/Stereo91-20250620-1-150x150.jpg","medium":"https:\/\/pornuestrolaredo.com\/wp-content\/uploads\/2025\/06\/Stereo91-20250620-1-298x300.jpg","medium_large":"https:\/\/pornuestrolaredo.com\/wp-content\/uploads\/2025\/06\/Stereo91-20250620-1-768x774.jpg","large":"https:\/\/pornuestrolaredo.com\/wp-content\/uploads\/2025\/06\/Stereo91-20250620-1-992x1000.jpg","1536x1536":"https:\/\/pornuestrolaredo.com\/wp-content\/uploads\/2025\/06\/Stereo91-20250620-1-1524x1536.jpg","2048x2048":"https:\/\/pornuestrolaredo.com\/wp-content\/uploads\/2025\/06\/Stereo91-20250620-1-2032x2048.jpg","morenews-large":"https:\/\/pornuestrolaredo.com\/wp-content\/uploads\/2025\/06\/Stereo91-20250620-1-scaled.jpg","morenews-medium":"https:\/\/pornuestrolaredo.com\/wp-content\/uploads\/2025\/06\/Stereo91-20250620-1-scaled.jpg"},"magazineBlocksPostAuthor":{"name":"Redactor","avatar":"https:\/\/pornuestrolaredo.com\/wp-content\/litespeed\/avatar\/dca1d7ec750c399f025f23b0b314f4cf.jpg?ver=1777612120"},"magazineBlocksPostCommentsNumber":false,"magazineBlocksPostExcerpt":"El Solsticio, el fen\u00f3meno astron\u00f3mico que marca el inicio de la estaci\u00f3n m\u00e1s caliente del a\u00f1o se registrar\u00e1 a las 21:42 horas","magazineBlocksPostCategories":["Los dos Laredos"],"magazineBlocksPostViewCount":103,"magazineBlocksPostReadTime":2,"magazine_blocks_featured_image_url":{"full":["https:\/\/pornuestrolaredo.com\/wp-content\/uploads\/2025\/06\/Stereo91-20250620-1-scaled.jpg",2540,2560,false],"medium":["https:\/\/pornuestrolaredo.com\/wp-content\/uploads\/2025\/06\/Stereo91-20250620-1-298x300.jpg",298,300,true],"thumbnail":["https:\/\/pornuestrolaredo.com\/wp-content\/uploads\/2025\/06\/Stereo91-20250620-1-150x150.jpg",150,150,true]},"magazine_blocks_author":{"display_name":"Redactor","author_link":"https:\/\/pornuestrolaredo.com\/?author=1"},"magazine_blocks_comment":0,"magazine_blocks_author_image":"https:\/\/pornuestrolaredo.com\/wp-content\/litespeed\/avatar\/dca1d7ec750c399f025f23b0b314f4cf.jpg?ver=1777612120","magazine_blocks_category":"<a href=\"#\" class=\"category-link category-link-4\">Los dos Laredos<\/a>","jetpack_publicize_connections":[],"featured_image_urls":{"full":["https:\/\/pornuestrolaredo.com\/wp-content\/uploads\/2025\/06\/Stereo91-20250620-1-scaled.jpg",2540,2560,false],"thumbnail":["https:\/\/pornuestrolaredo.com\/wp-content\/uploads\/2025\/06\/Stereo91-20250620-1-150x150.jpg",150,150,true],"medium":["https:\/\/pornuestrolaredo.com\/wp-content\/uploads\/2025\/06\/Stereo91-20250620-1-298x300.jpg",298,300,true],"medium_large":["https:\/\/pornuestrolaredo.com\/wp-content\/uploads\/2025\/06\/Stereo91-20250620-1-768x774.jpg",640,645,true],"large":["https:\/\/pornuestrolaredo.com\/wp-content\/uploads\/2025\/06\/Stereo91-20250620-1-992x1000.jpg",640,645,true],"1536x1536":["https:\/\/pornuestrolaredo.com\/wp-content\/uploads\/2025\/06\/Stereo91-20250620-1-1524x1536.jpg",1524,1536,true],"2048x2048":["https:\/\/pornuestrolaredo.com\/wp-content\/uploads\/2025\/06\/Stereo91-20250620-1-2032x2048.jpg",2032,2048,true],"morenews-large":["https:\/\/pornuestrolaredo.com\/wp-content\/uploads\/2025\/06\/Stereo91-20250620-1-scaled.jpg",571,575,false],"morenews-medium":["https:\/\/pornuestrolaredo.com\/wp-content\/uploads\/2025\/06\/Stereo91-20250620-1-scaled.jpg",407,410,false]},"author_info":{"info":["Redactor"]},"category_info":"<a href=\"https:\/\/pornuestrolaredo.com\/?cat=4\" rel=\"category\">Los dos Laredos<\/a>","tag_info":"Los dos Laredos","comment_count":"0","jetpack_featured_media_url":"https:\/\/pornuestrolaredo.com\/wp-content\/uploads\/2025\/06\/Stereo91-20250620-1-scaled.jpg","jetpack_sharing_enabled":true,"_links":{"self":[{"href":"https:\/\/pornuestrolaredo.com\/index.php?rest_route=\/wp\/v2\/posts\/6931","targetHints":{"allow":["GET"]}}],"collection":[{"href":"https:\/\/pornuestrolaredo.com\/index.php?rest_route=\/wp\/v2\/posts"}],"about":[{"href":"https:\/\/pornuestrolaredo.com\/index.php?rest_route=\/wp\/v2\/types\/post"}],"author":[{"embeddable":true,"href":"https:\/\/pornuestrolaredo.com\/index.php?rest_route=\/wp\/v2\/users\/1"}],"replies":[{"embeddable":true,"href":"https:\/\/pornuestrolaredo.com\/index.php?rest_route=%2Fwp%2Fv2%2Fcomments&post=6931"}],"version-history":[{"count":1,"href":"https:\/\/pornuestrolaredo.com\/index.php?rest_route=\/wp\/v2\/posts\/6931\/revisions"}],"predecessor-version":[{"id":6933,"href":"https:\/\/pornuestrolaredo.com\/index.php?rest_route=\/wp\/v2\/posts\/6931\/revisions\/6933"}],"wp:featuredmedia":[{"embeddable":true,"href":"https:\/\/pornuestrolaredo.com\/index.php?rest_route=\/wp\/v2\/media\/6932"}],"wp:attachment":[{"href":"https:\/\/pornuestrolaredo.com\/index.php?rest_route=%2Fwp%2Fv2%2Fmedia&parent=6931"}],"wp:term":[{"taxonomy":"category","embeddable":true,"href":"https:\/\/pornuestrolaredo.com\/index.php?rest_route=%2Fwp%2Fv2%2Fcategories&post=6931"},{"taxonomy":"post_tag","embeddable":true,"href":"https:\/\/pornuestrolaredo.com\/index.php?rest_route=%2Fwp%2Fv2%2Ftags&post=6931"}],"curies":[{"name":"wp","href":"https:\/\/api.w.org\/{rel}","templated":true}]}}